{"id":365801,"date":"2025-09-04T13:49:21","date_gmt":"2025-09-04T13:49:21","guid":{"rendered":"https:\/\/www.europesays.com\/fr\/365801\/"},"modified":"2025-09-04T13:49:21","modified_gmt":"2025-09-04T13:49:21","slug":"burger-king-ouvre-un-restaurant-et-recrute-60-personnes","status":"publish","type":"post","link":"https:\/\/www.europesays.com\/fr\/365801\/","title":{"rendered":"Burger King ouvre un restaurant et recrute 60 personnes"},"content":{"rendered":"<p>            Par<br \/>\n        <strong><br \/>\n            <a href=\"https:\/\/actu.fr\/auteur\/redaction-jv\" title=\"Consulter tous les articles de R\u00e9daction Vitr\u00e9\" target=\"_blank\" rel=\"noopener\">R\u00e9daction Vitr\u00e9<\/a><br \/>\n        <\/strong><\/p>\n<p>        Publi\u00e9 le<\/p>\n<p>            4 sept. 2025 \u00e0 11h05        <\/p>\n<p>Un restaurant <b>Burger King<\/b> ouvre \u00e0 <a href=\"https:\/\/actu.fr\/bretagne\/chateaugiron_35069\/pres-de-rennes-burger-king-easy-cash-et-un-hotel-annonces-dans-cette-ville_61740485.html\" target=\"_blank\" rel=\"noopener\">Ch\u00e2teaugiron <\/a>(Ille-et-Vilaine), pr\u00e8s de Rennes, avant la fin de l\u2019ann\u00e9e<b> 2025<\/b>.<\/p>\n<p class=\" wall-content\">Dans le cadre de cette ouverture, l\u2019enseigne recrute <b>60 \u00e9quipiers polyvalents H\/F<\/b> sans CV gr\u00e2ce \u00e0 la M\u00e9thode de recrutement par simulation (MRS).<\/p>\n<p>Deux r\u00e9unions collectives<\/p>\n<p class=\" wall-content\">Pour en savoir plus (recrutement, formation, contrat\u2026), des r\u00e9unions d\u2019information collective sont organis\u00e9es au ch\u00e2teau de Ch\u00e2teaugiron.<\/p>\n<p class=\" wall-content\">Le lundi 8\u00a0septembre et le lundi 22\u00a0septembre \u00e0 10\u2009h, via le site Internet de <b>France Travail<\/b>.<\/p>\n<p class=\" wall-content\">Personnalisez votre actualit\u00e9 en ajoutant vos villes et m\u00e9dias en favori avec <a href=\"https:\/\/moncompte.actu.fr\" title=\"D\u00e9couvez Mon Actu\" rel=\"nofollow noopener\" data-trk=\"{&quot;cta&quot;:{&quot;action&quot;:&quot;https:\\\/\\\/moncompte.actu.fr&quot;,&quot;category&quot;:&quot;mon compte&quot;,&quot;from&quot;:&quot;article footer&quot;,&quot;name&quot;:&quot;Mon actu&quot;,&quot;type&quot;:&quot;cta&quot;}}\" target=\"_blank\">Mon Actu<\/a>.<\/p>\n","protected":false},"excerpt":{"rendered":"Par R\u00e9daction Vitr\u00e9 Publi\u00e9 le 4 sept. 2025 \u00e0 11h05 Un restaurant Burger King ouvre \u00e0 Ch\u00e2teaugiron (Ille-et-Vilaine),&hellip;\n","protected":false},"author":2,"featured_media":365802,"comment_status":"","ping_status":"","sticky":false,"template":"","format":"standard","meta":{"footnotes":""},"categories":[2821],"tags":[1111,11,829,1777,674,1011,27,12,584,25,1340,104],"class_list":{"0":"post-365801","1":"post","2":"type-post","3":"status-publish","4":"format-standard","5":"has-post-thumbnail","7":"category-rennes","8":"tag-actu","9":"tag-actualites","10":"tag-bretagne","11":"tag-eu","12":"tag-europe","13":"tag-fr","14":"tag-france","15":"tag-news","16":"tag-rennes","17":"tag-republique-francaise","18":"tag-restaurant","19":"tag-societe"},"share_on_mastodon":{"url":"https:\/\/pubeurope.com\/@fr\/115146349917818647","error":""},"_links":{"self":[{"href":"https:\/\/www.europesays.com\/fr\/wp-json\/wp\/v2\/posts\/365801","targetHints":{"allow":["GET"]}}],"collection":[{"href":"https:\/\/www.europesays.com\/fr\/wp-json\/wp\/v2\/posts"}],"about":[{"href":"https:\/\/www.europesays.com\/fr\/wp-json\/wp\/v2\/types\/post"}],"author":[{"embeddable":true,"href":"https:\/\/www.europesays.com\/fr\/wp-json\/wp\/v2\/users\/2"}],"replies":[{"embeddable":true,"href":"https:\/\/www.europesays.com\/fr\/wp-json\/wp\/v2\/comments?post=365801"}],"version-history":[{"count":0,"href":"https:\/\/www.europesays.com\/fr\/wp-json\/wp\/v2\/posts\/365801\/revisions"}],"wp:featuredmedia":[{"embeddable":true,"href":"https:\/\/www.europesays.com\/fr\/wp-json\/wp\/v2\/media\/365802"}],"wp:attachment":[{"href":"https:\/\/www.europesays.com\/fr\/wp-json\/wp\/v2\/media?parent=365801"}],"wp:term":[{"taxonomy":"category","embeddable":true,"href":"https:\/\/www.europesays.com\/fr\/wp-json\/wp\/v2\/categories?post=365801"},{"taxonomy":"post_tag","embeddable":true,"href":"https:\/\/www.europesays.com\/fr\/wp-json\/wp\/v2\/tags?post=365801"}],"curies":[{"name":"wp","href":"https:\/\/api.w.org\/{rel}","templated":true}]}}