{"id":365803,"date":"2025-09-04T13:50:12","date_gmt":"2025-09-04T13:50:12","guid":{"rendered":"https:\/\/www.europesays.com\/fr\/365803\/"},"modified":"2025-09-04T13:50:12","modified_gmt":"2025-09-04T13:50:12","slug":"un-grand-bal-populaire-organise-en-plein-centre-ville-ce-samedi","status":"publish","type":"post","link":"https:\/\/www.europesays.com\/fr\/365803\/","title":{"rendered":"un grand bal populaire organis\u00e9 en plein centre-ville ce samedi"},"content":{"rendered":"<p>            Par<br \/>\n        <strong><br \/>\n            <a href=\"https:\/\/actu.fr\/auteur\/emil-vautrin\" title=\"Consulter tous les articles de Emil Vautrin\" target=\"_blank\" rel=\"noopener\">Emil Vautrin<\/a><br \/>\n        <\/strong><\/p>\n<p>        Publi\u00e9 le<\/p>\n<p>            4 sept. 2025 \u00e0 15h01        <\/p>\n<p>Malgr\u00e9 la <a href=\"https:\/\/actu.fr\/meteo\/meteo-orages-l-alsace-en-vigilance-jaune-ce-jeudi-voici-ce-qui-est-attendu-selon-un-specialiste_63111885.html\" target=\"_blank\" rel=\"noopener\">vigilance jaune \u00ab\u00a0orages\u00a0\u00bb<\/a> mise en place en Alsace ce jeudi, la m\u00e9t\u00e9o s\u2019annonce plus douce ce week-end<a href=\"https:\/\/actu.fr\/meteo\/meteo-orages-l-alsace-en-vigilance-jaune-ce-jeudi-voici-ce-qui-est-attendu-selon-un-specialiste_63111885.html\" target=\"_blank\" rel=\"noopener\">.<\/a> L\u2019occasion d\u2019aller s\u2019a\u00e9rer et de profiter des \u00e9v\u00e9nements organis\u00e9s \u00e0 Strasbourg.\u00a0<\/p>\n<p class=\" wall-content\">Ce sera notamment le cas le <strong>samedi 6 septembre de 15h \u00e0 minuit<\/strong>. Un<strong> bal populaire<\/strong> organis\u00e9 par le <a href=\"https:\/\/actu.fr\/tag\/parti-communiste-pcf\" target=\"_blank\" rel=\"noopener\">PCF<\/a> du Bas-Rhin aura lieu place des Orphelins \u00e0 Strasbourg.\u00a0<\/p>\n<p class=\" wall-content\"><strong>D\u00e9bat, fanfare et DJ set<\/strong>\u2026 Voici le programme de la soir\u00e9e.<\/p>\n<p>Une mini fanfare et un atelier autour de la \u00ab\u00a0ville de demain\u00a0\u00bb<\/p>\n<p class=\" wall-content\">L\u2019\u00e9v\u00e8nement commencera \u00e0 15h avec la <strong>mini fanfare des Balcons<\/strong>, qui interpr\u00e9tera des chansons fran\u00e7aises et du monde.<\/p>\n<p class=\" wall-content\">Puis \u00e0 16h30, place \u00e0 <strong>l\u2019atelier participatif<\/strong> autour du th\u00e8me de \u00ab\u00a0la ville de demain\u00a0\u00bb, ax\u00e9 sur les <a href=\"https:\/\/actu.fr\/tag\/municipales-2026\" target=\"_blank\" rel=\"noopener\">\u00e9lections municipales de 2026<\/a>.<\/p>\n<p>Un grand d\u00e9bat politique en pr\u00e9sence de l\u2019adjointe \u00e0 la Maire de Strasbourg<\/p>\n<p class=\" wall-content\">\u00c0 18h, l\u2019\u00e9v\u00e8nement se poursuivra avec un <strong>d\u00e9bat<\/strong>, dans un contexte politique flou, \u00e0 l\u2019aube du <a href=\"https:\/\/actu.fr\/politique\/vote-de-confiance-pourquoi-ca-ne-sent-pas-bon-du-tout-pour-francois-bayrou-et-son-gouvernement_63076484.html\" target=\"_blank\" rel=\"noopener\">vote de confiance du 8 septembre<\/a> et de la grande <a href=\"https:\/\/actu.fr\/societe\/blocages-du-10-septembre-bloquons-tout-sncf-etudiants-la-carte-de-toutes-les-mobilisations-prevues_63104033.html\" target=\"_blank\" rel=\"noopener\">mobilisation populaire pr\u00e9vue mercredi 10 septembre<\/a>.<\/p>\n<p class=\" wall-content\">Enfin, la soir\u00e9e continuera<strong> jusqu\u2019\u00e0 minuit avec un DJ set<\/strong> anim\u00e9 par DJ Famous.\u00a0<\/p>\n<p class=\" wall-content\">Personnalisez votre actualit\u00e9 en ajoutant vos villes et m\u00e9dias en favori avec <a href=\"https:\/\/moncompte.actu.fr\" title=\"D\u00e9couvez Mon Actu\" rel=\"nofollow noopener\" data-trk=\"{&quot;cta&quot;:{&quot;action&quot;:&quot;https:\\\/\\\/moncompte.actu.fr&quot;,&quot;category&quot;:&quot;mon compte&quot;,&quot;from&quot;:&quot;article footer&quot;,&quot;name&quot;:&quot;Mon actu&quot;,&quot;type&quot;:&quot;cta&quot;}}\" target=\"_blank\">Mon Actu<\/a>.<\/p>\n","protected":false},"excerpt":{"rendered":"Par Emil Vautrin Publi\u00e9 le 4 sept. 2025 \u00e0 15h01 Malgr\u00e9 la vigilance jaune \u00ab\u00a0orages\u00a0\u00bb mise en place&hellip;\n","protected":false},"author":2,"featured_media":365804,"comment_status":"","ping_status":"","sticky":false,"template":"","format":"standard","meta":{"footnotes":""},"categories":[2820],"tags":[1111,11,1777,674,1011,27,775,1652,12,5989,25,640],"class_list":{"0":"post-365803","1":"post","2":"type-post","3":"status-publish","4":"format-standard","5":"has-post-thumbnail","7":"category-strasbourg","8":"tag-actu","9":"tag-actualites","10":"tag-eu","11":"tag-europe","12":"tag-fr","13":"tag-france","14":"tag-grand-est","15":"tag-loisirs-culture","16":"tag-news","17":"tag-parti-communiste-pcf","18":"tag-republique-francaise","19":"tag-strasbourg"},"share_on_mastodon":{"url":"https:\/\/pubeurope.com\/@fr\/115146353843196655","error":""},"_links":{"self":[{"href":"https:\/\/www.europesays.com\/fr\/wp-json\/wp\/v2\/posts\/365803","targetHints":{"allow":["GET"]}}],"collection":[{"href":"https:\/\/www.europesays.com\/fr\/wp-json\/wp\/v2\/posts"}],"about":[{"href":"https:\/\/www.europesays.com\/fr\/wp-json\/wp\/v2\/types\/post"}],"author":[{"embeddable":true,"href":"https:\/\/www.europesays.com\/fr\/wp-json\/wp\/v2\/users\/2"}],"replies":[{"embeddable":true,"href":"https:\/\/www.europesays.com\/fr\/wp-json\/wp\/v2\/comments?post=365803"}],"version-history":[{"count":0,"href":"https:\/\/www.europesays.com\/fr\/wp-json\/wp\/v2\/posts\/365803\/revisions"}],"wp:featuredmedia":[{"embeddable":true,"href":"https:\/\/www.europesays.com\/fr\/wp-json\/wp\/v2\/media\/365804"}],"wp:attachment":[{"href":"https:\/\/www.europesays.com\/fr\/wp-json\/wp\/v2\/media?parent=365803"}],"wp:term":[{"taxonomy":"category","embeddable":true,"href":"https:\/\/www.europesays.com\/fr\/wp-json\/wp\/v2\/categories?post=365803"},{"taxonomy":"post_tag","embeddable":true,"href":"https:\/\/www.europesays.com\/fr\/wp-json\/wp\/v2\/tags?post=365803"}],"curies":[{"name":"wp","href":"https:\/\/api.w.org\/{rel}","templated":true}]}}