{"id":365805,"date":"2025-09-04T13:51:10","date_gmt":"2025-09-04T13:51:10","guid":{"rendered":"https:\/\/www.europesays.com\/fr\/365805\/"},"modified":"2025-09-04T13:51:10","modified_gmt":"2025-09-04T13:51:10","slug":"la-station-depuration-de-strasbourg-la-wantzenau-une-architecture-industrielle-au-service-de-la-transition-ecologique-journees-du-patrimoine-2025-station-depuration-de-strasbourg-str","status":"publish","type":"post","link":"https:\/\/www.europesays.com\/fr\/365805\/","title":{"rendered":"La station d\u2019\u00e9puration de Strasbourg-La Wantzenau : une architecture industrielle au service de la transition \u00e9cologique &#8211; Journ\u00e9es du Patrimoine 2025 &#8211; Station d&rsquo;\u00e9puration de Strasbourg &#8211; Strasbourg, 67610"},"content":{"rendered":"<p>\u00c0 l\u2019occasion des Journ\u00e9es europ\u00e9ennes du patrimoine 2025, consacr\u00e9es au \u00ab patrimoine architectural \u00bb, d\u00e9couvrez la station d\u2019\u00e9puration de Strasbourg-La Wantzenau, un exemple embl\u00e9matique d\u2019architecture industrielle int\u00e9gr\u00e9e au paysage naturel.  <br \/>Implant\u00e9e en bordure du Rhin, cette station, mise en service en 1988, dessert pr\u00e8s d\u2019un million d\u2019habitants et est l\u2019une des plus grandes de France. Son architecture fonctionnelle et ordonn\u00e9e refl\u00e8te la rigueur des infrastructures publiques modernes, o\u00f9 chaque \u00e9l\u00e9ment, des bassins de traitement aux unit\u00e9s de valorisation \u00e9nerg\u00e9tique, est con\u00e7u pour optimiser les performances tout en respectant l\u2019environnement.  <br \/>La station s\u2019int\u00e8gre harmonieusement dans son cadre naturel, au c\u0153ur de la r\u00e9serve naturelle du massif forestier de la Robertsau et de La Wantzenau. Elle t\u00e9moigne de l\u2019\u00e9volution de l\u2019architecture industrielle vers une esth\u00e9tique fonctionnelle, o\u00f9 la performance technique et l\u2019int\u00e9gration paysag\u00e8re sont au service de la transition \u00e9cologique.  <br \/>Venez d\u00e9couvrir le samedi 20 septembre, les \u00e9tapes de traitement des eaux us\u00e9es de la station d&rsquo;\u00e9puration de Strasbourg : une installation essentielle pour la pr\u00e9servation de l&rsquo;environnement !<\/p>\n<p><b>Horaires :<\/b><br \/>20\/09 de 10:00 \u00e0 17:00<\/p>\n<p><b>Informations compl\u00e9mentaires :<\/b> Entr\u00e9e gratuite, inscription obligatoire. 5 visites pr\u00e9vues, 30 personnes maximum par visite.<\/p>\n<p><b>Inscription via le site<\/b> : https:\/\/admin.eventdrive.com\/public\/events\/78729\/website\/home<\/p>\n<p><b>Journ\u00e9es Europ\u00e9ennes du Patrimoine 2025<\/b><\/p>\n<p><b>Th\u00e8mes<\/b> : Visite comment\u00e9e<\/p>\n<p><b>Adresse :<\/b> Station d&rsquo;\u00e9puration de Strasbourg; Rte du Glaserswoerth, 67000 Strasbourg<\/p>\n<p>Pr\u00e9sentation de l&rsquo;\u00e9v\u00e9nement et visuel propos\u00e9 par \u00a9 Veolia dans le cadre des Journ\u00e9es du Patrimoine 2025<br \/>Source : Minist\u00e8re de la Culture et de la Communication \/ journeesdupatrimoine.fr<br \/>Plus d&rsquo;\u00e9v\u00e9nements pour les Journ\u00e9es Europ\u00e9ennes du Patrimoine \u00e0 retrouver ici :<br \/><a href=\"https:\/\/www.leparisien.fr\/etudiant\/sortir\/strasbourg\/journees-du-patrimoine\/\" rel=\"nofollow noopener\" target=\"_blank\"><b>Journ\u00e9es du Patrimoine 2025 &#8211; Strasbourg et sa r\u00e9gion<\/b><\/a><\/p>\n","protected":false},"excerpt":{"rendered":"\u00c0 l\u2019occasion des Journ\u00e9es europ\u00e9ennes du patrimoine 2025, consacr\u00e9es au \u00ab patrimoine architectural \u00bb, d\u00e9couvrez la station d\u2019\u00e9puration&hellip;\n","protected":false},"author":2,"featured_media":365806,"comment_status":"","ping_status":"","sticky":false,"template":"","format":"standard","meta":{"footnotes":""},"categories":[2820],"tags":[1111,11,1777,674,1011,27,775,12,25,640],"class_list":{"0":"post-365805","1":"post","2":"type-post","3":"status-publish","4":"format-standard","5":"has-post-thumbnail","7":"category-strasbourg","8":"tag-actu","9":"tag-actualites","10":"tag-eu","11":"tag-europe","12":"tag-fr","13":"tag-france","14":"tag-grand-est","15":"tag-news","16":"tag-republique-francaise","17":"tag-strasbourg"},"share_on_mastodon":{"url":"https:\/\/pubeurope.com\/@fr\/115146357712976023","error":""},"_links":{"self":[{"href":"https:\/\/www.europesays.com\/fr\/wp-json\/wp\/v2\/posts\/365805","targetHints":{"allow":["GET"]}}],"collection":[{"href":"https:\/\/www.europesays.com\/fr\/wp-json\/wp\/v2\/posts"}],"about":[{"href":"https:\/\/www.europesays.com\/fr\/wp-json\/wp\/v2\/types\/post"}],"author":[{"embeddable":true,"href":"https:\/\/www.europesays.com\/fr\/wp-json\/wp\/v2\/users\/2"}],"replies":[{"embeddable":true,"href":"https:\/\/www.europesays.com\/fr\/wp-json\/wp\/v2\/comments?post=365805"}],"version-history":[{"count":0,"href":"https:\/\/www.europesays.com\/fr\/wp-json\/wp\/v2\/posts\/365805\/revisions"}],"wp:featuredmedia":[{"embeddable":true,"href":"https:\/\/www.europesays.com\/fr\/wp-json\/wp\/v2\/media\/365806"}],"wp:attachment":[{"href":"https:\/\/www.europesays.com\/fr\/wp-json\/wp\/v2\/media?parent=365805"}],"wp:term":[{"taxonomy":"category","embeddable":true,"href":"https:\/\/www.europesays.com\/fr\/wp-json\/wp\/v2\/categories?post=365805"},{"taxonomy":"post_tag","embeddable":true,"href":"https:\/\/www.europesays.com\/fr\/wp-json\/wp\/v2\/tags?post=365805"}],"curies":[{"name":"wp","href":"https:\/\/api.w.org\/{rel}","templated":true}]}}