{"id":365807,"date":"2025-09-04T13:52:11","date_gmt":"2025-09-04T13:52:11","guid":{"rendered":"https:\/\/www.europesays.com\/fr\/365807\/"},"modified":"2025-09-04T13:52:11","modified_gmt":"2025-09-04T13:52:11","slug":"la-chanteuse-franco-coreenne-miki-revelation-hyperpop-des-plages-electro-sera-de-retour-a-nice-en-fevrier","status":"publish","type":"post","link":"https:\/\/www.europesays.com\/fr\/365807\/","title":{"rendered":"La chanteuse franco-cor\u00e9enne Miki, r\u00e9v\u00e9lation hyperpop des Plages \u00e9lectro, sera de retour \u00e0 Nice en f\u00e9vrier"},"content":{"rendered":"<p>C\u2019est ce qu\u2019on appelle attirer l\u2019attention. Avec une chanson, \u00c9chec et mat, accompagn\u00e9 de son clip tourn\u00e9 devant un Buffalo Grill plant\u00e9 dans une zone industrielle, Miki a surgi.<\/p>\n<p>Encha\u00een\u00e9 les vues, les likes, puis assez vite les \u00e9missions et les articles dans des m\u00e9dias expos\u00e9s, de Quotidien \u00e0 France Inter, en passant par Le Monde ou Le Parisien.<\/p>\n<p>La Franco-Cor\u00e9enne a aussit\u00f4t d\u00e9cha\u00een\u00e9 la col\u00e8re de tas d\u2019internautes estimant ce petit man\u00e8ge un peu trop rapide pour \u00eatre honn\u00eate.<\/p>\n<p>Ils ont fouill\u00e9 son pass\u00e9, sorti des archives des morceaux supprim\u00e9s datant d\u2019il y a quatre ou cinq ans, sous le pseudo Kimi Duplizzle et ont trouv\u00e9 suspect qu\u2019une fille issue d\u2019un milieu favoris\u00e9 (p\u00e8re dans l\u2019ing\u00e9nierie spatiale, m\u00e8re charg\u00e9e de communication, devenus g\u00e9rants d\u2019une galerie d\u2019art au Luxembourg) se targue d\u2019un go\u00fbt prononc\u00e9 pour une caf\u00e9t\u00e9ria de prolos et sa fameuse salade de bienvenue.<\/p>\n<p><strong>Vous avez dit industry plant?<\/strong><\/p>\n<p>La sentence \u00e9tait irr\u00e9vocable: Miki ne serait rien de plus qu\u2019une industry plant, un \u00e9ni\u00e8me produit couv\u00e9 par un puissant label pour d\u00e9pouiller les gogos. Q<\/p>\n<p>uel autre sc\u00e9nario possible, puisque Mikaela Duplay, son vrai nom, est couv\u00e9e par le label Structure, pilot\u00e9 par Pierre Cornet et Yann Dernaucourt, deux hommes ayant guid\u00e9 Clara Luciani, Eddy de Pretto ou encore Ang\u00e8le vers les sommets sous la banni\u00e8re Initial Artists Service, l\u2019incubateur de jeunes talents d\u2019Universal?<\/p>\n<p>Quand on a retrouv\u00e9 Miki \u00e0 Cannes le 9 ao\u00fbt, quelques minutes avant son show survitamin\u00e9 aux Plages \u00e9lectroniques on l\u2019a lanc\u00e9e sur le sujet: \u00e0 27 ans, quand on fait de la musique et rien d\u2019autre, qu\u2019est-ce que \u00e7a fait de savoir qu\u2019autant d\u2019inconnus ne vous veulent pas du bien?<\/p>\n<p>\u00ab\u00a0Ce truc-l\u00e0, c\u2019est pas facile \u00e0 g\u00e9rer. Je me dis que 95% des gens me donnent de l\u2019amour, m\u00eame si on a tous tendance \u00e0 se concentrer sur le n\u00e9gatif. C\u2019est marrant parce qu\u2019on me reproche tout et son contraire. Je suis trop jeune, ou trop vieille. J\u2019\u00e9cris mes sons, j\u2019\u00e9cris pas mes sons. Je tourne mes clips \u00e0 l\u2019iPhone alors que je pourrais faire autrement&#8230;\u00a0\u00bb <\/p>\n<p><strong>Dernier live en solitaire \u00e0 Cannes<\/strong><\/p>\n<p>\u00c0 Cannes, Miki a referm\u00e9 un chapitre. Celui d\u2019un live d\u00e9livr\u00e9 en solo du c\u00f4t\u00e9 du Printemps de Bourges, des Vieilles Charrues, We Love Green ou Solidays, s\u2019appuyant sur les morceaux de son EP Graou, dont son hit \u00c9chec et mat.<\/p>\n<p>Sur la Terrasse du Palais des Festivals, elle a assur\u00e9 devant un m\u00e9lange de fid\u00e8les et de curieux, affichant une pr\u00e9sence que l\u2019on n\u2019aurait pas soup\u00e7onn\u00e9e en croisant cette geek aux allures d\u2019\u00e9ternelle ado sans son micro, ses machines et son in\u00e9puisable \u00e9nergie. <\/p>\n<p>\u00ab\u00a0Occuper l\u2019espace seule sur sc\u00e8ne, ce n\u2019est pas \u00e9vident, j\u2019ai appris au fil des concerts. Maintenant, je sais aussi que plus je me laisse aller, plus je kiffe le moment. J\u2019ai de l\u2019appr\u00e9hension pour la suite, mais je sais que \u00e7a va \u00eatre trop bien. Partager tout \u00e7a avec des musiciens, ce sera encore plus jouissif.\u00a0\u00bb<\/p>\n<p><strong>Les critiques? Transform\u00e9es en mati\u00e8re cr\u00e9ative<\/strong><\/p>\n<p>              <img ci-src=\"https:\/\/www.nicematin.com\/musique\/protec\/DATA_ART_16177033-k0fRA7le.jpg?vh=6e2f93&amp;ci_seal=eaa81169d5\" alt=\"\"\/><br \/>\n         <strong>Photo Patrice Lapoirie.<\/strong> <\/p>\n<p>La rentr\u00e9e sera synonyme de grand saut et d\u2019une tourn\u00e9e bien charg\u00e9e (qui passera par le Th\u00e9\u00e2tre Lino-Ventura de Nice le 6 f\u00e9vrier) o\u00f9 elle pourra pr\u00e9senter les titres de son premier long format.<\/p>\n<p>Adepte des pi\u00e8ces de mode vintage fleurant bon les ann\u00e9es 2000, Miki, l\u2019ancienne \u00e9tudiante en cin\u00e9ma aux dix ans de solf\u00e8ge et de piano classique dans les pattes, a choisi de faire de l\u2019upcylcing avec les critiques dont elle est l\u2019objet.<\/p>\n<p>\u00ab\u00a0J\u2019ai d\u00e9cid\u00e9 de passer \u00e0 autre chose, mais aussi de m\u2019en servir comme mati\u00e8re cr\u00e9ative. C\u2019est marrant parce que \u00e7a va \u00eatre un peu l\u2019un des th\u00e8mes du prochain album [pr\u00e9vu d\u00e9but octobre, ndlr]\u00a0\u00bb, nous glissait-elle.<\/p>\n<p><strong>Des \u00e9lans cr\u00e9atifs de sa chambre \u00e0 une grosse \u00e9quipe<\/strong><\/p>\n<p>Quand Miki \u00e9crit, c\u2019est avec malice et sans filtre. Ses histoires de c\u0153ur ou de cul, une agression sexuelle par un prof de tennis gliss\u00e9e dans un couplet (sur Cartoon Sex), un penchant pour les paradis artificiels, tout y passe.<\/p>\n<p>Un premier single de son prochain projet, Particule, a \u00e9t\u00e9 d\u00e9voil\u00e9 d\u00e9but juillet. L\u2019impression de plonger dans le journal intime de Miki, ou dans sa messagerie priv\u00e9e, s\u2019inscrit dans la m\u00eame veine.<\/p>\n<p>\u00c0 ses c\u00f4t\u00e9s pour cette nouvelle aventure, les producteurs Lucasv, \u00e0 l\u2019origine de L\u2019Amour, superbe album de Disiz, Canblaster, ancien du groupe Club Cheval, et Tristan Salvati, faiseur de tubes pour Ang\u00e8le, M. Pokora, Marina Kaye ou C\u0153ur de Pirate.<\/p>\n<p>\u00ab\u00a0Tristan, il peut tout faire. De la vari\u00e9t\u00e9, des hits, mais aussi des choses plus \u2018\u2018niche\u2019\u2019. Quand on travaille tous les deux, on est tr\u00e8s conscients de nos objectifs. On est concentr\u00e9 sur l\u2019\u00e9motion. Pour moi, c\u2019est le plus important.\u00a0\u00bb<\/p>\n<p>La chanteuse sera de retour dans la r\u00e9gion en 2026, au Th\u00e9\u00e2tre Lino-Ventura de Nice.\u00a0Les r\u00e9servations pour cette date propos\u00e9e par Panda Events sont d\u00e9j\u00e0 ouvertes (de 21,49 \u00e0 25,99 euros). Rens. panda-events.com\/evenement\/miki\/<\/p>\n<p>            C\u2019es quoi \u00ab\u00a0Hyperpop\u00a0\u00bb?<\/p>\n<p>La pop, tout le monde voit \u00e0 peu pr\u00e8s ce que c\u2019est, n\u2019est-ce pas? Mais si on se met \u00e0 parler d\u2019hyperpop, on risque d\u2019en perdre quelques-uns en chemin. Miki, que l\u2019on classe souvent dans ce registre \u2013 o\u00f9 l\u2019Am\u00e9ricaine Charli XCX et la Britannique Shygirl se retrouvent \u00e9galement \u2013, accepte de faire un peu d\u2019explication de texte.<\/p>\n<p>\u00ab\u00a0La pop, on la relie la musique qui est faite pour le peuple, pour \u00eatre \u00e9cout\u00e9e par le plus grand nombre. Pour moi, l\u2019hyperpop, c\u2019est un peu comme une moquerie de la pop. C\u2019est plus une ambiance. On dirait que c\u2019est la m\u00eame chose, mais \u00e7a n\u2019a rien \u00e0 voir. Il y a des titres bas\u00e9s sur des astuces de production assez impressionnants. Et parfois, il peut y avoir des trucs presque in\u00e9coutables, o\u00f9 on n\u2019entend pas forc\u00e9ment le message, les paroles.\u00a0\u00bb<\/p>\n","protected":false},"excerpt":{"rendered":"C\u2019est ce qu\u2019on appelle attirer l\u2019attention. Avec une chanson, \u00c9chec et mat, accompagn\u00e9 de son clip tourn\u00e9 devant&hellip;\n","protected":false},"author":2,"featured_media":365808,"comment_status":"","ping_status":"","sticky":false,"template":"","format":"standard","meta":{"footnotes":""},"categories":[2819],"tags":[1111,11,251,1777,674,1011,27,873,12,2401,882,25],"class_list":{"0":"post-365807","1":"post","2":"type-post","3":"status-publish","4":"format-standard","5":"has-post-thumbnail","7":"category-nice","8":"tag-actu","9":"tag-actualites","10":"tag-culture","11":"tag-eu","12":"tag-europe","13":"tag-fr","14":"tag-france","15":"tag-musique","16":"tag-news","17":"tag-nice","18":"tag-provence-alpes-cote-dazur","19":"tag-republique-francaise"},"share_on_mastodon":{"url":"https:\/\/pubeurope.com\/@fr\/115146361726860874","error":""},"_links":{"self":[{"href":"https:\/\/www.europesays.com\/fr\/wp-json\/wp\/v2\/posts\/365807","targetHints":{"allow":["GET"]}}],"collection":[{"href":"https:\/\/www.europesays.com\/fr\/wp-json\/wp\/v2\/posts"}],"about":[{"href":"https:\/\/www.europesays.com\/fr\/wp-json\/wp\/v2\/types\/post"}],"author":[{"embeddable":true,"href":"https:\/\/www.europesays.com\/fr\/wp-json\/wp\/v2\/users\/2"}],"replies":[{"embeddable":true,"href":"https:\/\/www.europesays.com\/fr\/wp-json\/wp\/v2\/comments?post=365807"}],"version-history":[{"count":0,"href":"https:\/\/www.europesays.com\/fr\/wp-json\/wp\/v2\/posts\/365807\/revisions"}],"wp:featuredmedia":[{"embeddable":true,"href":"https:\/\/www.europesays.com\/fr\/wp-json\/wp\/v2\/media\/365808"}],"wp:attachment":[{"href":"https:\/\/www.europesays.com\/fr\/wp-json\/wp\/v2\/media?parent=365807"}],"wp:term":[{"taxonomy":"category","embeddable":true,"href":"https:\/\/www.europesays.com\/fr\/wp-json\/wp\/v2\/categories?post=365807"},{"taxonomy":"post_tag","embeddable":true,"href":"https:\/\/www.europesays.com\/fr\/wp-json\/wp\/v2\/tags?post=365807"}],"curies":[{"name":"wp","href":"https:\/\/api.w.org\/{rel}","templated":true}]}}