{"id":365809,"date":"2025-09-04T13:53:14","date_gmt":"2025-09-04T13:53:14","guid":{"rendered":"https:\/\/www.europesays.com\/fr\/365809\/"},"modified":"2025-09-04T13:53:14","modified_gmt":"2025-09-04T13:53:14","slug":"son-patrimoine-ses-musees-et-sa-scene-creative-la-placent-parmi-les-meilleures-de-france","status":"publish","type":"post","link":"https:\/\/www.europesays.com\/fr\/365809\/","title":{"rendered":"son patrimoine, ses mus\u00e9es et sa sc\u00e8ne cr\u00e9ative la placent parmi les meilleures de France"},"content":{"rendered":"<p><strong>Une \u00e9tude portant sur les \u00ab\u00a0meilleures villes cultu\u00adrelles\u00a0\u00bb de l\u2019Hexagone fait briller Provence-\u200bAlpes-\u200bC\u00f4te d\u2019Azur. Devanc\u00e9e par ses cons\u0153urs Marseille et Toulon, Nice s\u2019affiche tout de m\u00eame tr\u00e8s haut, dans le top\u00a010.<\/strong><\/p>\n<p>Une multitude de raisons vous poussent \u00e0\u00a0choisir une ville plut\u00f4t qu\u2019une autre pour les vacances et week-\u200bends. Profiter de la plage, de la montagne, de paysages envo\u00fb\u00adtants, des tradi\u00adtions locales\u2026 Parmi les crit\u00e8res phares, <a href=\"https:\/\/nicepresse.com\/le-classement-des-meilleures-villes-culturelles-devoile-mais-qui-rayonne-le-plus-et-le-moins-en-provence-alpes-cote-dazur\/\" rel=\"nofollow noopener\" target=\"_blank\">l\u2019offre cultu\u00adrelle<\/a>\u00a0!<\/p>\n<p>Combien trouve-\u200bt-\u200bon de mus\u00e9es, de galeries d\u2019arts, de th\u00e9\u00e2tres et de monuments\u00a0? Sont-\u200bils acces\u00adsibles gratui\u00adtement\u00a0? Voici des questions impor\u00adtantes. Et auxquelles <a href=\"https:\/\/www.sumup.com\/fr-fr\/\" target=\"_blank\" rel=\"noopener nofollow\">SumUp<\/a>, entre\u00adprise anglaise sp\u00e9cia\u00adlis\u00e9e dans les presta\u00adtions de paiements, a\u00a0tent\u00e9 de r\u00e9pondre. Cet \u00e9t\u00e9, elle publiait une \u00e9tude s\u2019int\u00e9\u00adressant aux 25 plus grandes communes du\u00a0pays.<\/p>\n<p>Beaucoup d\u2019activit\u00e9s gratuites \u00e0\u00a0Nice<\/p>\n<p>Avec plusieurs crit\u00e8res pour construire ce classement, \u00e0\u00a0savoir le nombre d\u2019acti\u00advit\u00e9s cultu\u00adrelles dispo\u00adnibles &#8211; mus\u00e9es, galeries d\u2019art, th\u00e9\u00e2tres et monuments &#8211; et surtout, les gratuites. \u00c0\u00a0chaque fois en prenant une base pour 100.000 habitants. La seconde cat\u00e9gorie int\u00e9ressera sans doute parti\u00adcu\u00adli\u00e8\u00adrement les Ni\u00e7ois et les visiteurs, avec un chiffre \u00e0\u00a0l\u2019avantage de la Baie des\u00a0Anges.<\/p>\n<p>On y\u00a0recense, un nombre obtenu sur TripAdvisor, 106 anima\u00adtions ne n\u00e9ces\u00adsitant aucun versement, toujours pour 100.000 r\u00e9sidents. Seule Paris, hors concours dans cet indicateur (765) fait mieux. De quoi faire grimper la capitale maralpine dans la hi\u00e9rarchie.<\/p>\n<p>Elle entre en revanche dans le rang lorsqu\u2019on \u00e9voque le total des occupa\u00adtions possibles (16), ce qui lui octroie finalement le 8e rang. Elle obtient une \u00e9valuation globale de 28,86 sur 100, selon la notation utilis\u00e9e pour cette enqu\u00eate. <a href=\"https:\/\/nicepresse.com\/salles-de-concert-expos-nice-parmi-les-meilleures-villes-culturelles\/\" rel=\"nofollow noopener\" target=\"_blank\">Nice occupe<\/a> ainsi une bonne place pour les escapades \u00e0\u00a0vis\u00e9e \u00e9ducative, mais elle n\u2019est pas la seule \u00e0\u00a0faire briller la r\u00e9gion Sud.<\/p>\n<p>Marseille, tout en haut du classement\u00a0<\/p>\n<p>En Provence-\u200bAlpes-\u200bC\u00f4te d\u2019Azur, on peut s\u2019enor\u00adgueillir d\u2019avoir trois des princi\u00adpales communes dans le top 10, et m\u00eame mieux que \u00e7a avec Marseille et Toulon. La cit\u00e9 phoc\u00e9enne est carr\u00e9ment en t\u00eate, forte d\u2019un r\u00e9sultat de 78,93 sur 100, avec de nombreuses sorties acces\u00adsibles \u00e0\u00a0tous sans rien \u00e0\u00a0d\u00e9bourser (96). <\/p>\n<p>Tout proche du podium, Toulon se hisse finalement en 4e position (46,54\/100), derri\u00e8re Strasbourg (2e) et Lille (3e). Les trois repr\u00e9\u00adsen\u00adtantes du Sud-\u200bEst font donc mieux que Lyon (11e), Paris (12e), Toulouse (13e), Nantes (15e) ou encore Bordeaux (18e).<\/p>\n<p><a href=\"https:\/\/anneedelamer.nice.fr\/\" rel=\"nofollow noopener\" target=\"_blank\"><img loading=\"lazy\" decoding=\"async\" width=\"300\" height=\"300\" src=\"data:image\/svg+xml,%3Csvg%20xmlns=\" http:=\"\" alt=\"\" class=\"wp-image-235449\" data-lazy-src=\"https:\/\/www.europesays.com\/fr\/wp-content\/uploads\/2025\/04\/IMG_1416-2.png\"\/><\/a><\/p>\n","protected":false},"excerpt":{"rendered":"Une \u00e9tude portant sur les \u00ab\u00a0meilleures villes cultu\u00adrelles\u00a0\u00bb de l\u2019Hexagone fait briller Provence-\u200bAlpes-\u200bC\u00f4te d\u2019Azur. Devanc\u00e9e par ses cons\u0153urs&hellip;\n","protected":false},"author":2,"featured_media":365810,"comment_status":"","ping_status":"","sticky":false,"template":"","format":"standard","meta":{"footnotes":""},"categories":[2819],"tags":[1111,11,1777,674,1011,27,12,2401,882,25],"class_list":{"0":"post-365809","1":"post","2":"type-post","3":"status-publish","4":"format-standard","5":"has-post-thumbnail","7":"category-nice","8":"tag-actu","9":"tag-actualites","10":"tag-eu","11":"tag-europe","12":"tag-fr","13":"tag-france","14":"tag-news","15":"tag-nice","16":"tag-provence-alpes-cote-dazur","17":"tag-republique-francaise"},"share_on_mastodon":{"url":"https:\/\/pubeurope.com\/@fr\/115146365490594297","error":""},"_links":{"self":[{"href":"https:\/\/www.europesays.com\/fr\/wp-json\/wp\/v2\/posts\/365809","targetHints":{"allow":["GET"]}}],"collection":[{"href":"https:\/\/www.europesays.com\/fr\/wp-json\/wp\/v2\/posts"}],"about":[{"href":"https:\/\/www.europesays.com\/fr\/wp-json\/wp\/v2\/types\/post"}],"author":[{"embeddable":true,"href":"https:\/\/www.europesays.com\/fr\/wp-json\/wp\/v2\/users\/2"}],"replies":[{"embeddable":true,"href":"https:\/\/www.europesays.com\/fr\/wp-json\/wp\/v2\/comments?post=365809"}],"version-history":[{"count":0,"href":"https:\/\/www.europesays.com\/fr\/wp-json\/wp\/v2\/posts\/365809\/revisions"}],"wp:featuredmedia":[{"embeddable":true,"href":"https:\/\/www.europesays.com\/fr\/wp-json\/wp\/v2\/media\/365810"}],"wp:attachment":[{"href":"https:\/\/www.europesays.com\/fr\/wp-json\/wp\/v2\/media?parent=365809"}],"wp:term":[{"taxonomy":"category","embeddable":true,"href":"https:\/\/www.europesays.com\/fr\/wp-json\/wp\/v2\/categories?post=365809"},{"taxonomy":"post_tag","embeddable":true,"href":"https:\/\/www.europesays.com\/fr\/wp-json\/wp\/v2\/tags?post=365809"}],"curies":[{"name":"wp","href":"https:\/\/api.w.org\/{rel}","templated":true}]}}