{"id":365811,"date":"2025-09-04T13:58:13","date_gmt":"2025-09-04T13:58:13","guid":{"rendered":"https:\/\/www.europesays.com\/fr\/365811\/"},"modified":"2025-09-04T13:58:13","modified_gmt":"2025-09-04T13:58:13","slug":"ce-nantais-a-contribue-aux-exploits-du-nageur-leon-marchand","status":"publish","type":"post","link":"https:\/\/www.europesays.com\/fr\/365811\/","title":{"rendered":"Ce Nantais a contribu\u00e9 aux exploits du nageur L\u00e9on Marchand"},"content":{"rendered":"<p>\u00ab La performance par le bien-\u00eatre. \u00bb Ces quelques mots, affich\u00e9s en grand sur son <a href=\"https:\/\/www.thomas-sammut.com\/\" rel=\"nofollow noopener\" target=\"_blank\">site internet<\/a>, r\u00e9sume une philosophie, celle de Thomas Sammut. Depuis plus de vingt ans, ce Nantais travaille avec les plus grands champions\u00a0: pr\u00e9parateur mental de L\u00e9on Marchand, h\u00e9ros fran\u00e7ais des Jeux de Paris 2024 avec ses quatre m\u00e9dailles d\u2019or, il a aussi accompagn\u00e9 Florent Manaudou ou encore l\u2019\u00e9quipe de France f\u00e9minine de football, l\u2019OGC Nice et le Stade Brestois.<\/p>\n<p>\u00c0 51 ans, il revendique son attachement \u00e0 la Cit\u00e9 des Ducs de Bretagne. \u00ab C\u2019est ma ville de c\u0153ur. J\u2019ai ador\u00e9 y grandir dans les ann\u00e9es 90 avec, bien s\u00fbr, le FC Nantes et l\u2019\u00e9pop\u00e9e de 1995. J\u2019y ai mes amis d\u2019enfance et je reviens r\u00e9guli\u00e8rement les voir. \u00bb C\u2019est aussi \u00e0 Nantes que tout a commenc\u00e9 : dix ans pass\u00e9s dans les bassins de Nantes Natation, avant de devenir entra\u00eeneur de jeunes nageurs. \u00ab Une chose m\u2019a toujours passionn\u00e9 : comment \u00e9veiller les profils en face de moi ? Je m\u2019\u00e9tais promis, si j\u2019\u00e9tais un jour de l\u2019autre c\u00f4t\u00e9 de la barri\u00e8re, de transmettre autrement. \u00bb<\/p>\n<p><strong>\u00ab\u00a0Rejet\u00e9 d\u2019un syst\u00e8me qui ne me convenait pas\u00a0\u00bb<\/strong><\/p>\n<p>Le parcours scolaire, lui, fut chaotique : exclusions \u00e0 Jules-Verne et Guist\u2019hau, sentiment d\u2019\u00eatre \u00ab rejet\u00e9 d\u2019un syst\u00e8me qui ne me convenait pas \u00bb. Mais la passion du sport prend le relais. Apr\u00e8s un poste \u00e0 Lorient, Thomas Sammut revient \u00e0 Nantes en 2000, comme entra\u00eeneur g\u00e9n\u00e9ral \u00e0 l&rsquo;ASPTT. Les r\u00e9sultats suivent, avec des nageurs propuls\u00e9s au haut niveau. Tr\u00e8s vite, il se forme \u00e0 diff\u00e9rentes techniques de communication et d\u00e9couvre un m\u00e9tier encore m\u00e9connu en France : pr\u00e9parateur mental. Son credo : lib\u00e9rer les athl\u00e8tes de la dictature du r\u00e9sultat. \u00ab Beaucoup d\u00e9pendaient d\u2019une m\u00e9daille pour s\u2019appr\u00e9cier. Moi, je veux en faire des femmes et des hommes \u00e9panouis. On d\u00e9veloppe un amour inconditionnel, une bienveillance. C\u2019est ce qu\u2019on devrait apprendre \u00e0 l\u2019\u00e9cole. \u00bb\u00a0<\/p>\n<p>Une approche qu\u2019il va notamment d\u00e9velopper pendant plus de 10 ans au prestigieux Cercle des nageurs de Marseille. Ce dernier, qui a vu passer dans ses bassins Camille Lacourt, Alain Bernard ou Laure Manaudou, va lui permettre de faire la rencontre d\u2019un prodige\u00a0: L\u00e9on Marchand. Outre les sportifs, il accompagne aujourd\u2019hui aussi des entreprises d\u00e9sireuses de faire \u00e9voluer leurs pratiques manag\u00e9riales. Install\u00e9 \u00e0 Guidel (Morbihan), Thomas Sammut n\u2019oublie jamais ses racines nantaises. Ni que son histoire a commenc\u00e9 dans les bassins de la ville de Jules Verne.<\/p>\n<p>\u00a0<\/p>\n","protected":false},"excerpt":{"rendered":"\u00ab La performance par le bien-\u00eatre. \u00bb Ces quelques mots, affich\u00e9s en grand sur son site internet, r\u00e9sume&hellip;\n","protected":false},"author":2,"featured_media":365812,"comment_status":"","ping_status":"","sticky":false,"template":"","format":"standard","meta":{"footnotes":""},"categories":[2818],"tags":[1111,11,1777,674,1011,27,766,12,2636,25],"class_list":{"0":"post-365811","1":"post","2":"type-post","3":"status-publish","4":"format-standard","5":"has-post-thumbnail","7":"category-nantes","8":"tag-actu","9":"tag-actualites","10":"tag-eu","11":"tag-europe","12":"tag-fr","13":"tag-france","14":"tag-nantes","15":"tag-news","16":"tag-pays-de-la-loire","17":"tag-republique-francaise"},"share_on_mastodon":{"url":"https:\/\/pubeurope.com\/@fr\/115146385254653628","error":""},"_links":{"self":[{"href":"https:\/\/www.europesays.com\/fr\/wp-json\/wp\/v2\/posts\/365811","targetHints":{"allow":["GET"]}}],"collection":[{"href":"https:\/\/www.europesays.com\/fr\/wp-json\/wp\/v2\/posts"}],"about":[{"href":"https:\/\/www.europesays.com\/fr\/wp-json\/wp\/v2\/types\/post"}],"author":[{"embeddable":true,"href":"https:\/\/www.europesays.com\/fr\/wp-json\/wp\/v2\/users\/2"}],"replies":[{"embeddable":true,"href":"https:\/\/www.europesays.com\/fr\/wp-json\/wp\/v2\/comments?post=365811"}],"version-history":[{"count":0,"href":"https:\/\/www.europesays.com\/fr\/wp-json\/wp\/v2\/posts\/365811\/revisions"}],"wp:featuredmedia":[{"embeddable":true,"href":"https:\/\/www.europesays.com\/fr\/wp-json\/wp\/v2\/media\/365812"}],"wp:attachment":[{"href":"https:\/\/www.europesays.com\/fr\/wp-json\/wp\/v2\/media?parent=365811"}],"wp:term":[{"taxonomy":"category","embeddable":true,"href":"https:\/\/www.europesays.com\/fr\/wp-json\/wp\/v2\/categories?post=365811"},{"taxonomy":"post_tag","embeddable":true,"href":"https:\/\/www.europesays.com\/fr\/wp-json\/wp\/v2\/tags?post=365811"}],"curies":[{"name":"wp","href":"https:\/\/api.w.org\/{rel}","templated":true}]}}