{"id":365813,"date":"2025-09-04T13:59:13","date_gmt":"2025-09-04T13:59:13","guid":{"rendered":"https:\/\/www.europesays.com\/fr\/365813\/"},"modified":"2025-09-04T13:59:13","modified_gmt":"2025-09-04T13:59:13","slug":"le-velo-gagne-du-terrain-mais-les-embouteillages-augmentent","status":"publish","type":"post","link":"https:\/\/www.europesays.com\/fr\/365813\/","title":{"rendered":"le v\u00e9lo gagne du terrain, mais les embouteillages augmentent !"},"content":{"rendered":"<p>Depuis la crise sanitaire, Bordeaux a connu une v\u00e9ritable r\u00e9volution en mati\u00e8re de mobilit\u00e9. Les d\u00e9placements \u00e0 v\u00e9lo ont bondi de 30 \u00e0 40 %, entra\u00eenant une red\u00e9finition profonde de l\u2019espace public. La municipalit\u00e9 \u00e9cologiste, \u00e9lue en 2020 dans la foul\u00e9e de la \u00ab vague verte \u00bb, a plac\u00e9 la r\u00e9duction du trafic automobile au c\u0153ur de sa politique. <\/p>\n<p>Mais derri\u00e8re la vitrine d\u2019une ville plus respirable, la r\u00e9alit\u00e9 reste contrast\u00e9e : si les cyclistes sont de plus en plus nombreux, les automobilistes d\u00e9noncent des embouteillages chroniques.<\/p>\n<p><img fetchpriority=\"high\" decoding=\"async\" width=\"1024\" height=\"576\" src=\"https:\/\/www.europesays.com\/fr\/wp-content\/uploads\/2025\/09\/Velo-bordeaux-1024x576.jpg\" alt=\"\" class=\"wp-image-83127\"  \/>Entre ambition \u00e9cologique et col\u00e8re des conducteurs, Bordeaux illustre les d\u00e9fis d\u2019une m\u00e9tropole cherchant mobilit\u00e9 durable sans aggraver ses probl\u00e8mes de circulation chronique. \u00a9Nicolas Duffaure<\/p>\n<p>Un centre-ville rendu aux pi\u00e9tons et aux v\u00e9los<\/p>\n<p><strong>Bordeaux dispose aujourd\u2019hui du plus grand secteur pi\u00e9ton de France.<\/strong> L\u2019acc\u00e8s en est r\u00e9gul\u00e9 par des bornes automatiques, qui interdisent l\u2019entr\u00e9e aux v\u00e9hicules non autoris\u00e9s. Certaines art\u00e8res autrefois \u00e0 double sens ont \u00e9t\u00e9 transform\u00e9es en rues \u00e0 sens unique, int\u00e9grant une piste cyclable et une voie automobile r\u00e9duite. Pour la mairie, ce choix permet de limiter la pollution et de r\u00e9server la circulation aux r\u00e9sidents et aux personnes travaillant dans l\u2019hypercentre.<\/p>\n<p>Didier Jeanjean, adjoint au maire charg\u00e9 de la nature en ville et des quartiers apais\u00e9s, d\u00e9fend ce mod\u00e8le. Selon lui au micro de nos confr\u00e8res de France Info, \u00ab il n\u2019y a pas d\u2019autre espace \u00bb que celui pris sur la voiture pour cr\u00e9er des alternatives comme les bus ou les pistes cyclables. La philosophie est claire : r\u00e9duire le flux de voitures dites \u00ab parasites \u00bb, qui traversent sans consommer ni profiter de la ville.<\/p>\n<p>Des r\u00e9sultats en demi-teinte<\/p>\n<p>En cinq ans, la municipalit\u00e9 estime que le trafic automobile a recul\u00e9 de 17 % dans le centre. Dans le m\u00eame temps, la fr\u00e9quentation des bus et des v\u00e9los a nettement progress\u00e9. Les \u00e9lus parlent d\u2019un partage de la route qui fonctionne, avec des temps de parcours \u00ab stables \u00bb pour la majorit\u00e9 des usagers.<\/p>\n<p><img loading=\"lazy\" decoding=\"async\" width=\"1024\" height=\"683\" src=\"https:\/\/www.europesays.com\/fr\/wp-content\/uploads\/2025\/09\/bordeaux-piste-cyclable-1024x683.jpg\" alt=\"\" class=\"wp-image-83129\"  \/>La municipalit\u00e9 \u00e9cologiste mise sur v\u00e9lo et transports collectifs, r\u00e9duisant la voiture, mais Bordeaux reste class\u00e9e ville la plus embouteill\u00e9e de France. Cr\u00e9ateur\u00a0:\u00a0Joel Damase\u00a0<\/p>\n<p>Cependant, une autre r\u00e9alit\u00e9 \u00e9merge. Selon une \u00e9tude du fabricant de GPS TomTom, <strong>Bordeaux est d\u00e9sormais class\u00e9e ville la plus embouteill\u00e9e de Franc<\/strong>e, avec 113 heures perdues par an dans les bouchons. Porte de Bourgogne ou sur les quais de la Garonne, les cam\u00e9ras du Centre de supervision urbain enregistrent quotidiennement des ralentissements massifs.<\/p>\n<p>Automobilistes en col\u00e8re<\/p>\n<p><strong>Les t\u00e9moignages des Bordelais nuancent fortement le discours officiel. <\/strong>Pour certains, l\u2019entr\u00e9e dans l\u2019hypercentre est devenue un casse-t\u00eate. \u00ab \u00c7a devient vite satur\u00e9 \u00bb, soupire un conducteur. Un autre raconte qu\u2019il met d\u00e9sormais 45 minutes pour parcourir \u00e0 peine 3 kilom\u00e8tres jusqu\u2019\u00e0 B\u00e8gles, contre 20 minutes auparavant. <strong>Ces situations alimentent un sentiment d\u2019exasp\u00e9ration<\/strong> et la perception que la circulation s\u2019est d\u00e9t\u00e9rior\u00e9e, malgr\u00e9 la baisse globale du trafic.<\/p>\n<p>Entre ambition \u00e9cologique et contraintes quotidiennes<\/p>\n<p><img loading=\"lazy\" decoding=\"async\" width=\"1024\" height=\"768\" src=\"https:\/\/www.bougerabordeaux.com\/wp-content\/uploads\/2025\/09\/bordeaux-cycliste-1024x768.webp\" alt=\"\" class=\"wp-image-83130\"  \/>Bordeaux transforme son centre-ville : pistes cyclables et zones pi\u00e9tonnes s\u2019\u00e9tendent, mais les automobilistes d\u00e9noncent des embouteillages quotidiens persistants. Cr\u00e9dit : Bordeaux Tourisme<\/p>\n<p><strong>Bordeaux illustre les tensions qui accompagnent la transition vers une mobilit\u00e9 plus durable.<\/strong> La volont\u00e9 politique de r\u00e9duire la place de la voiture est claire, mais l\u2019acceptation sociale reste fragile. Cyclistes et pi\u00e9tons b\u00e9n\u00e9ficient d\u2019espaces \u00e9largis, tandis que les automobilistes subissent un sentiment de rel\u00e9gation.<\/p>\n<p>La question centrale demeure :<strong> comment concilier l\u2019objectif d\u2019une ville apais\u00e9e et moins pollu\u00e9e<\/strong> avec les besoins r\u00e9els de d\u00e9placement d\u2019une agglom\u00e9ration de pr\u00e8s d\u2019un million d\u2019habitants ? Si les \u00e9lus misent sur les transports collectifs et la bicyclette, la bataille contre les bouchons est loin d\u2019\u00eatre gagn\u00e9e.<\/p>\n<p>A lire aussi : <a href=\"https:\/\/www.bougerabordeaux.com\/actu\/news\/bordeaux-les-meilleurs-quartiers-pour-les-etudiants\/\" rel=\"nofollow noopener\" target=\"_blank\">Bordeaux : les meilleurs quartiers pour les \u00e9tudiants<\/a><\/p>\n","protected":false},"excerpt":{"rendered":"Depuis la crise sanitaire, Bordeaux a connu une v\u00e9ritable r\u00e9volution en mati\u00e8re de mobilit\u00e9. Les d\u00e9placements \u00e0 v\u00e9lo&hellip;\n","protected":false},"author":2,"featured_media":365814,"comment_status":"","ping_status":"","sticky":false,"template":"","format":"standard","meta":{"footnotes":""},"categories":[2817],"tags":[1111,11,1997,1777,674,1011,27,12,2219,25],"class_list":{"0":"post-365813","1":"post","2":"type-post","3":"status-publish","4":"format-standard","5":"has-post-thumbnail","7":"category-bordeaux","8":"tag-actu","9":"tag-actualites","10":"tag-bordeaux","11":"tag-eu","12":"tag-europe","13":"tag-fr","14":"tag-france","15":"tag-news","16":"tag-nouvelle-aquitaine","17":"tag-republique-francaise"},"share_on_mastodon":{"url":"https:\/\/pubeurope.com\/@fr\/115146389676362539","error":""},"_links":{"self":[{"href":"https:\/\/www.europesays.com\/fr\/wp-json\/wp\/v2\/posts\/365813","targetHints":{"allow":["GET"]}}],"collection":[{"href":"https:\/\/www.europesays.com\/fr\/wp-json\/wp\/v2\/posts"}],"about":[{"href":"https:\/\/www.europesays.com\/fr\/wp-json\/wp\/v2\/types\/post"}],"author":[{"embeddable":true,"href":"https:\/\/www.europesays.com\/fr\/wp-json\/wp\/v2\/users\/2"}],"replies":[{"embeddable":true,"href":"https:\/\/www.europesays.com\/fr\/wp-json\/wp\/v2\/comments?post=365813"}],"version-history":[{"count":0,"href":"https:\/\/www.europesays.com\/fr\/wp-json\/wp\/v2\/posts\/365813\/revisions"}],"wp:featuredmedia":[{"embeddable":true,"href":"https:\/\/www.europesays.com\/fr\/wp-json\/wp\/v2\/media\/365814"}],"wp:attachment":[{"href":"https:\/\/www.europesays.com\/fr\/wp-json\/wp\/v2\/media?parent=365813"}],"wp:term":[{"taxonomy":"category","embeddable":true,"href":"https:\/\/www.europesays.com\/fr\/wp-json\/wp\/v2\/categories?post=365813"},{"taxonomy":"post_tag","embeddable":true,"href":"https:\/\/www.europesays.com\/fr\/wp-json\/wp\/v2\/tags?post=365813"}],"curies":[{"name":"wp","href":"https:\/\/api.w.org\/{rel}","templated":true}]}}