{"id":365815,"date":"2025-09-04T14:00:11","date_gmt":"2025-09-04T14:00:11","guid":{"rendered":"https:\/\/www.europesays.com\/fr\/365815\/"},"modified":"2025-09-04T14:00:11","modified_gmt":"2025-09-04T14:00:11","slug":"lgv-toulouse-bordeaux-des-maires-dans-lincomprehension-face-a-un-dossier-de-25-000-pages-sur-limpact-de-la-ligne","status":"publish","type":"post","link":"https:\/\/www.europesays.com\/fr\/365815\/","title":{"rendered":"LGV Toulouse-Bordeaux\u00a0: des maires dans l&rsquo;incompr\u00e9hension face \u00e0 un dossier de 25.000 pages sur l&rsquo;impact de la ligne"},"content":{"rendered":"<p>En juillet dernier, les maires de toutes les communes concern\u00e9es par la future ligne de train \u00e0 grande vitesse entre Toulouse et Bordeaux ont re\u00e7u un document par courrier envoy\u00e9 par la DDT, avec un lien permettant de t\u00e9l\u00e9charger un dossier. Probl\u00e8me, il s&rsquo;agit au total d&rsquo;un dossier de 25.000 pages.<\/p>\n<p>Dans le Tarn-et-Garonne, la future LGV Toulouse-Bordeaux concerne 29 communes. Le 11 juillet,\u00a0les maires concern\u00e9s par la future ligne de train \u00e0 grande vitesse ont re\u00e7u un document envoy\u00e9 par la Direction d\u00e9partementale des territoires. Dans ce courrier, un lien permettant de t\u00e9l\u00e9charger <strong>un dossier de 25.000 pages<\/strong>. Un document tr\u00e8s volumineux sur l&rsquo;impact environnemental de la LGV. Tellement volumineux que certains maires ne pouvaient pas le t\u00e9l\u00e9charger et ont donc demand\u00e9 une cl\u00e9 USB.<\/p>\n<p>Cette proc\u00e9dure pr\u00e9vue par la loi permet de recenser les <strong>\u00e9ventuels am\u00e9nagements \u00e0 faire sur chaque commune<\/strong> travers\u00e9e par la LGV. Le pr\u00e9fet du Tarn-et-Garonne assure que les communes doivent lire seulement ce qui les concerne et doivent faire des remarques (ou non) sur les impacts environnementaux.<\/p>\n<p>La pr\u00e9fecture du Tarn-et-Garonne affirme qu&rsquo;un guide de lecture a \u00e9t\u00e9 fourni, mais <strong>ce dossier reste illisible et mal compris<\/strong> pour de nombreux maires.<\/p>\n<p>\u00ab\u00a0Je me suis pr\u00e9cipit\u00e9 pour faire imprimer \u00e7a\u00a0\u00bb<\/p>\n<p>Fran\u00e7oise Pizzini est maire de Lacourt-Saint-Pierre, pr\u00e8s de Montauban. Sur sa commune, trois fermes sont notamment impact\u00e9es par le passage de cette future LGV, deux seront d\u00e9truites. Pour informer sa population et se concerter avec son conseil municipal, elle a voulu imprimer le dossier. Mais <strong>25.000 pages, ce n&rsquo;\u00e9tait peut-\u00eatre pas une bonne id\u00e9e<\/strong>&#8230;<\/p>\n<p>\u00ab\u00a0Je me suis pr\u00e9cipit\u00e9e pour faire imprimer \u00e7a, pour qu&rsquo;on ait un document \u00e0 la mairie, au moins pour informer la population qu&rsquo;il y avait des documents \u00e0 disposition en mairie, raconte-t-elle.\u00a0J&rsquo;aurais pu transmettre le dossier \u00e0 chaque \u00e9lu pour qu&rsquo;ils\u00a0le lise. Mais je me suis lanc\u00e9e l\u00e0 dedans, pensant que c&rsquo;\u00e9tait un petit dossier, je ne me rendais pas compte. Ce n&rsquo;\u00e9tait pas possible d&rsquo;imprimer \u00e7a dans une mairie. On a des photocopieurs qui tiennent la route, mais l\u00e0,\u00a0 ce n&rsquo;\u00e9tait pas possible pour nous. Ma secr\u00e9taire, elle m&rsquo;a dit \u00ab\u00a0c&rsquo;est \u00e9norme comme dossier\u00a0\u00bb et l&rsquo;imprimeur a dit la m\u00eame chose. Quand il a vu ce que \u00e7a a donn\u00e9, j&rsquo;ai dit \u00ab\u00a0ah non non, arr\u00eatez tout\u00a0!\u00a0\u00bb. Mais le mal est d\u00e9j\u00e0 fait, on va recevoir la facture puisque <strong>j&rsquo;ai trois petits cartons reli\u00e9s<\/strong>, tout est nickel, mais c&rsquo;est beaucoup trop volumineux.\u00a0\u00bb<\/p>\n<p>\u00ab\u00a0On nous fait acter des choses, mais on n&rsquo;a rien compris\u00a0\u00bb<\/p>\n<p>\u00c0 Pompignan, commune tarn-et-garonnaise de 1.800 habitants, le maire Alain Belloc\u00a0est en col\u00e8re. Il estime que les maires de petites communes ne sont <strong>pas suffisamment aid\u00e9s pour d\u00e9crypter le dossier<\/strong>.<\/p>\n<p>\u00ab\u00a0Ce n&rsquo;est pas bien ce qu&rsquo;il se passe. C&rsquo;est pas bien parce qu&rsquo;on nous fait prendre des d\u00e9cisions, acter des choses o\u00f9 on n&rsquo;a rien compris nous-m\u00eames, \u00e7a me g\u00eane. Et peut-\u00eatre que nos populations nous le reprocheront apr\u00e8s. Il y a des \u00e9lus qui ont demand\u00e9 des r\u00e9sum\u00e9s de dossiers par l&rsquo;intelligence artificielle. Malgr\u00e9 \u00e7a, <strong>m\u00eame l&rsquo;IA, elle n&rsquo;arrive pas \u00e0 me faire un r\u00e9sum\u00e9 des \u00e9v\u00e9nements<\/strong>. On n&rsquo;est pas des techniciens sp\u00e9cialis\u00e9s dans les autorisations environnementales, on est simplement maires. On n&rsquo;arrive m\u00eame pas \u00e0 extraire quelque chose de coh\u00e9rent, qu&rsquo;on pourrait pr\u00e9senter dans nos conseils municipaux.\u00a0\u00bb<\/p>\n<p>Le pr\u00e9fet du Tarn-et-Garonne indique que <strong>la pr\u00e9fecture est \u00e0 disposition des maires<\/strong> s&rsquo;ils ont besoin d&rsquo;aide pour \u00e9tudier le document. Les maires peuvent t\u00e9l\u00e9phoner \u00e0 la pr\u00e9fecture ou \u00e0 la DDT.<\/p>\n<p>Ils ont <strong>jusqu&rsquo;au 11 septembre pour rendre leur avis<\/strong> sur l&rsquo;autorisation environnementale. Mais si ce d\u00e9lai est trop court, le pr\u00e9fet indique qu&rsquo;une deuxi\u00e8me phase de consultation se tiendra fin octobre-d\u00e9but novembre et leur permettra \u00e0 nouveau de rendre un avis.<\/p>\n","protected":false},"excerpt":{"rendered":"En juillet dernier, les maires de toutes les communes concern\u00e9es par la future ligne de train \u00e0 grande&hellip;\n","protected":false},"author":2,"featured_media":365816,"comment_status":"","ping_status":"","sticky":false,"template":"","format":"standard","meta":{"footnotes":""},"categories":[2817],"tags":[1111,11,1997,1777,674,1011,27,12,2219,25],"class_list":{"0":"post-365815","1":"post","2":"type-post","3":"status-publish","4":"format-standard","5":"has-post-thumbnail","7":"category-bordeaux","8":"tag-actu","9":"tag-actualites","10":"tag-bordeaux","11":"tag-eu","12":"tag-europe","13":"tag-fr","14":"tag-france","15":"tag-news","16":"tag-nouvelle-aquitaine","17":"tag-republique-francaise"},"share_on_mastodon":{"url":"https:\/\/pubeurope.com\/@fr\/115146393133842205","error":""},"_links":{"self":[{"href":"https:\/\/www.europesays.com\/fr\/wp-json\/wp\/v2\/posts\/365815","targetHints":{"allow":["GET"]}}],"collection":[{"href":"https:\/\/www.europesays.com\/fr\/wp-json\/wp\/v2\/posts"}],"about":[{"href":"https:\/\/www.europesays.com\/fr\/wp-json\/wp\/v2\/types\/post"}],"author":[{"embeddable":true,"href":"https:\/\/www.europesays.com\/fr\/wp-json\/wp\/v2\/users\/2"}],"replies":[{"embeddable":true,"href":"https:\/\/www.europesays.com\/fr\/wp-json\/wp\/v2\/comments?post=365815"}],"version-history":[{"count":0,"href":"https:\/\/www.europesays.com\/fr\/wp-json\/wp\/v2\/posts\/365815\/revisions"}],"wp:featuredmedia":[{"embeddable":true,"href":"https:\/\/www.europesays.com\/fr\/wp-json\/wp\/v2\/media\/365816"}],"wp:attachment":[{"href":"https:\/\/www.europesays.com\/fr\/wp-json\/wp\/v2\/media?parent=365815"}],"wp:term":[{"taxonomy":"category","embeddable":true,"href":"https:\/\/www.europesays.com\/fr\/wp-json\/wp\/v2\/categories?post=365815"},{"taxonomy":"post_tag","embeddable":true,"href":"https:\/\/www.europesays.com\/fr\/wp-json\/wp\/v2\/tags?post=365815"}],"curies":[{"name":"wp","href":"https:\/\/api.w.org\/{rel}","templated":true}]}}