{"id":365817,"date":"2025-09-04T14:01:11","date_gmt":"2025-09-04T14:01:11","guid":{"rendered":"https:\/\/www.europesays.com\/fr\/365817\/"},"modified":"2025-09-04T14:01:11","modified_gmt":"2025-09-04T14:01:11","slug":"pierre-fabre-abandonne-son-projet-de-site-logistique-geant-pres-de-toulouse","status":"publish","type":"post","link":"https:\/\/www.europesays.com\/fr\/365817\/","title":{"rendered":"Pierre Fabre abandonne son projet de site logistique g\u00e9ant pr\u00e8s de Toulouse"},"content":{"rendered":"<p>            Par<br \/>\n        <strong><br \/>\n            <a href=\"https:\/\/actu.fr\/auteur\/guillaume-laurens\" title=\"Consulter tous les articles de Guillaume Laurens\" rel=\"nofollow noopener\" target=\"_blank\">Guillaume Laurens<\/a><br \/>\n        <\/strong><\/p>\n<p>        Publi\u00e9 le<\/p>\n<p>            4 sept. 2025 \u00e0 15h52        <\/p>\n<p>Petit s\u00e9isme dans la sous-pr\u00e9fecture de la Haute-Garonne. Ce jeudi 4 septembre 2025, en milieu d\u2019apr\u00e8s-midi, les <strong><a href=\"https:\/\/actu.fr\/occitanie\/toulouse_31555\/toulouse-pierre-fabre-ouvre-une-boutique-centre-ville-une-premiere-mondiale-le-groupe_30273106.html\" rel=\"nofollow noopener\" target=\"_blank\">laboratoires Pierre Fabre<\/a>,<\/strong> dont le si\u00e8ge social est \u00e0 <strong>Castres<\/strong> (Tarn) annoncent \u00ab\u00a0renoncer au <strong>projet de construction<\/strong> d\u2019une nouvelle plateforme logistique\u00a0\u00bb qui \u00e9tait envisag\u00e9 \u00e0 <a href=\"https:\/\/actu.fr\/occitanie\/muret_31395\" rel=\"nofollow noopener\" target=\"_blank\"><strong>Muret<\/strong><\/a>, au sud de Toulouse, lieu d\u2019implantation historique du g\u00e9ant pharmaceutique, qui dit d\u00e9sormais pr\u00e9f\u00e9rer \u00ab\u00a0moderniser sa plateforme logistique internationale\u00a0\u00bb actuelle.\u00a0<\/p>\n<p class=\" wall-content\">Plus d\u2019infos \u00e0 suivre sur Actu Toulouse<\/p>\n<p class=\" wall-content\">Personnalisez votre actualit\u00e9 en ajoutant vos villes et m\u00e9dias en favori avec <a href=\"https:\/\/moncompte.actu.fr\" title=\"D\u00e9couvez Mon Actu\" rel=\"nofollow noopener\" data-trk=\"{&quot;cta&quot;:{&quot;action&quot;:&quot;https:\\\/\\\/moncompte.actu.fr&quot;,&quot;category&quot;:&quot;mon compte&quot;,&quot;from&quot;:&quot;article footer&quot;,&quot;name&quot;:&quot;Mon actu&quot;,&quot;type&quot;:&quot;cta&quot;}}\" target=\"_blank\">Mon Actu<\/a>.<\/p>\n","protected":false},"excerpt":{"rendered":"Par Guillaume Laurens Publi\u00e9 le 4 sept. 2025 \u00e0 15h52 Petit s\u00e9isme dans la sous-pr\u00e9fecture de la Haute-Garonne.&hellip;\n","protected":false},"author":2,"featured_media":365818,"comment_status":"","ping_status":"","sticky":false,"template":"","format":"standard","meta":{"footnotes":""},"categories":[2816],"tags":[1111,11,1777,674,1011,27,693,12,2680,25,71,104,2312],"class_list":{"0":"post-365817","1":"post","2":"type-post","3":"status-publish","4":"format-standard","5":"has-post-thumbnail","7":"category-toulouse","8":"tag-actu","9":"tag-actualites","10":"tag-eu","11":"tag-europe","12":"tag-fr","13":"tag-france","14":"tag-industrie","15":"tag-news","16":"tag-occitanie","17":"tag-republique-francaise","18":"tag-sante","19":"tag-societe","20":"tag-toulouse"},"share_on_mastodon":{"url":"https:\/\/pubeurope.com\/@fr\/115146396976774091","error":""},"_links":{"self":[{"href":"https:\/\/www.europesays.com\/fr\/wp-json\/wp\/v2\/posts\/365817","targetHints":{"allow":["GET"]}}],"collection":[{"href":"https:\/\/www.europesays.com\/fr\/wp-json\/wp\/v2\/posts"}],"about":[{"href":"https:\/\/www.europesays.com\/fr\/wp-json\/wp\/v2\/types\/post"}],"author":[{"embeddable":true,"href":"https:\/\/www.europesays.com\/fr\/wp-json\/wp\/v2\/users\/2"}],"replies":[{"embeddable":true,"href":"https:\/\/www.europesays.com\/fr\/wp-json\/wp\/v2\/comments?post=365817"}],"version-history":[{"count":0,"href":"https:\/\/www.europesays.com\/fr\/wp-json\/wp\/v2\/posts\/365817\/revisions"}],"wp:featuredmedia":[{"embeddable":true,"href":"https:\/\/www.europesays.com\/fr\/wp-json\/wp\/v2\/media\/365818"}],"wp:attachment":[{"href":"https:\/\/www.europesays.com\/fr\/wp-json\/wp\/v2\/media?parent=365817"}],"wp:term":[{"taxonomy":"category","embeddable":true,"href":"https:\/\/www.europesays.com\/fr\/wp-json\/wp\/v2\/categories?post=365817"},{"taxonomy":"post_tag","embeddable":true,"href":"https:\/\/www.europesays.com\/fr\/wp-json\/wp\/v2\/tags?post=365817"}],"curies":[{"name":"wp","href":"https:\/\/api.w.org\/{rel}","templated":true}]}}