{"id":365821,"date":"2025-09-04T14:03:09","date_gmt":"2025-09-04T14:03:09","guid":{"rendered":"https:\/\/www.europesays.com\/fr\/365821\/"},"modified":"2025-09-04T14:03:09","modified_gmt":"2025-09-04T14:03:09","slug":"pannes-a-repetition-sur-la-ligne-1-entre-mercredi-et-jeudi-le-pilote-automatique-en-cause","status":"publish","type":"post","link":"https:\/\/www.europesays.com\/fr\/365821\/","title":{"rendered":"pannes \u00e0 r\u00e9p\u00e9tition sur la ligne 1 entre mercredi et jeudi, le pilote automatique en cause"},"content":{"rendered":"<p>            Par<br \/>\n        <strong><br \/>\n            <a href=\"https:\/\/actu.fr\/auteur\/margot-nicodeme\" title=\"Consulter tous les articles de Margot Nicod\u00e8me\" target=\"_blank\" rel=\"noopener\">Margot Nicod\u00e8me<\/a><br \/>\n        <\/strong><\/p>\n<p>        Publi\u00e9 le<\/p>\n<p>            4 sept. 2025 \u00e0 15h08        <\/p>\n<p>Il faut s\u2019armer de patience, pour qui emprunte en ce d\u00e9but du mois de septembre<b> le m\u00e9tro de la m\u00e9tropole de <a href=\"https:\/\/actu.fr\/hauts-de-france\/lille_59350\" target=\"_blank\" rel=\"noopener\">Lille<\/a><\/b>. <b>La ligne 1 conna\u00eet d\u2019\u00e9normes d\u00e9convenues<\/b> en <a href=\"https:\/\/actu.fr\/hauts-de-france\/lille_59350\/la-ligne-1-du-metro-de-lille-ilevia-interrompue-ce-lundi-1er-septembre-jour-de-rentree-scolaire_63098884.html\" target=\"_blank\" rel=\"noopener\">cette semaine de rentr\u00e9e scolaire<\/a>, particuli\u00e8rement marqu\u00e9es au cours des derni\u00e8res 24h, entre le mercredi 3 septembre et ce jeudi 4 apr\u00e8s-midi. Depuis le d\u00e9but de l\u2019apr\u00e8s-midi, ce jeudi, <b>la ligne est immobilis\u00e9e sur de nombreuses stations<\/b>, et des bus relais sont mis en place. Et la situation est faite pour durer, au moins jusqu\u2019\u00e0 la fin d\u2019apr\u00e8s-midi.<\/p>\n<p>La ligne 1 du m\u00e9tro de Lille enchaine les pannes en cette semaine de rentr\u00e9e<\/p>\n<p class=\" wall-content\">Hier, mercredi, la ligne 1 a d\u2019abord \u00e9t\u00e9 ferm\u00e9e sur un tron\u00e7on\u00a0en raison de <a href=\"https:\/\/actu.fr\/societe\/orages-un-risque-de-tornade-de-forte-intensite-dans-le-nord-et-le-pas-de-calais_63111170.html\" target=\"_blank\" rel=\"noopener\">l\u2019impressionnant orage<\/a> qui a travers\u00e9 le territoire. Mais s\u2019en est suivi <b>un d\u00e9faut sur le pilote automatique<\/b>, qui a bloqu\u00e9 toute la ligne pendant pr\u00e8s d\u2019une heure suppl\u00e9mentaire, jusqu\u2019\u00e0 20h.<\/p>\n<p class=\" wall-content\">Rebelote, ce jeudi. Le fameux<b> d\u00e9faut sur le pilote automatique est \u00e0 nouveau survenu<\/b> sur l\u2019heure m\u00e9ridienne, et subsiste \u00e0 16h. La moiti\u00e9 de la ligne 1 \u2013 entre Fives et 4 Cantons \u2013 est totalement \u00e0 l\u2019arr\u00eat. Il\u00e9via fait savoir que \u00ab\u00a0nos \u00e9quipes travaillent \u00e0 r\u00e9tablir la situation au plus vite\u00a0\u00bb, mais c\u2019est d\u00e9sormais certain : <b>ce ne sera pas r\u00e9tabli avant 17h au moins<\/b>.<\/p>\n<p class=\" wall-content\">\n<p class=\" wall-content\">Ces dysfonctionnements successifs peuvent faire craindre le pire pour la grande manifestation que sera la <a href=\"https:\/\/actu.fr\/tag\/braderie-de-lille\" target=\"_blank\" rel=\"noopener\">Braderie de Lille<\/a>, dans deux jours. Certains parlent d\u2019un \u00ab\u00a0fiasco\u00a0\u00bb \u00e0 venir, quand le <a href=\"https:\/\/actu.fr\/hauts-de-france\/lille_59350\/metropole-de-lille-transports-logements-tourisme-damien-castelain-dresse-le-bilan-de-5-ans-de-mandat_63090868.html\" target=\"_blank\" rel=\"noopener\">pr\u00e9sident de la M\u00e9tropole de Lille, Damien Castelain,<\/a> expliquait il y a quelques jours qu\u2019il esp\u00e9rait que tout se passerait pour le mieux. La r\u00e9ponse est pour bient\u00f4t.<\/p>\n<p class=\" wall-content\">Personnalisez votre actualit\u00e9 en ajoutant vos villes et m\u00e9dias en favori avec <a href=\"https:\/\/moncompte.actu.fr\" title=\"D\u00e9couvez Mon Actu\" rel=\"nofollow noopener\" data-trk=\"{&quot;cta&quot;:{&quot;action&quot;:&quot;https:\\\/\\\/moncompte.actu.fr&quot;,&quot;category&quot;:&quot;mon compte&quot;,&quot;from&quot;:&quot;article footer&quot;,&quot;name&quot;:&quot;Mon actu&quot;,&quot;type&quot;:&quot;cta&quot;}}\" target=\"_blank\">Mon Actu<\/a>.<\/p>\n","protected":false},"excerpt":{"rendered":"Par Margot Nicod\u00e8me Publi\u00e9 le 4 sept. 2025 \u00e0 15h08 Il faut s\u2019armer de patience, pour qui emprunte&hellip;\n","protected":false},"author":2,"featured_media":365822,"comment_status":"","ping_status":"","sticky":false,"template":"","format":"standard","meta":{"footnotes":""},"categories":[2815],"tags":[1111,11,1777,674,1011,27,811,4288,1307,4047,12,25,104],"class_list":{"0":"post-365821","1":"post","2":"type-post","3":"status-publish","4":"format-standard","5":"has-post-thumbnail","7":"category-lille","8":"tag-actu","9":"tag-actualites","10":"tag-eu","11":"tag-europe","12":"tag-fr","13":"tag-france","14":"tag-hauts-de-france","15":"tag-ilevia","16":"tag-lille","17":"tag-metro","18":"tag-news","19":"tag-republique-francaise","20":"tag-societe"},"share_on_mastodon":{"url":"https:\/\/pubeurope.com\/@fr\/115146404905586794","error":""},"_links":{"self":[{"href":"https:\/\/www.europesays.com\/fr\/wp-json\/wp\/v2\/posts\/365821","targetHints":{"allow":["GET"]}}],"collection":[{"href":"https:\/\/www.europesays.com\/fr\/wp-json\/wp\/v2\/posts"}],"about":[{"href":"https:\/\/www.europesays.com\/fr\/wp-json\/wp\/v2\/types\/post"}],"author":[{"embeddable":true,"href":"https:\/\/www.europesays.com\/fr\/wp-json\/wp\/v2\/users\/2"}],"replies":[{"embeddable":true,"href":"https:\/\/www.europesays.com\/fr\/wp-json\/wp\/v2\/comments?post=365821"}],"version-history":[{"count":0,"href":"https:\/\/www.europesays.com\/fr\/wp-json\/wp\/v2\/posts\/365821\/revisions"}],"wp:featuredmedia":[{"embeddable":true,"href":"https:\/\/www.europesays.com\/fr\/wp-json\/wp\/v2\/media\/365822"}],"wp:attachment":[{"href":"https:\/\/www.europesays.com\/fr\/wp-json\/wp\/v2\/media?parent=365821"}],"wp:term":[{"taxonomy":"category","embeddable":true,"href":"https:\/\/www.europesays.com\/fr\/wp-json\/wp\/v2\/categories?post=365821"},{"taxonomy":"post_tag","embeddable":true,"href":"https:\/\/www.europesays.com\/fr\/wp-json\/wp\/v2\/tags?post=365821"}],"curies":[{"name":"wp","href":"https:\/\/api.w.org\/{rel}","templated":true}]}}