{"id":365823,"date":"2025-09-04T14:04:09","date_gmt":"2025-09-04T14:04:09","guid":{"rendered":"https:\/\/www.europesays.com\/fr\/365823\/"},"modified":"2025-09-04T14:04:09","modified_gmt":"2025-09-04T14:04:09","slug":"un-couple-comparait-devant-le-tribunal-de-lille","status":"publish","type":"post","link":"https:\/\/www.europesays.com\/fr\/365823\/","title":{"rendered":"un couple comparait devant le tribunal de Lille"},"content":{"rendered":"<p>Le f\u00e9lin \u00e2g\u00e9 de quelques mois avait r\u00e9ussi \u00e0 s\u2019\u00e9chapper par la fen\u00eatre, en septembre 2019, avant d\u2019\u00eatre captur\u00e9. Ce jeudi, le couple qui poss\u00e9dait ill\u00e9galement l\u2019animal est jug\u00e9 devant le tribunal correctionnel de Lille.<\/p>\n<p class=\"fig-paragraph\">Les deux anciens propri\u00e9taires d&rsquo;une panth\u00e8re noire,\u00a0<a href=\"http:\/\/www.lefigaro.fr\/flash-actu\/armentieres-la-panthere-noire-se-prenait-pour-un-chat-de-gouttiere-20190919\" data-fig-type=\"NewsFlash\" data-gtm-custom-categorie=\"navigation\" data-gtm-custom-action=\"crossclick\" data-gtm-custom-label=\"Contextuel\" data-gtm-event=\"customEventSPE\" data-fig-domain=\"LEFIGARO\" target=\"_blank\" rel=\"noopener\">\u00e9chapp\u00e9e en 2019 sur le toit d&rsquo;un immeuble \u00e0 Armenti\u00e8res<\/a>\u00a0(Nord), comparaissent jeudi devant le tribunal correctionnel de Lille pour d\u00e9tention non autoris\u00e9e d&rsquo;une esp\u00e8ce non-domestique.<\/p>\n<p class=\"fig-paragraph\">\u00c2g\u00e9s de 41 ans, ils sont poursuivis \u00e0 la suite de l&rsquo;\u00e9vasion rocambolesque du f\u00e9lin, alors \u00e2g\u00e9 de quelques mois et pesant entre 25 et 30 kg. L&rsquo;animal s&rsquo;\u00e9tait enfui par une fen\u00eatre de l&rsquo;appartement o\u00f9 vivait le couple.<\/p>\n<p>                                    <a class=\"fig-a11y-skip a11y-hidden\" href=\"#fig-a11y-skip-main-inarticle\"><br \/>\n        Passer la publicit\u00e9<br \/>\n    <\/a><\/p>\n<p>La panth\u00e8re noire avait \u00e9t\u00e9 anesth\u00e9si\u00e9e<\/p>\n<p class=\"fig-paragraph\">Des images diffus\u00e9es \u00e0 l&rsquo;\u00e9poque montraient le f\u00e9lin d\u00e9ambulant en septembre 2019 sur le rebord d&rsquo;un immeuble en briques, observant l&rsquo;int\u00e9rieur d&rsquo;un appartement ou se penchant dans le vide.<\/p>\n<p class=\"fig-paragraph\">Un p\u00e9rim\u00e8tre de s\u00e9curit\u00e9 avait \u00e9t\u00e9 mis en place avant que les pompiers ne parviennent \u00e0 le pi\u00e9ger \u00e0 l&rsquo;int\u00e9rieur d&rsquo;une habitation dans laquelle la panth\u00e8re venait d&rsquo;entrer.<\/p>\n<p class=\"fig-paragraph\">Un v\u00e9t\u00e9rinaire sapeur-pompier, accompagn\u00e9 d&rsquo;un policier et d&rsquo;un agent de l&rsquo;Office national de la chasse et de la faune sauvage (ONCFS), avait alors endormi l&rsquo;animal \u00e0 l&rsquo;aide d&rsquo;un fusil hypodermique \u00e9quip\u00e9 de fl\u00e9chettes anesth\u00e9siantes.<\/p>\n<p class=\"fig-paragraph\">Aucune victime n&rsquo;avait \u00e9t\u00e9 d\u00e9plor\u00e9e lors de cette intervention \u00abhors norme\u00bb.<\/p>\n<p>La m\u00eame panth\u00e8re vol\u00e9e au zoo de Maubeuge<\/p>\n<p class=\"fig-paragraph\">La panth\u00e8re avait ensuite \u00e9t\u00e9 accueillie\u00a0<a href=\"https:\/\/www.lefigaro.fr\/actualite-france\/la-panthere-retrouvee-a-armentieres-a-ete-volee-au-zoo-de-maubeuge-20190924\" data-fig-type=\"Article\" data-gtm-custom-categorie=\"navigation\" data-gtm-custom-action=\"crossclick\" data-gtm-custom-label=\"Contextuel\" data-gtm-event=\"customEventSPE\" data-fig-domain=\"LEFIGARO\" target=\"_blank\" rel=\"noopener\">par le zoo de Maubeuge<\/a>, mais quelques jours plus tard, elle y avait \u00e9t\u00e9 d\u00e9rob\u00e9e\u00a0: six points de s\u00e9curit\u00e9 de l&rsquo;enclos avaient \u00e9t\u00e9 forc\u00e9s, sans effraction aux entr\u00e9es principales.<\/p>\n<p>                                    <a class=\"fig-a11y-skip a11y-hidden\" href=\"#fig-a11y-skip-main-inarticle_mtf\"><br \/>\n        Passer la publicit\u00e9<br \/>\n    <\/a><\/p>\n<p class=\"fig-paragraph\">\u00abCette panth\u00e8re \u00e9tait d\u00e9tenue par des particuliers qui n&rsquo;avaient pas le certificat de capacit\u00e9 pour s&rsquo;occuper de ce type d&rsquo;animal\u00bb , a soulign\u00e9 Me Graziella Dode, l&rsquo;avocate de la Ligue protectrice des animaux du nord de la France, partie civile. \u00abElle vivait dans des conditions inadapt\u00e9es aux besoins de son esp\u00e8ce. La d\u00e9tenir ainsi, c&rsquo;est participer au trafic des esp\u00e8ces\u00bb, a-t-elle d\u00e9nonc\u00e9.<\/p>\n<p class=\"fig-paragraph\">\u00abLa d\u00e9tention d&rsquo;un\u00a0<a href=\"http:\/\/www.lefigaro.fr\/animaux\/dossier\/animaux-sauvages-mieux-les-connaitre\" data-fig-type=\"Topic\" data-gtm-custom-categorie=\"navigation\" data-gtm-custom-action=\"crossclick\" data-gtm-custom-label=\"Contextuel\" data-gtm-event=\"customEventSPE\" data-fig-domain=\"LEFIGARO\" target=\"_blank\" rel=\"noopener\">animal sauvage<\/a> \u00a0constitue en elle-m\u00eame un acte de mauvais traitement, puisqu&rsquo;elle ne permet pas de satisfaire ses besoins physiologiques\u00bb, a abond\u00e9 Me Xavier Bacquet, avocat de la Fondation 30 millions d&rsquo;amis, \u00e9galement partie civile.<\/p>\n<p class=\"fig-body-link\">\n            \u00c0 lire aussi<br \/>\n        <a class=\"fig-body-link__link\" href=\"http:\/\/www.lefigaro.fr\/animaux\/5-chats-qui-ressemblent-a-de-grands-felins-20240618\" target=\"_blank\" data-fig-type=\"Article\" rel=\"noopener\" data-gtm-custom-categorie=\"navigation\" data-gtm-custom-action=\"crossclick\" data-gtm-custom-label=\"Contextuel\" data-gtm-event=\"customEventSPE\" data-fig-domain=\"LEFIGARO\">5 chats qui ressemblent \u00e0 de grands f\u00e9lins<br \/>\n    <\/a>\n<\/p>\n<p>\u00abUn gros b\u00e9b\u00e9 affectueux\u00bb<\/p>\n<p class=\"fig-paragraph\">\u00abJe ne la voyais plus comme une panth\u00e8re. C&rsquo;\u00e9tait comme un gros b\u00e9b\u00e9 affectueux, qui ne demandait que des c\u00e2lins&#8230;\u00bb, avait t\u00e9moign\u00e9 l&rsquo;ancien propri\u00e9taire aupr\u00e8s de La Voix du Nord en novembre 2019.<\/p>\n<p class=\"fig-paragraph\">Depuis baptis\u00e9e Akilla, la panth\u00e8re vit aujourd&rsquo;hui dans un sanctuaire pour f\u00e9lins aux Pays-Bas, o\u00f9 elle \u00abse porte tr\u00e8s bien\u00bb selon ses soigneurs. \u00abElle s&rsquo;amuse beaucoup, elle est joueuse et interagit bien avec la panth\u00e8re voisine \u00e0 travers le grillage\u00bb, a indiqu\u00e9 \u00e0 l&rsquo;AFP Wendy Karsten du Stichting Leeuw, une fondation de protection des f\u00e9lins bas\u00e9e au nord d&rsquo;Amsterdam.<\/p>\n","protected":false},"excerpt":{"rendered":"Le f\u00e9lin \u00e2g\u00e9 de quelques mois avait r\u00e9ussi \u00e0 s\u2019\u00e9chapper par la fen\u00eatre, en septembre 2019, avant d\u2019\u00eatre&hellip;\n","protected":false},"author":2,"featured_media":365824,"comment_status":"","ping_status":"","sticky":false,"template":"","format":"standard","meta":{"footnotes":""},"categories":[2815],"tags":[1111,11,20321,1777,674,1011,27,811,1307,12,25],"class_list":{"0":"post-365823","1":"post","2":"type-post","3":"status-publish","4":"format-standard","5":"has-post-thumbnail","7":"category-lille","8":"tag-actu","9":"tag-actualites","10":"tag-animaux-sauvages","11":"tag-eu","12":"tag-europe","13":"tag-fr","14":"tag-france","15":"tag-hauts-de-france","16":"tag-lille","17":"tag-news","18":"tag-republique-francaise"},"share_on_mastodon":{"url":"https:\/\/pubeurope.com\/@fr\/115146408835775750","error":""},"_links":{"self":[{"href":"https:\/\/www.europesays.com\/fr\/wp-json\/wp\/v2\/posts\/365823","targetHints":{"allow":["GET"]}}],"collection":[{"href":"https:\/\/www.europesays.com\/fr\/wp-json\/wp\/v2\/posts"}],"about":[{"href":"https:\/\/www.europesays.com\/fr\/wp-json\/wp\/v2\/types\/post"}],"author":[{"embeddable":true,"href":"https:\/\/www.europesays.com\/fr\/wp-json\/wp\/v2\/users\/2"}],"replies":[{"embeddable":true,"href":"https:\/\/www.europesays.com\/fr\/wp-json\/wp\/v2\/comments?post=365823"}],"version-history":[{"count":0,"href":"https:\/\/www.europesays.com\/fr\/wp-json\/wp\/v2\/posts\/365823\/revisions"}],"wp:featuredmedia":[{"embeddable":true,"href":"https:\/\/www.europesays.com\/fr\/wp-json\/wp\/v2\/media\/365824"}],"wp:attachment":[{"href":"https:\/\/www.europesays.com\/fr\/wp-json\/wp\/v2\/media?parent=365823"}],"wp:term":[{"taxonomy":"category","embeddable":true,"href":"https:\/\/www.europesays.com\/fr\/wp-json\/wp\/v2\/categories?post=365823"},{"taxonomy":"post_tag","embeddable":true,"href":"https:\/\/www.europesays.com\/fr\/wp-json\/wp\/v2\/tags?post=365823"}],"curies":[{"name":"wp","href":"https:\/\/api.w.org\/{rel}","templated":true}]}}