{"id":365825,"date":"2025-09-04T14:05:10","date_gmt":"2025-09-04T14:05:10","guid":{"rendered":"https:\/\/www.europesays.com\/fr\/365825\/"},"modified":"2025-09-04T14:05:10","modified_gmt":"2025-09-04T14:05:10","slug":"une-premiere-edition-pour-canebiere-film-festival","status":"publish","type":"post","link":"https:\/\/www.europesays.com\/fr\/365825\/","title":{"rendered":"Une premi\u00e8re \u00e9dition pour Canebi\u00e8re Film Festival"},"content":{"rendered":"<p>            CNIL &#8211; Protection des donn\u00e9es personnelles<\/p>\n<p>Les informations que nous sommes amen\u00e9s \u00e0 recueillir proviennent :<\/p>\n<ul>&#13;<\/p>\n<li>soit de l&rsquo;inscription volontaire d&rsquo;une adresse e-mail de votre part vous permettant de recevoir notre newsletter,<\/li>\n<p>&#13;<\/p>\n<li>soit d&rsquo;un abonnement de votre part au magazine<\/li>\n<p>&#13;<\/p>\n<li>soit de la saisie compl\u00e8te de vos coordonn\u00e9es par vos soins \u00e0 l&rsquo;occasion d&rsquo;une op\u00e9ration \u00e9v\u00e9nementielle.<\/li>\n<p>&#13;\n<\/ul>\n<p>Ces informations nous permettent de mieux vous conna\u00eetre. Elles pourront \u00eatre utilis\u00e9es, en outre, pour vous informer de l&rsquo;existence de nos produits et services. Vous disposez d&rsquo;un droit d&rsquo;acc\u00e8s, de modification, de rectification et de suppression des donn\u00e9es qui vous concernent (art. 34 de la loi \u00ab\u00a0Informatique et Libert\u00e9s\u00a0\u00bb n\u00b0 78-17 du 6 janvier 1978 ). Pour l&rsquo;exercer, adressez vous \u00e0\u00a0<a href=\"http:\/\/www.lefilmfrancais.com\/cdn-cgi\/l\/email-protection#e1929491918e9395a18d8487888d8c8793808f82808892cf828e8c\" rel=\"nofollow noopener\" target=\"_blank\">[email\u00a0protected]<\/a><\/p>\n<p>Cookies<\/p>\n<p>Le film francais vous informe qu&rsquo;un cookie est plac\u00e9 dans votre ordinateur lorsque vous naviguez sur son site. Un cookie ne nous permet pas de vous identifier.<\/p>\n<p>De mani\u00e8re g\u00e9n\u00e9rale, il enregistre des informations relatives \u00e0 la navigation de votre ordinateur sur notre site (les pages que vous avez consult\u00e9es, la date et l&rsquo;heure de la consultation, etc.) que nous pourrons lire lors de vos visites ult\u00e9rieures.<\/p>\n<p>Son but unique est de mettre en place un comptage du nombre de visiteurs et de limiter \u00e9ventuellement le nombre de d\u00e9livrance d&rsquo;une m\u00eame banni\u00e8re publicitaire \u00e0 un m\u00eame utilisateur.<\/p>\n<p>La dur\u00e9e de conservation de ces informations dans votre ordinateur est de un an.<\/p>\n<p>Nous vous informons que vous pouvez vous opposer \u00e0 l&rsquo;enregistrement de \u00ab\u00a0cookies\u00a0\u00bb en d\u00e9sactivant cette option dans les param\u00e8tres de votre navigateur.<\/p>\n","protected":false},"excerpt":{"rendered":"CNIL &#8211; Protection des donn\u00e9es personnelles Les informations que nous sommes amen\u00e9s \u00e0 recueillir proviennent : &#13; soit&hellip;\n","protected":false},"author":2,"featured_media":365826,"comment_status":"","ping_status":"","sticky":false,"template":"","format":"standard","meta":{"footnotes":""},"categories":[2814],"tags":[1111,11,1777,674,1011,27,884,12,882,25],"class_list":{"0":"post-365825","1":"post","2":"type-post","3":"status-publish","4":"format-standard","5":"has-post-thumbnail","7":"category-marseille","8":"tag-actu","9":"tag-actualites","10":"tag-eu","11":"tag-europe","12":"tag-fr","13":"tag-france","14":"tag-marseille","15":"tag-news","16":"tag-provence-alpes-cote-dazur","17":"tag-republique-francaise"},"share_on_mastodon":{"url":"https:\/\/pubeurope.com\/@fr\/115146412795669064","error":""},"_links":{"self":[{"href":"https:\/\/www.europesays.com\/fr\/wp-json\/wp\/v2\/posts\/365825","targetHints":{"allow":["GET"]}}],"collection":[{"href":"https:\/\/www.europesays.com\/fr\/wp-json\/wp\/v2\/posts"}],"about":[{"href":"https:\/\/www.europesays.com\/fr\/wp-json\/wp\/v2\/types\/post"}],"author":[{"embeddable":true,"href":"https:\/\/www.europesays.com\/fr\/wp-json\/wp\/v2\/users\/2"}],"replies":[{"embeddable":true,"href":"https:\/\/www.europesays.com\/fr\/wp-json\/wp\/v2\/comments?post=365825"}],"version-history":[{"count":0,"href":"https:\/\/www.europesays.com\/fr\/wp-json\/wp\/v2\/posts\/365825\/revisions"}],"wp:featuredmedia":[{"embeddable":true,"href":"https:\/\/www.europesays.com\/fr\/wp-json\/wp\/v2\/media\/365826"}],"wp:attachment":[{"href":"https:\/\/www.europesays.com\/fr\/wp-json\/wp\/v2\/media?parent=365825"}],"wp:term":[{"taxonomy":"category","embeddable":true,"href":"https:\/\/www.europesays.com\/fr\/wp-json\/wp\/v2\/categories?post=365825"},{"taxonomy":"post_tag","embeddable":true,"href":"https:\/\/www.europesays.com\/fr\/wp-json\/wp\/v2\/tags?post=365825"}],"curies":[{"name":"wp","href":"https:\/\/api.w.org\/{rel}","templated":true}]}}