{"id":365827,"date":"2025-09-04T14:06:30","date_gmt":"2025-09-04T14:06:30","guid":{"rendered":"https:\/\/www.europesays.com\/fr\/365827\/"},"modified":"2025-09-04T14:06:30","modified_gmt":"2025-09-04T14:06:30","slug":"la-tunisie-accuse-la-france-de-meurtre-injustifie","status":"publish","type":"post","link":"https:\/\/www.europesays.com\/fr\/365827\/","title":{"rendered":"la Tunisie accuse la France de \u00ab\u00a0meurtre injustifi\u00e9\u00a0\u00bb"},"content":{"rendered":"<p>\n    Apr\u00e8s la mort de l&rsquo;auteur d&rsquo;une attaque au couteau \u00e0 Marseille, abattu par la police, Tunis a affirm\u00e9 que cet acte paraissait injustifi\u00e9 et qu&rsquo;ils entendaient \u00ab prendre toutes les mesures pour pr\u00e9server les droits du d\u00e9funt et ceux de sa famille \u00bb. Apr\u00e8s l&rsquo;Alg\u00e9rie, c&rsquo;est donc son voisin qui semble prendre la voie du bras de fer diplomatique avec la France.\n<\/p>\n<p class=\"article-text article-body__item\">\n    Mardi, un ressortissant d\u2019origine tunisienne a \u00e9t\u00e9 abattu dans les rues de Marseille par la police apr\u00e8s une attaque au couteau faisant cinq bless\u00e9s. Dans la foul\u00e9e, mercredi soir Tunis a d\u00e9clar\u00e9 que cette neutralisation de l\u2019individu qui avait poignard\u00e9 plusieurs personnes \u00e9tait un \u00ab meurtre injustifi\u00e9 \u00bb. Le minist\u00e8re tunisien des Affaires \u00e9trang\u00e8res a \u00e9galement annonc\u00e9 dans un communiqu\u00e9 avoir convoqu\u00e9 le charg\u00e9 d&rsquo;affaires par int\u00e9rim de l&rsquo;ambassade de France \u00e0 Tunis pour lui faire part de sa \u00ab vive protestation \u00bb. Une r\u00e9action qui laisse craindre un engrenage diplomatique qui pourrait s\u2019ajouter aux <a href=\"https:\/\/www.marianne.net\/monde\/geopolitique\/la-france-doit-etre-forte-et-se-faire-respecter-emmanuel-macron-demande-plus-de-fermete-a-l-egard-de-l-algerie\" rel=\"nofollow noopener\" target=\"_blank\">vives tensions d\u00e9j\u00e0 existantes entre la France et l\u2019Alg\u00e9rie<\/a> voisine.\n<\/p>\n<p>Un p\u00e9riple criminel<\/p>\n<p class=\"article-text article-body__item\">\n    Au cours de cet entretien entre les autorit\u00e9s locales et le repr\u00e9sentant fran\u00e7ais, le minist\u00e8re a pr\u00e9cis\u00e9 avoir demand\u00e9 au charg\u00e9 d&rsquo;affaires de l\u2019ambassade \u00ab de transmettre aux autorit\u00e9s de son pays le fait que la Tunisie consid\u00e8re cet incident comme un meurtre injustifi\u00e9, et attend de la partie fran\u00e7aise toute la rigueur et la c\u00e9l\u00e9rit\u00e9 n\u00e9cessaires dans l\u2019enqu\u00eate \u00bb et a ajout\u00e9 que le pays entendait \u00ab prendre toutes les mesures pour pr\u00e9server les droits du d\u00e9funt et ceux de sa famille \u00bb.\n<\/p>\n<p class=\"article-text article-body__item\">\n    <strong>\u00c0 LIRE AUSSI : <a href=\"https:\/\/www.marianne.net\/monde\/afrique\/on-paye-leurs-chamailleries-les-algeriens-face-a-la-nouvelle-degradation-des-relations-avec-paris\" rel=\"nofollow noopener\" target=\"_blank\">\u00ab\u00a0On paye leurs chamailleries\u00a0\u00bb : les Alg\u00e9riens face \u00e0 la nouvelle d\u00e9gradation des relations avec Paris<\/a><\/strong>\n<\/p>\n<p class=\"article-text article-body__item\">\n    Au c\u0153ur des \u00e9changes, la situation de l\u2019auteur des faits, un tunisien identifi\u00e9 comme Abdelkader Dibi, 35 ans. Le procureur de Marseille a indiqu\u00e9 que le suspect, malgr\u00e9 les cris de \u00ab Allah akbar \u00bb entendus lors des actes, \u00ab n&rsquo;apparaissait pas radicalis\u00e9 mais souffrant de troubles psychiatriques \u00bb. Son profil est trouble, il \u00e9tait notamment connu pour \u00ab sa violence et ses probl\u00e8mes d&rsquo;addiction \u00e0 la fois \u00e0 la coca\u00efne et \u00e0 l\u2019alcool \u00bb, selon le magistrat, et avait d\u00e9j\u00e0 \u00e9t\u00e9 condamn\u00e9 \u00e0 La Rochelle pour des violences avec arme commises en 2023 sur un neveu.\n<\/p>\n<p class=\"article-text article-body__item\">\n    <strong>\u00c0 LIRE AUSSI : <a href=\"https:\/\/www.marianne.net\/societe\/medias\/un-piege-algerien-l-histoire-de-la-condamnation-de-christophe-gleizes-journaliste-a-so-foot\" rel=\"nofollow noopener\" target=\"_blank\">Un pi\u00e8ge alg\u00e9rien\u00a0: l&rsquo;histoire de la condamnation de Christophe Gleizes, journaliste \u00e0 \u00ab\u00a0So Foot\u00a0\u00bb<\/a><\/strong>\n<\/p>\n<p class=\"article-text article-body__item\">\n    Au d\u00e9part de cet apr\u00e8s-midi qui a men\u00e9 \u00e0 la mort de l\u2019individu, le procureur explique que celui-ci a \u00e9t\u00e9 expuls\u00e9 de son h\u00f4tel pour d\u00e9faut de paiement. Suite aux attaques, celui-ci a \u00e9t\u00e9 rep\u00e9r\u00e9 par la police alors qu\u2019il \u00e9tait en errance dans les rues, un couteau dans une main et une barre de fer dans l\u2019autre \u2013 comme on peut le voir sur les vid\u00e9os prises par des passants. Mena\u00e7ant les forces de police qui le prenaient en joue, l\u2019homme a re\u00e7u cinq balles dans le corps sur les six tir\u00e9es par les forces de l\u2019ordre. Il n\u2019a pas pu \u00eatre r\u00e9anim\u00e9 et est d\u00e9c\u00e9d\u00e9 sur place. Comme \u00e0 l\u2019accoutum\u00e9e dans ce genre d\u2019affaire, l\u2019Inspection g\u00e9n\u00e9rale de la Police nationale (IGPN) a \u00e9t\u00e9 saisie. Le procureur a toutefois soulign\u00e9 que, \u00ab au regard des \u00e9l\u00e9ments objectifs [\u2026] la l\u00e9gitime d\u00e9fense est tr\u00e8s fortement envisag\u00e9e \u00bb.<\/p>\n","protected":false},"excerpt":{"rendered":"Apr\u00e8s la mort de l&rsquo;auteur d&rsquo;une attaque au couteau \u00e0 Marseille, abattu par la police, Tunis a affirm\u00e9&hellip;\n","protected":false},"author":2,"featured_media":365828,"comment_status":"","ping_status":"","sticky":false,"template":"","format":"standard","meta":{"footnotes":""},"categories":[2814],"tags":[1111,11,1777,674,1011,27,884,12,882,25],"class_list":{"0":"post-365827","1":"post","2":"type-post","3":"status-publish","4":"format-standard","5":"has-post-thumbnail","7":"category-marseille","8":"tag-actu","9":"tag-actualites","10":"tag-eu","11":"tag-europe","12":"tag-fr","13":"tag-france","14":"tag-marseille","15":"tag-news","16":"tag-provence-alpes-cote-dazur","17":"tag-republique-francaise"},"share_on_mastodon":{"url":"https:\/\/pubeurope.com\/@fr\/115146416671918503","error":""},"_links":{"self":[{"href":"https:\/\/www.europesays.com\/fr\/wp-json\/wp\/v2\/posts\/365827","targetHints":{"allow":["GET"]}}],"collection":[{"href":"https:\/\/www.europesays.com\/fr\/wp-json\/wp\/v2\/posts"}],"about":[{"href":"https:\/\/www.europesays.com\/fr\/wp-json\/wp\/v2\/types\/post"}],"author":[{"embeddable":true,"href":"https:\/\/www.europesays.com\/fr\/wp-json\/wp\/v2\/users\/2"}],"replies":[{"embeddable":true,"href":"https:\/\/www.europesays.com\/fr\/wp-json\/wp\/v2\/comments?post=365827"}],"version-history":[{"count":0,"href":"https:\/\/www.europesays.com\/fr\/wp-json\/wp\/v2\/posts\/365827\/revisions"}],"wp:featuredmedia":[{"embeddable":true,"href":"https:\/\/www.europesays.com\/fr\/wp-json\/wp\/v2\/media\/365828"}],"wp:attachment":[{"href":"https:\/\/www.europesays.com\/fr\/wp-json\/wp\/v2\/media?parent=365827"}],"wp:term":[{"taxonomy":"category","embeddable":true,"href":"https:\/\/www.europesays.com\/fr\/wp-json\/wp\/v2\/categories?post=365827"},{"taxonomy":"post_tag","embeddable":true,"href":"https:\/\/www.europesays.com\/fr\/wp-json\/wp\/v2\/tags?post=365827"}],"curies":[{"name":"wp","href":"https:\/\/api.w.org\/{rel}","templated":true}]}}