{"id":365829,"date":"2025-09-04T14:07:12","date_gmt":"2025-09-04T14:07:12","guid":{"rendered":"https:\/\/www.europesays.com\/fr\/365829\/"},"modified":"2025-09-04T14:07:12","modified_gmt":"2025-09-04T14:07:12","slug":"je-pars-pour-laventure-jean-michel-aulas-confirme-sa-candidature-pour-la-mairie-de-lyon","status":"publish","type":"post","link":"https:\/\/www.europesays.com\/fr\/365829\/","title":{"rendered":"\u00ab\u00a0Je pars pour l\u2019aventure\u00a0\u00bb : Jean-Michel Aulas confirme sa candidature pour la mairie de Lyon"},"content":{"rendered":"<p><strong>Laurent Wauquiez et Pierre Oliver ont officialis\u00e9 le soutien des R\u00e9publicains \u00e0 la candidature de Jean-Michel Aulas pour les municipales \u00e0 Lyon. L\u2019ex-pr\u00e9sident de l\u2019OL \u00ab\u00a0officialisera sa candidature d\u2019ici quelques jours\u00a0\u00bb<\/strong><\/p>\n<p>\u00ab\u00a0Je\u00a0pars pour l\u2019aventure dans quelques jours sans \u00e9tiquette.\u00a0\u00bb<\/p>\n<p>C\u2019\u00e9tait un secret de Polichinelle, mais c\u2019est cette fois bien confirm\u00e9 : l\u2019ancien pr\u00e9sident de l\u2019Olympique lyonnais Jean-Michel Aulas a annonc\u00e9, jeudi 4\u00a0septembre, qu\u2019il sera bien candidat \u00e0 la mairie de Lyon.<\/p>\n<p>Il a tenu une conf\u00e9rence de presse avec le d\u00e9put\u00e9 LR Laurent Wauquiez et Pierre Oliver, maire LR du 2e arrondissement de Lyon qui fut un temps candidat.<\/p>\n<p>\u00ab\u00a0\u00c7a fait un moment que je r\u00e9fl\u00e9chis. Je me suis rendu compte que pour transformer les choses, gagner la ville de Lyon, il fallait \u00eatre uni. On est dans les starting-blocks\u00a0\u00bb, a assur\u00e9 l\u2019ancien dirigeant de l\u2019OL.<\/p>\n<p>Ce dernier\u00a0a obtenu l\u2019assurance de ne pas \u00eatre oppos\u00e9 \u00e0 un candidat LR\u00a0: Pierre Oliver s\u2019est ainsi retir\u00e9 du scrutin \u00e0 son profit.<\/p>\n<p>\u00ab\u00a0Je suis heureux qu\u2019on puisse s\u2019associer. Nous avons envie de redonner l\u2019attractivit\u00e9 \u00e0 notre territoire.\u00a0\u00bb<\/p>\n<p>Et de lancer : \u00ab\u00a0 Nous voulons tourner la page des \u00e9cologistes ! \u00bb.<\/p>\n<p>Jean-Michl Aulas veut\u00a0\u00abrefaire de Lyon un mod\u00e8le, pour les Lyonnais, et les gens qui n\u2019habitent pas \u00e0 Lyon\u00bb.<\/p>\n<p>Enfin, Jean-Michel Aulas assure \u00abrefusera les \u00e9tiquettes politiques\u00bb\u00a0et\u00a0\u00abs\u2019entourera des gens les plus dynamiques\u00bb\u00a0pour le territoire\u2026\u00a0\u00bb<\/p>\n<p>\u00a0<\/p>\n","protected":false},"excerpt":{"rendered":"Laurent Wauquiez et Pierre Oliver ont officialis\u00e9 le soutien des R\u00e9publicains \u00e0 la candidature de Jean-Michel Aulas pour&hellip;\n","protected":false},"author":2,"featured_media":365830,"comment_status":"","ping_status":"","sticky":false,"template":"","format":"standard","meta":{"footnotes":""},"categories":[1889],"tags":[1111,11,2430,1777,674,1011,27,2428,12,25],"class_list":{"0":"post-365829","1":"post","2":"type-post","3":"status-publish","4":"format-standard","5":"has-post-thumbnail","7":"category-lyon","8":"tag-actu","9":"tag-actualites","10":"tag-auvergne-rhone-alpes","11":"tag-eu","12":"tag-europe","13":"tag-fr","14":"tag-france","15":"tag-lyon","16":"tag-news","17":"tag-republique-francaise"},"share_on_mastodon":{"url":"https:\/\/pubeurope.com\/@fr\/115146420661957579","error":""},"_links":{"self":[{"href":"https:\/\/www.europesays.com\/fr\/wp-json\/wp\/v2\/posts\/365829","targetHints":{"allow":["GET"]}}],"collection":[{"href":"https:\/\/www.europesays.com\/fr\/wp-json\/wp\/v2\/posts"}],"about":[{"href":"https:\/\/www.europesays.com\/fr\/wp-json\/wp\/v2\/types\/post"}],"author":[{"embeddable":true,"href":"https:\/\/www.europesays.com\/fr\/wp-json\/wp\/v2\/users\/2"}],"replies":[{"embeddable":true,"href":"https:\/\/www.europesays.com\/fr\/wp-json\/wp\/v2\/comments?post=365829"}],"version-history":[{"count":0,"href":"https:\/\/www.europesays.com\/fr\/wp-json\/wp\/v2\/posts\/365829\/revisions"}],"wp:featuredmedia":[{"embeddable":true,"href":"https:\/\/www.europesays.com\/fr\/wp-json\/wp\/v2\/media\/365830"}],"wp:attachment":[{"href":"https:\/\/www.europesays.com\/fr\/wp-json\/wp\/v2\/media?parent=365829"}],"wp:term":[{"taxonomy":"category","embeddable":true,"href":"https:\/\/www.europesays.com\/fr\/wp-json\/wp\/v2\/categories?post=365829"},{"taxonomy":"post_tag","embeddable":true,"href":"https:\/\/www.europesays.com\/fr\/wp-json\/wp\/v2\/tags?post=365829"}],"curies":[{"name":"wp","href":"https:\/\/api.w.org\/{rel}","templated":true}]}}