{"id":365833,"date":"2025-09-04T14:10:12","date_gmt":"2025-09-04T14:10:12","guid":{"rendered":"https:\/\/www.europesays.com\/fr\/365833\/"},"modified":"2025-09-04T14:10:12","modified_gmt":"2025-09-04T14:10:12","slug":"argent-de-poche-en-ile-de-france-les-ados-touchent-27-euros-par-mois","status":"publish","type":"post","link":"https:\/\/www.europesays.com\/fr\/365833\/","title":{"rendered":"Argent de poche : en \u00cele-de-France, les ados touchent 27 euros par mois"},"content":{"rendered":"<p><img loading=\"lazy\" decoding=\"async\" alt=\"\u00a9 Shutterstock - Le barom\u00e8tre Pixpay 2025 r\u00e9v\u00e8le que les jeunes Franciliens touchent en moyenne 27 euros par mois, avec une gestion de plus en plus tourn\u00e9e vers la carte et le smartphone.\" data-zoom-src=\"https:\/\/www.europesays.com\/fr\/wp-content\/uploads\/2025\/09\/initial-argent-de-poche-enfant.jpg\" data-zoomable=\"\" height=\"702\" src=\"https:\/\/www.europesays.com\/fr\/wp-content\/uploads\/2025\/09\/initial-argent-de-poche-enfant.jpg\" width=\"1248\"\/>  <\/p>\n<p class=\"article-desc\">\u00a9 Shutterstock &#8211; Le barom\u00e8tre Pixpay 2025 r\u00e9v\u00e8le que les jeunes Franciliens touchent en moyenne 27 euros par mois, avec une gestion de plus en plus tourn\u00e9e vers la carte et le smartphone. <\/p>\n<p>En \u00cele-de-France, comme ailleurs en France, l\u2019<strong>argent de poche<\/strong> accord\u00e9 aux <a href=\"https:\/\/mesinfos.fr\/77210-avon\/avon-brigitte-macron-a-la-rencontre-des-adolescents-207880.html\" rel=\"noopener nofollow\" target=\"_blank\">adolescents<\/a> subit un l\u00e9ger recul. En 2025, il s\u2019\u00e9tablit en moyenne \u00e0 <strong>27 \u20ac par mois<\/strong>, soit 3 \u20ac de moins qu\u2019en 2024, ce qui repr\u00e9sente <strong>une baisse de pr\u00e8s de 10 %<\/strong>. Derri\u00e8re cette somme, se cache bien plus qu\u2019un simple \u201cbonus\u201d : pour beaucoup d\u2019adolescents, l\u2019argent de poche est per\u00e7u comme une <strong>premi\u00e8re exp\u00e9rience de gestion budg\u00e9taire<\/strong>, un apprentissage du \u201csalaire\u201d \u00e0 \u00e9ch\u00e9ance fixe. Seuls <strong>58 % des jeunes <\/strong>d\u00e9clarent cependant recevoir un versement r\u00e9gulier. <\/p>\n<p>Le r\u00f4le des parents reste central dans cette transmission. Le barom\u00e8tre rel\u00e8ve que <strong>75 % des m\u00e8res g\u00e8rent directement l\u2019argent de poche<\/strong> de leurs enfants, m\u00eame si les p\u00e8res, moins impliqu\u00e9s au quotidien, donnent en moyenne des sommes plus \u00e9lev\u00e9es (29 \u20ac contre 25 \u20ac). Cette r\u00e9alit\u00e9 s\u2019inscrit aussi dans un contexte r\u00e9gional o\u00f9 les d\u00e9penses li\u00e9es \u00e0 l\u2019\u00e9ducation, aux transports et aux loisirs sont particuli\u00e8rement \u00e9lev\u00e9es.<\/p>\n<p>  Vers la fin du cash, le triomphe du smartphone <\/p>\n<p>Le barom\u00e8tre confirme \u00e9galement un <strong>bouleversement g\u00e9n\u00e9rationnel<\/strong> : le <strong>paiement mobile<\/strong> et la <a href=\"https:\/\/mesinfos.fr\/ile-de-france\/paiement-par-carte-6-banques-epinglees-pour-frais-excessifs-30019.html\" rel=\"noopener nofollow\" target=\"_blank\">carte bancaire<\/a> deviennent des outils incontournables. Pr\u00e8s d\u2019un adolescent sur deux (47 %) effectue d\u00e9j\u00e0 ses <strong>paiements par smartphone<\/strong>, une tendance en hausse de 4 points par rapport \u00e0 2024. Cette mutation est encore plus marqu\u00e9e en \u00cele-de-France, territoire particuli\u00e8rement connect\u00e9 et adepte des solutions num\u00e9riques. Pour beaucoup de jeunes Franciliens, le cash est d\u00e9sormais per\u00e7u comme un mode de paiement \u201cd\u2019adultes\u201d.<\/p>\n","protected":false},"excerpt":{"rendered":"\u00a9 Shutterstock &#8211; Le barom\u00e8tre Pixpay 2025 r\u00e9v\u00e8le que les jeunes Franciliens touchent en moyenne 27 euros par&hellip;\n","protected":false},"author":2,"featured_media":365834,"comment_status":"","ping_status":"","sticky":false,"template":"","format":"standard","meta":{"footnotes":""},"categories":[1592],"tags":[1111,11,3959,1777,674,1011,27,662,12,626,2922,25],"class_list":{"0":"post-365833","1":"post","2":"type-post","3":"status-publish","4":"format-standard","5":"has-post-thumbnail","7":"category-ile-de-france","8":"tag-actu","9":"tag-actualites","10":"tag-adolescents","11":"tag-eu","12":"tag-europe","13":"tag-fr","14":"tag-france","15":"tag-ile-de-france","16":"tag-news","17":"tag-paris","18":"tag-pouvoir-dachat","19":"tag-republique-francaise"},"share_on_mastodon":{"url":"https:\/\/pubeurope.com\/@fr\/115146433193175160","error":""},"_links":{"self":[{"href":"https:\/\/www.europesays.com\/fr\/wp-json\/wp\/v2\/posts\/365833","targetHints":{"allow":["GET"]}}],"collection":[{"href":"https:\/\/www.europesays.com\/fr\/wp-json\/wp\/v2\/posts"}],"about":[{"href":"https:\/\/www.europesays.com\/fr\/wp-json\/wp\/v2\/types\/post"}],"author":[{"embeddable":true,"href":"https:\/\/www.europesays.com\/fr\/wp-json\/wp\/v2\/users\/2"}],"replies":[{"embeddable":true,"href":"https:\/\/www.europesays.com\/fr\/wp-json\/wp\/v2\/comments?post=365833"}],"version-history":[{"count":0,"href":"https:\/\/www.europesays.com\/fr\/wp-json\/wp\/v2\/posts\/365833\/revisions"}],"wp:featuredmedia":[{"embeddable":true,"href":"https:\/\/www.europesays.com\/fr\/wp-json\/wp\/v2\/media\/365834"}],"wp:attachment":[{"href":"https:\/\/www.europesays.com\/fr\/wp-json\/wp\/v2\/media?parent=365833"}],"wp:term":[{"taxonomy":"category","embeddable":true,"href":"https:\/\/www.europesays.com\/fr\/wp-json\/wp\/v2\/categories?post=365833"},{"taxonomy":"post_tag","embeddable":true,"href":"https:\/\/www.europesays.com\/fr\/wp-json\/wp\/v2\/tags?post=365833"}],"curies":[{"name":"wp","href":"https:\/\/api.w.org\/{rel}","templated":true}]}}