{"id":365835,"date":"2025-09-04T14:11:11","date_gmt":"2025-09-04T14:11:11","guid":{"rendered":"https:\/\/www.europesays.com\/fr\/365835\/"},"modified":"2025-09-04T14:11:11","modified_gmt":"2025-09-04T14:11:11","slug":"info-franceinfo-le-reanimateur-arnaud-chiche-fondateur-du-collectif-sante-en-danger-vise-par-une-plainte-pour-des-messages-haineux-devant-lordre-des-medecins","status":"publish","type":"post","link":"https:\/\/www.europesays.com\/fr\/365835\/","title":{"rendered":": Info franceinfo Le r\u00e9animateur Arnaud Chiche, fondateur du collectif Sant\u00e9 en danger, vis\u00e9 par une plainte pour des \u00ab\u00a0messages haineux\u00a0\u00bb devant l&rsquo;Ordre des m\u00e9decins"},"content":{"rendered":"\n<p class=\"c-chapo \">\n  Plusieurs syndicats d&rsquo;infirmiers reprochent \u00e0 cet anesth\u00e9siste-r\u00e9animateur de s&rsquo;en prendre sur les r\u00e9seaux sociaux \u00e0 \u00ab\u00a0toute personne qui viendrait lui apporter la contradiction\u00a0\u00bb, d\u00e9plorant sa \u00ab\u00a0condescendance\u00a0\u00bb vis-\u00e0-vis de la profession d&rsquo;infirmier.\n<\/p>\n<p>            lire plus tard<\/p>\n<p id=\"dialog__title\" class=\"dialog__title\">Pour sauvegarder cet article, connectez-vous ou cr\u00e9ez un compte franceinfo<\/p>\n<p class=\"dialog__description\">Sans paiement. Sans abonnement.<\/p>\n<p>        Fermer la fen\u00eatre d\u2019activation des notifications France Info<\/p>\n<p>            cr\u00e9er votre compte<\/p>\n<p>            se connecter<\/p>\n<p>        Fermer la fen\u00eatre de pr\u00e9sentation<\/p>\n<p>    <img loading=\"lazy\" decoding=\"async\" class=\"signature__image lazyload\" width=\"100\" height=\"100\" data- alt=\"\" src=\"https:\/\/www.europesays.com\/fr\/wp-content\/uploads\/2025\/09\/61b8d1207b8f6_juliette-live.png\"\/><\/p>\n<p>    Publi\u00e9 le 04\/09\/2025 14:37<\/p>\n<p>      Mis \u00e0 jour le 04\/09\/2025 14:48<\/p>\n<p>        Temps de lecture : 8min<\/p>\n<p>    <img decoding=\"async\"  alt=\"Arnaud Chiche, \u00e0 la polyclinique d'H\u00e9nin-Beaumont (Pas-de-Calais), le 3 f\u00e9vrier 2022. (COURBE \/ MAXPPP)\" width=\"432\" height=\"243\" src=\"https:\/\/www.europesays.com\/fr\/wp-content\/uploads\/2025\/09\/maxnewsspecial625202-68b92b97493d0366464026.jpg\" fetchpriority=\"high\"\/><\/p>\n<p>      Arnaud Chiche, \u00e0 la polyclinique d&rsquo;H\u00e9nin-Beaumont (Pas-de-Calais), le 3 f\u00e9vrier 2022. (COURBE \/ MAXPPP)<\/p>\n<p>Ils lui reprochent des\u00a0\u00ab\u00a0publications insultantes et m\u00e9prisantes\u00a0\u00bb. Des syndicats et collectifs d&rsquo;infirmiers ont transmis, jeudi 4 septembre, une plainte conjointe \u00e0 l&rsquo;Ordre des m\u00e9decins du Pas-de-Calais visant l&rsquo;anesth\u00e9siste-r\u00e9animateur Arnaud Chiche, pr\u00e9sident-fondateur du collectif Sant\u00e9 en danger. Dans ce document consult\u00e9 par franceinfo, ils d\u00e9noncent \u00ab\u00a0des propos contraires aux principes du Code de d\u00e9ontologie m\u00e9dicale sur divers r\u00e9seaux sociaux\u00a0\u00bb o\u00f9 il est accus\u00e9 d&rsquo;avoir publi\u00e9 \u00ab\u00a0des messages haineux, mena\u00e7ants et insultants \u00e0 l&rsquo;endroit de toute personne qui viendrait lui apporter la contradiction\u00a0\u00bb. Parmi les plaignants figurent la F\u00e9d\u00e9ration nationale des infirmiers (FNI), premier syndicat repr\u00e9sentatif des infirmiers lib\u00e9raux en France,<strong> <\/strong>ainsi que plusieurs branches locales (telles que la FNI 62 et la FNI 56), l&rsquo;Union nationale des infirmiers en pratique avanc\u00e9e (Unipa) et le Collectif des infirmiers lib\u00e9raux en col\u00e8re (Cilec). Six infirmiers et infirmi\u00e8res s&rsquo;y joignent \u00e9galement en leur nom propre.<\/p>\n<p>Arnaud Chiche, qui exerce \u00e0 la polyclinique d&rsquo;H\u00e9nin-Beaumont, s&rsquo;exprime tr\u00e8s souvent sur la page Facebook de son collectif, cr\u00e9\u00e9 \u00e0 l&rsquo;\u00e9t\u00e9 2020, qui rassemble plus de 237\u00a0000 membres. L&rsquo;objectif de cette association de loi 1901 est de f\u00e9d\u00e9rer \u00ab\u00a0tous les acteurs du syst\u00e8me de sant\u00e9\u00a0\u00bb pour le \u00ab\u00a0d\u00e9fendre\u00a0\u00bb et l'\u00a0\u00bbam\u00e9liorer\u00a0\u00bb, selon sa pr\u00e9sentation <a href=\"https:\/\/collectif-sed.org\/\" target=\"_blank\" rel=\"noopener nofollow\">sur son site internet<\/a>.\u00a0Il prend aussi fr\u00e9quemment la parole sur X, o\u00f9 il est suivi par quelque 6\u00a0500 abonn\u00e9s, ainsi que sur son compte LinkedIn (plus de 3\u00a0000 abonn\u00e9s). Il \u00ab\u00a0intervient sur ces r\u00e9seaux sociaux tant en son nom personnel qu&rsquo;en sa qualit\u00e9 de fondateur du collectif, sans qu&rsquo;il soit possible de faire une r\u00e9elle diff\u00e9renciation dans son discours sans retenue\u00a0\u00bb, soulignent les plaignants.\u00a0Les propos d&rsquo;Arnaud Chiche \u00ab\u00a0salissent la r\u00e9putation des personnes vis\u00e9es mais aussi la profession infirmi\u00e8re dans son ensemble\u00a0\u00bb, est-il mentionn\u00e9 en pr\u00e9ambule de cette plainte de dix pages dans laquelle plusieurs publications du m\u00e9decin sur X sont retranscrites. La plupart datent de cette ann\u00e9e et quelques autres remontent \u00e0 2021, 2022 et 2024.<\/p>\n<p>En ao\u00fbt, \u00e0 une infirmi\u00e8re lib\u00e9rale ayant remis en cause sa l\u00e9gitimit\u00e9 \u00e0 repr\u00e9senter l&rsquo;ensemble du corps m\u00e9dical, le m\u00e9decin aurait ainsi r\u00e9pondu\u00a0: \u00ab\u00a0Seule vous en \u00eates incapable, \u00e7a doit \u00eatre un probl\u00e8me de syntaxe d\u00e8s que vous parlez \u00e0 une personne importante\u00a0\u00bb. Et d&rsquo;ajouter, dans un autre message\u00a0: \u00ab\u00a0Vous \u00eates votre propre caricature. Tout le monde s&rsquo;en rend compte. Vous avez d\u00fb avoir une enfance malheureuse.\u00a0\u00bb La plainte pointe \u00ab\u00a0le m\u00eame d\u00e9dain\u00a0\u00bb dont Arnaud Chiche aurait fait preuve, en \u00e9voquant les comp\u00e9tences des infirmiers en pratique avanc\u00e9e (IPA). \u00ab\u00a0Tu t&rsquo;es r\u00e9inscrit au concours de m\u00e9decin ? Ou quand on a rat\u00e9 4 fois ce n&rsquo;est plus possible ?\u00a0\u00bb,<strong> <\/strong>r\u00e9pond le compte X du collectif Sant\u00e9 en danger \u00e0 une autre infirmi\u00e8re qui l&rsquo;a interpell\u00e9.\u00a0<\/p>\n<p>Contact\u00e9 par franceinfo, le m\u00e9decin reconna\u00eet \u00eatre l&rsquo;auteur de l&rsquo;ensemble de ces messages. Il affirme n&rsquo;avoir fait que r\u00e9pondre \u00e0 une vague de cyberharc\u00e8lement qui le viserait depuis plusieurs ann\u00e9es de la part d&rsquo;un \u00ab\u00a0groupuscule\u00a0\u00bb d&rsquo;infirmiers. \u00ab\u00a0C&rsquo;est l&rsquo;arroseur arros\u00e9\u00a0\u00bb, d\u00e9plore-t-il. \u00ab\u00a0Ils me vouent une haine absolue d&rsquo;\u00eatre \u00e0 la t\u00eate d&rsquo;un collectif tr\u00e8s pr\u00e9sent dans les m\u00e9dias, tr\u00e8s pr\u00e9sent sur les r\u00e9seaux sociaux et de r\u00e9ussir quelque chose d&rsquo;assez unique dans l&rsquo;histoire de la lutte en sant\u00e9\u00a0: rassembler des gens\u00a0\u00bb, estime Arnaud Chiche.\u00a0\u00ab\u00a0Tout y passe : je suis un harceleur sexuel, je suis un m\u00e9chant, un agressif&#8230; C&rsquo;est ce qu&rsquo;on appelle la calomnie\u00a0\u00bb, insiste-t-il, affirmant que ses publications v\u00e9h\u00e9mentes sont ses \u00ab\u00a0r\u00e9ponses \u00e0 des messages absolument odieux\u00a0\u00bb. L&rsquo;anesth\u00e9siste reconna\u00eet toutefois aupr\u00e8s de franceinfo qu&rsquo;il n&rsquo;aurait \u00ab\u00a0pas d\u00fb r\u00e9pondre \u00e7a\u00a0\u00bb.<\/p>\n<p>La plainte d\u00e9nonce aussi des insultes de la part d&rsquo;Arnaud Chiche lorsqu&rsquo;il s&rsquo;adresse \u00e0 des \u00ab\u00a0contradicteurs n&rsquo;ayant pas la m\u00eame audience\u00a0\u00bb que lui. \u00ab\u00a0Tu parles \u00e0 tes 50 abonn\u00e9s\u00a0? Parfois t&rsquo;as des r\u00e9ponses\u00a0? \u00c7a fait quoi d&rsquo;\u00eatre un moustique\u00a0? Invisible&#8230; Inutile&#8230;\u00a0\u00bb, a-t-il \u00e9crit dans un post en f\u00e9vrier 2024. \u00ab\u00a0T&rsquo;es invisible, tu es le rien, ton avis n&rsquo;int\u00e9resse que toi\u00a0\u00bb, lan\u00e7ait-il deux ans auparavant.\u00a0Le ton devient par moments \u00ab\u00a0mena\u00e7ant\u00a0\u00bb, insiste la plainte consult\u00e9e par franceinfo. \u00ab\u00a0Tu ne devrais pas dire des choses pareilles, ceux qui l&rsquo;ont fait s&rsquo;en souviennent. Pour en arriver \u00e0 jouer au ca\u00efd avec moi, faut vraiment que tu sois \u00e0 court d&rsquo;argument petit IADE [infirmier anesth\u00e9siste dipl\u00f4m\u00e9 d&rsquo;Etat]\u00a0\u00bb, \u00e9crit-il en mai 2024.<\/p>\n<p>Au-del\u00e0 des invectives nominatives, il s&rsquo;en est \u00e9galement pris \u00e0 plusieurs instances repr\u00e9sentatives, dont le Collectif des infirmiers lib\u00e9raux en col\u00e8re (Cilec), qu&rsquo;il a qualifi\u00e9 d'\u00a0\u00bbinsignifiant\u00a0\u00bb mais aussi la F\u00e9d\u00e9ration nationale des infirmiers (FNI), tax\u00e9e publiquement de \u00ab\u00a0complice de raclure\u00a0\u00bb. \u00ab\u00a0D\u00e9non\u00e7ant un pr\u00e9tendu cyberharc\u00e8lement, le docteur Arnaud Chiche s&rsquo;enferre dans une posture victimaire\u00a0\u00bb, rel\u00e8ve l&rsquo;avocat des plaignants, qui cite aussi de nombreuses menaces de poursuites en justice. Sur ce point, Arnaud Chiche confirme avoir attaqu\u00e9 en justice plusieurs personnes qu&rsquo;il consid\u00e8re \u00eatre ses harceleurs. Il d\u00e9clare s&rsquo;appr\u00eater de nouveau \u00e0 porter plainte au p\u00e9nal contre \u00ab\u00a0plusieurs individualit\u00e9s\u00a0\u00bb.\u00a0Il esp\u00e8re que l&rsquo;Ordre des m\u00e9decins se portera partie civile \u00e0 ses c\u00f4t\u00e9s \u00ab\u00a0pour d\u00e9fendre [son] honneur\u00a0\u00bb. Le m\u00e9decin pr\u00e9cise par ailleurs qu&rsquo;il compte \u00e9galement porter plainte devant l&rsquo;Ordre des infirmiers.\u00a0<strong><br \/><\/strong><\/p>\n<p>\u00ab\u00a0On est en d\u00e9mocratie, il peut penser ce qu&rsquo;il veut\u00a0\u00bb, commente Daniel Guillerm, pr\u00e9sident de la FNI. \u00ab\u00a0Mais ce qui nous a pouss\u00e9 \u00e0 porter plainte, c&rsquo;est son comportement sur les r\u00e9seaux sociaux, avec d\u00e9passement de la ligne jaune permanent ou quasi-permanent\u00a0\u00bb, explique-t-il \u00e0 franceinfo, d\u00e9non\u00e7ant par ailleurs \u00ab\u00a0le fait qu&rsquo;il s&rsquo;arroge la repr\u00e9sentativit\u00e9 de la parole infirmi\u00e8re sans l\u00e9gitimit\u00e9\u00a0\u00bb.<\/p>\n<blockquote class=\"ftvi_content_quote\">\n<p class=\"ftvi_citation_quote\">\u00ab\u00a0Toute personne qui n&rsquo;est pas d&rsquo;accord avec lui est l&rsquo;objet de pressions et de d\u00e9nigrements.\u00a0\u00bb<\/p>\n<p>Daniel Guillerm, pr\u00e9sident de la F\u00e9d\u00e9ration nationale des infirmiers<\/p>\n<p class=\"ftvi_citation_source\">\u00e0 franceinfo<\/p>\n<\/blockquote>\n<p>L&rsquo;avocat Arnaud de Lavaur, qui a r\u00e9dig\u00e9 la plainte,\u00a0rappelle dans le texte que le Conseil national de l&rsquo;Ordre des m\u00e9decins recommande \u00ab\u00a0au m\u00e9decin qui intervient en cette qualit\u00e9 sur les r\u00e9seaux sociaux de faire preuve de prudence et de mod\u00e9ration dans ses propos, m\u00eame s&rsquo;il le fait en utilisant un pseudonyme\u00a0\u00bb, soulignant que la\u00a0\u00ab\u00a0tenue de propos diffamatoires, calomnieux, injurieux ou discriminatoires est passible de poursuites judiciaires et disciplinaires\u00a0\u00bb.\u00a0L&rsquo;avocat estime avoir \u00e9tabli que le m\u00e9decin avait \u00ab\u00a0ouvertement d\u00e9nigr\u00e9 la profession infirmi\u00e8re et port\u00e9 atteinte \u00e0 l&rsquo;honneur et \u00e0 la consid\u00e9ration des infirmi\u00e8res et infirmiers vis\u00e9s\u00a0\u00bb.<\/p>\n<blockquote class=\"ftvi_content_quote\">\n<p class=\"ftvi_citation_quote\">\u00ab\u00a0Les publications insultantes et m\u00e9prisantes (&#8230;) sont contraires au principe immuable de respect mutuel entre professionnels de sant\u00e9.\u00a0\u00bb<\/p>\n<p>Les plaignants<\/p>\n<p class=\"ftvi_citation_source\">dans leur plainte \u00e0 l&rsquo;Ordre des m\u00e9decins<\/p>\n<\/blockquote>\n<p>Arnaud de Lavaur demande au Conseil d\u00e9partemental de l&rsquo;Ordre des m\u00e9decins \u00ab\u00a0de bien vouloir convoquer les parties \u00e0 une r\u00e9union de conciliation\u00a0\u00bb, soit la premi\u00e8re \u00e9tape lors de la saisine de cette juridiction. Si le diff\u00e9rend est r\u00e9solu, la plainte pourra \u00eatre retir\u00e9e. Dans le cas contraire, elle sera transmise en chambre disciplinaire et une sanction pourra \u00eatre prise \u00e0 l&rsquo;encontre par cette instance \u00e0 l&rsquo;encontre d&rsquo;Arnaud Chiche, allant d&rsquo;un avertissement \u00e0 une radiation.<\/p>\n","protected":false},"excerpt":{"rendered":"Plusieurs syndicats d&rsquo;infirmiers reprochent \u00e0 cet anesth\u00e9siste-r\u00e9animateur de s&rsquo;en prendre sur les r\u00e9seaux sociaux \u00e0 \u00ab\u00a0toute personne qui&hellip;\n","protected":false},"author":2,"featured_media":365836,"comment_status":"","ping_status":"","sticky":false,"template":"","format":"standard","meta":{"footnotes":""},"categories":[1888],"tags":[1111,1928,11,1927,1777,674,1011,27,12,1926,626,1925,25],"class_list":{"0":"post-365835","1":"post","2":"type-post","3":"status-publish","4":"format-standard","5":"has-post-thumbnail","7":"category-paris","8":"tag-actu","9":"tag-actu-paris","10":"tag-actualites","11":"tag-actualites-paris","12":"tag-eu","13":"tag-europe","14":"tag-fr","15":"tag-france","16":"tag-news","17":"tag-news-paris","18":"tag-paris","19":"tag-paris-news","20":"tag-republique-francaise"},"share_on_mastodon":{"url":"https:\/\/pubeurope.com\/@fr\/115146436470204187","error":""},"_links":{"self":[{"href":"https:\/\/www.europesays.com\/fr\/wp-json\/wp\/v2\/posts\/365835","targetHints":{"allow":["GET"]}}],"collection":[{"href":"https:\/\/www.europesays.com\/fr\/wp-json\/wp\/v2\/posts"}],"about":[{"href":"https:\/\/www.europesays.com\/fr\/wp-json\/wp\/v2\/types\/post"}],"author":[{"embeddable":true,"href":"https:\/\/www.europesays.com\/fr\/wp-json\/wp\/v2\/users\/2"}],"replies":[{"embeddable":true,"href":"https:\/\/www.europesays.com\/fr\/wp-json\/wp\/v2\/comments?post=365835"}],"version-history":[{"count":0,"href":"https:\/\/www.europesays.com\/fr\/wp-json\/wp\/v2\/posts\/365835\/revisions"}],"wp:featuredmedia":[{"embeddable":true,"href":"https:\/\/www.europesays.com\/fr\/wp-json\/wp\/v2\/media\/365836"}],"wp:attachment":[{"href":"https:\/\/www.europesays.com\/fr\/wp-json\/wp\/v2\/media?parent=365835"}],"wp:term":[{"taxonomy":"category","embeddable":true,"href":"https:\/\/www.europesays.com\/fr\/wp-json\/wp\/v2\/categories?post=365835"},{"taxonomy":"post_tag","embeddable":true,"href":"https:\/\/www.europesays.com\/fr\/wp-json\/wp\/v2\/tags?post=365835"}],"curies":[{"name":"wp","href":"https:\/\/api.w.org\/{rel}","templated":true}]}}