{"id":365837,"date":"2025-09-04T14:12:12","date_gmt":"2025-09-04T14:12:12","guid":{"rendered":"https:\/\/www.europesays.com\/fr\/365837\/"},"modified":"2025-09-04T14:12:12","modified_gmt":"2025-09-04T14:12:12","slug":"la-chute-des-halteres-dans-une-salle-de-sport-fait-trembler-tout-un-immeuble","status":"publish","type":"post","link":"https:\/\/www.europesays.com\/fr\/365837\/","title":{"rendered":"La chute des halt\u00e8res dans une salle de sport fait trembler tout un immeuble"},"content":{"rendered":"<p class=\"mb-4 text-lg md:leading-8 break-words\"><strong>VIBRATIONS &#8211; Les vibrations caus\u00e9es par une salle de sport r\u00e9cemment ouverte dans le\u00a019e\u00a0arrondissement de Paris\u00a0rendent le quotidien des r\u00e9sidents de l\u2019immeuble invivable<\/strong><\/p>\n<p class=\"mb-4 text-lg md:leading-8 break-words\">Les habitants d\u2019un immeuble du\u00a019e\u00a0arrondissement de <a href=\"https:\/\/www.20minutes.fr\/paris\/?at_medium=RSS%20feed&amp;at_campaign=ynews&amp;utm_source=yahoo&amp;utm_medium=rss&amp;utm_campaign=news_feed&amp;utm_content=in_article_link\" rel=\"nofollow noopener\" target=\"_blank\" data-ylk=\"slk:Paris;elm:context_link;itc:0;sec:content-canvas\" class=\"link \">Paris<\/a> vivent un calvaire depuis plusieurs semaines. L\u2019installation d\u2019une <a href=\"https:\/\/www.20minutes.fr\/sport\/?at_medium=RSS%20feed&amp;at_campaign=ynews&amp;utm_source=yahoo&amp;utm_medium=rss&amp;utm_campaign=news_feed&amp;utm_content=in_article_link\" rel=\"nofollow noopener\" target=\"_blank\" data-ylk=\"slk:salle de sport;elm:context_link;itc:0;sec:content-canvas\" class=\"link \">salle de sport<\/a> au rez-de-chauss\u00e9e du b\u00e2timent rend leur quotidien invivable, rapporte <a href=\"https:\/\/www.leparisien.fr\/paris-75\/je-frole-la-crise-de-nerfs-quand-les-halteres-dune-salle-de-sport-font-trembler-tout-un-immeuble-a-paris-04-09-2025-VOYXKT2PI5H6DP3ZJ5PXTSKMJ4.php?ts=1756972002770&amp;at_medium=RSS%20feed&amp;at_campaign=ynews&amp;utm_source=yahoo&amp;utm_medium=rss&amp;utm_campaign=news_feed&amp;utm_content=in_article_link\" rel=\"nofollow noopener\" target=\"_blank\" data-ylk=\"slk:Le Parisien;elm:context_link;itc:0;sec:content-canvas\" class=\"link \">Le Parisien<\/a>\u00a0ce jeudi.<\/p>\n<p class=\"mb-4 text-lg md:leading-8 break-words\">L\u2019espace baptis\u00e9 On Air\u00a0a ouvert en mars dernier et accueille les sportifs de 6h \u00e0 23h tous les jours. Toute la journ\u00e9e, le bruit des <a href=\"https:\/\/www.20minutes.fr\/dossier\/halterophilie?at_medium=RSS%20feed&amp;at_campaign=ynews&amp;utm_source=yahoo&amp;utm_medium=rss&amp;utm_campaign=news_feed&amp;utm_content=in_article_link\" rel=\"nofollow noopener\" target=\"_blank\" data-ylk=\"slk:halt\u00e8res;elm:context_link;itc:0;sec:content-canvas\" class=\"link \">halt\u00e8res<\/a> et des poids qui tombent et rebondissent sur le sol r\u00e9sonnent dans les \u00e9tages. Les habitants expliquent \u00ab\u00a0ressentir les vibrations des poids qui se r\u00e9percutent \u00e0 travers les murs\u00a0\u00bb.<\/p>\n<p>Des habitants inquiets<\/p>\n<p class=\"mb-4 text-lg md:leading-8 break-words\">\u00ab\u00a0Parfois, je passe mes journ\u00e9es avec des bouchons d\u2019oreilles\u00a0\u00bb, confie une habitante du 2e \u00e9tage. Le b\u00e2timent tremble tellement que les personnes qui y vivent craignent que cela ait des r\u00e9percussions sur l\u2019int\u00e9grit\u00e9 de la structure. Beaucoup de r\u00e9sidents se plaignent mais certains ne parlent pas fran\u00e7ais et ne peuvent donc lancer les d\u00e9marches n\u00e9cessaires en cas de nuisance.<\/p>\n<p class=\"mb-4 text-lg md:leading-8 break-words\">Malheureusement, cela ne suffit pas toujours. Des travaux sont donc pr\u00e9vus et un nouveau, plus \u00e9pais et avec une plus grande capacit\u00e9 d\u2019absorption et d\u2019isolation va \u00eatre install\u00e9 apr\u00e8s un premier test concluant. Les travaux sont estim\u00e9s entre 70.000 et 80.000 \u20ac. \u00ab\u00a0C\u2019est s\u00fbr que \u00e7a pique un peu, mais on n\u2019h\u00e9site pas une seconde dans ce cas\u00a0\u00bb, affirme un repr\u00e9sentant, pour qui la pr\u00e9sence de la salle ne doit pas constituer une nuisance quelconque.<\/p>\n<p class=\"mb-4 text-lg md:leading-8 break-words\">Malheureusement, cela ne suffit pas toujours. Des travaux sont donc pr\u00e9vus et un nouvea(&#8230;)<\/p>\n<p class=\"mb-4 text-lg md:leading-8 break-words\"><a href=\"https:\/\/www.20minutes.fr\/faits_divers\/4171203-20250904-paris-chute-halteres-salle-sport-fait-trembler-tout-immeuble?at_medium=RSS%20feed&amp;at_campaign=ynews&amp;utm_source=yahoo&amp;utm_medium=rss&amp;utm_campaign=news_feed&amp;utm_content=read_more_link&quot;\" rel=\"nofollow noopener\" target=\"_blank\" data-ylk=\"slk:Lire la suite sur 20minutes;elm:context_link;itc:0;sec:content-canvas\" class=\"link \">Lire la suite sur 20minutes<\/a><\/p>\n<p>\u00c0 lire aussi :<br \/><a href=\"https:\/\/www.20minutes.fr\/faits_divers\/4170565-20250901-pyrenees-orientales-soiree-mousse-tourne-mal-dix-jeunes-blesses-hospitalises?at_medium=RSS%20feed&amp;at_campaign=ynews&amp;utm_source=yahoo&amp;utm_medium=rss&amp;utm_campaign=news_feed&amp;utm_content=related_content_link\" rel=\"nofollow noopener\" target=\"_blank\" data-ylk=\"slk:Pyr\u00e9n\u00e9es-Orientales\u00a0: La soir\u00e9e mousse tourne mal, dix jeunes bless\u00e9s et hospitalis\u00e9s;elm:context_link;itc:0;sec:content-canvas\" class=\"link \">Pyr\u00e9n\u00e9es-Orientales\u00a0: La soir\u00e9e mousse tourne mal, dix jeunes bless\u00e9s et hospitalis\u00e9s<\/a><br \/><a href=\"https:\/\/www.20minutes.fr\/societe\/4170319-20250830-orange-distribution-fournitures-scolaires-organisee-dealers-interdite-prefet?at_medium=RSS%20feed&amp;at_campaign=ynews&amp;utm_source=yahoo&amp;utm_medium=rss&amp;utm_campaign=news_feed&amp;utm_content=related_content_link\" rel=\"nofollow noopener\" target=\"_blank\" data-ylk=\"slk:Orange\u00a0: Une distribution de fournitures scolaires organis\u00e9e par des\u2026 dealers, interdite par le pr\u00e9fet;elm:context_link;itc:0;sec:content-canvas\" class=\"link \">Orange\u00a0: Une distribution de fournitures scolaires organis\u00e9e par des\u2026 dealers, interdite par le pr\u00e9fet<\/a><\/p>\n","protected":false},"excerpt":{"rendered":"VIBRATIONS &#8211; Les vibrations caus\u00e9es par une salle de sport r\u00e9cemment ouverte dans le\u00a019e\u00a0arrondissement de Paris\u00a0rendent le quotidien&hellip;\n","protected":false},"author":2,"featured_media":365838,"comment_status":"","ping_status":"","sticky":false,"template":"","format":"standard","meta":{"footnotes":""},"categories":[1888],"tags":[28937,1111,1928,11,1927,1777,674,1011,27,5553,10877,12,1926,626,1925,25,9074],"class_list":{"0":"post-365837","1":"post","2":"type-post","3":"status-publish","4":"format-standard","5":"has-post-thumbnail","7":"category-paris","8":"tag-19e-arrondissement","9":"tag-actu","10":"tag-actu-paris","11":"tag-actualites","12":"tag-actualites-paris","13":"tag-eu","14":"tag-europe","15":"tag-fr","16":"tag-france","17":"tag-le-parisien","18":"tag-les-habitants","19":"tag-news","20":"tag-news-paris","21":"tag-paris","22":"tag-paris-news","23":"tag-republique-francaise","24":"tag-salle-de-sport"},"share_on_mastodon":{"url":"https:\/\/pubeurope.com\/@fr\/115146440439364746","error":""},"_links":{"self":[{"href":"https:\/\/www.europesays.com\/fr\/wp-json\/wp\/v2\/posts\/365837","targetHints":{"allow":["GET"]}}],"collection":[{"href":"https:\/\/www.europesays.com\/fr\/wp-json\/wp\/v2\/posts"}],"about":[{"href":"https:\/\/www.europesays.com\/fr\/wp-json\/wp\/v2\/types\/post"}],"author":[{"embeddable":true,"href":"https:\/\/www.europesays.com\/fr\/wp-json\/wp\/v2\/users\/2"}],"replies":[{"embeddable":true,"href":"https:\/\/www.europesays.com\/fr\/wp-json\/wp\/v2\/comments?post=365837"}],"version-history":[{"count":0,"href":"https:\/\/www.europesays.com\/fr\/wp-json\/wp\/v2\/posts\/365837\/revisions"}],"wp:featuredmedia":[{"embeddable":true,"href":"https:\/\/www.europesays.com\/fr\/wp-json\/wp\/v2\/media\/365838"}],"wp:attachment":[{"href":"https:\/\/www.europesays.com\/fr\/wp-json\/wp\/v2\/media?parent=365837"}],"wp:term":[{"taxonomy":"category","embeddable":true,"href":"https:\/\/www.europesays.com\/fr\/wp-json\/wp\/v2\/categories?post=365837"},{"taxonomy":"post_tag","embeddable":true,"href":"https:\/\/www.europesays.com\/fr\/wp-json\/wp\/v2\/tags?post=365837"}],"curies":[{"name":"wp","href":"https:\/\/api.w.org\/{rel}","templated":true}]}}