{"id":365841,"date":"2025-09-04T14:14:11","date_gmt":"2025-09-04T14:14:11","guid":{"rendered":"https:\/\/www.europesays.com\/fr\/365841\/"},"modified":"2025-09-04T14:14:11","modified_gmt":"2025-09-04T14:14:11","slug":"video-macron-accueille-un-sommet-a-paris-sur-la-securite-post-guerre-en-ukraine","status":"publish","type":"post","link":"https:\/\/www.europesays.com\/fr\/365841\/","title":{"rendered":"Vid\u00e9o. Macron accueille un sommet \u00e0 Paris sur la s\u00e9curit\u00e9 post-guerre en Ukraine"},"content":{"rendered":"<p>La \u00ab coalition des volontaires \u00bb, compos\u00e9e d&rsquo;environ 30 nations soutenant Kyiv, \u00e9labore des plans pour une force de r\u00e9assurance possible afin de dissuader toute future agression russe une fois le conflit termin\u00e9.<\/p>\n<p>Le pr\u00e9sident fran\u00e7ais Emmanuel Macron a accueilli les pourparlers, rejoints en personne par le leader ukrainien Volodymyr Zelensky et virtuellement par d&rsquo;autres chefs d&rsquo;\u00c9tat.<\/p>\n<p>Macron et le Premier ministre britannique Keir Starmer ont maintenu que toute force de s\u00e9curit\u00e9 europ\u00e9enne en Ukraine doit \u00eatre soutenue par les \u00c9tats-Unis. Le pr\u00e9sident am\u00e9ricain Donald Trump a sugg\u00e9r\u00e9 que Washington pourrait participer, mais il s&rsquo;est retir\u00e9 de l&rsquo;appel \u00e0 un cessez-le-feu et a \u00e9vit\u00e9 d&rsquo;imposer des sanctions plus s\u00e9v\u00e8res \u00e0 Moscou.<\/p>\n","protected":false},"excerpt":{"rendered":"La \u00ab coalition des volontaires \u00bb, compos\u00e9e d&rsquo;environ 30 nations soutenant Kyiv, \u00e9labore des plans pour une force&hellip;\n","protected":false},"author":2,"featured_media":365842,"comment_status":"","ping_status":"","sticky":false,"template":"","format":"standard","meta":{"footnotes":""},"categories":[1888],"tags":[37666,50020,50024,18911,50016,37678,11,1777,674,1011,27,12,626,25,50021,37667,50017,18912,37679,50025,50023,37669,18914,50019,37681,50027,50022,37668,18913,50018,37680,50026],"class_list":{"0":"post-365841","1":"post","2":"type-post","3":"status-publish","4":"format-standard","5":"has-post-thumbnail","7":"category-paris","8":"tag-id117","9":"tag-id12357","10":"tag-id19400","11":"tag-id26698","12":"tag-id412","13":"tag-id9813","14":"tag-actualites","15":"tag-eu","16":"tag-europe","17":"tag-fr","18":"tag-france","19":"tag-news","20":"tag-paris","21":"tag-republique-francaise","22":"tag-slugemmanuel-macron","23":"tag-slugfrance","24":"tag-slugparis","25":"tag-slugrussia-ukraine-invasion","26":"tag-slugvideo","27":"tag-slugvolodymyr-zelensky","28":"tag-titleemmanuel-macron","29":"tag-titlefrance","30":"tag-titleinvasion-de-la-russie-en-ukraine","31":"tag-titleparis","32":"tag-titlevidu00e9o","33":"tag-titlevolodymyr-zelensky","34":"tag-urlsafevalueemmanuel-macron","35":"tag-urlsafevaluefrance","36":"tag-urlsafevalueinvasion-de-la-russie-en-ukraine","37":"tag-urlsafevalueparis","38":"tag-urlsafevaluevideo","39":"tag-urlsafevaluevolodymyr-zelensky"},"share_on_mastodon":{"url":"","error":"Validation failed: Text character limit of 500 exceeded"},"_links":{"self":[{"href":"https:\/\/www.europesays.com\/fr\/wp-json\/wp\/v2\/posts\/365841","targetHints":{"allow":["GET"]}}],"collection":[{"href":"https:\/\/www.europesays.com\/fr\/wp-json\/wp\/v2\/posts"}],"about":[{"href":"https:\/\/www.europesays.com\/fr\/wp-json\/wp\/v2\/types\/post"}],"author":[{"embeddable":true,"href":"https:\/\/www.europesays.com\/fr\/wp-json\/wp\/v2\/users\/2"}],"replies":[{"embeddable":true,"href":"https:\/\/www.europesays.com\/fr\/wp-json\/wp\/v2\/comments?post=365841"}],"version-history":[{"count":0,"href":"https:\/\/www.europesays.com\/fr\/wp-json\/wp\/v2\/posts\/365841\/revisions"}],"wp:featuredmedia":[{"embeddable":true,"href":"https:\/\/www.europesays.com\/fr\/wp-json\/wp\/v2\/media\/365842"}],"wp:attachment":[{"href":"https:\/\/www.europesays.com\/fr\/wp-json\/wp\/v2\/media?parent=365841"}],"wp:term":[{"taxonomy":"category","embeddable":true,"href":"https:\/\/www.europesays.com\/fr\/wp-json\/wp\/v2\/categories?post=365841"},{"taxonomy":"post_tag","embeddable":true,"href":"https:\/\/www.europesays.com\/fr\/wp-json\/wp\/v2\/tags?post=365841"}],"curies":[{"name":"wp","href":"https:\/\/api.w.org\/{rel}","templated":true}]}}