{"id":365845,"date":"2025-09-04T14:16:19","date_gmt":"2025-09-04T14:16:19","guid":{"rendered":"https:\/\/www.europesays.com\/fr\/365845\/"},"modified":"2025-09-04T14:16:19","modified_gmt":"2025-09-04T14:16:19","slug":"guerre-en-ukraine-les-europeens-discutent-avec-trump-des-moyens-daugmenter-la-pression-sur-la-russie","status":"publish","type":"post","link":"https:\/\/www.europesays.com\/fr\/365845\/","title":{"rendered":"Guerre en Ukraine | Les Europ\u00e9ens discutent avec Trump des moyens d\u2019augmenter la pression sur la Russie"},"content":{"rendered":"<p class=\"lead textModule textModule--type-lead \" style=\"\">(Paris) Les soutiens europ\u00e9ens de l\u2019Ukraine s\u2019entretiennent jeudi avec Donald Trump sur les garanties de s\u00e9curit\u00e9 \u00e0 apporter \u00e0 Kyiv et les moyens d\u2019augmenter la pression sur la Russie afin de la pousser \u00e0 la table des n\u00e9gociations de paix. <\/p>\n<p>                    Publi\u00e9 \u00e0 9\u00a0h\u00a005<\/p>\n<p>    <a class=\"print\" href=\"https:\/\/www.lapresse.ca\/international\/europe\/2025-09-04\/guerre-en-ukraine\/javascript:window.print();\" title=\"Imprimer la page\" rel=\"nofollow noopener\" target=\"_blank\"><\/p>\n<p>        <img loading=\"lazy\" decoding=\"async\" width=\"16\" height=\"18\" src=\"https:\/\/www.europesays.com\/fr\/wp-content\/uploads\/2025\/04\/share-icon.png\" alt=\"Partager\"\/><\/p>\n<p>\n                                    Val\u00e9rie LEROUX et Francesco FONTEMAGGI<\/p>\n<p>                                                    Agence France-Presse<\/p>\n<p class=\"paragraph textModule textModule--type-paragraph \" style=\"\">L\u2019entretien en visioconf\u00e9rence entre le pr\u00e9sident am\u00e9ricain et les principaux dirigeants europ\u00e9ens ainsi que l\u2019Ukrainien Volodymyr Zelensky, a d\u00e9but\u00e9 peu apr\u00e8s 14\u00a0h (8\u00a0h heure de l\u2019Est), a indiqu\u00e9 l\u2019\u00c9lys\u00e9e. <\/p>\n<p class=\"paragraph textModule textModule--type-paragraph \" style=\"\">Les dirigeants de la \u00ab\u00a0Coalition des Volontaires\u00a0\u00bb \u2013 une trentaine de pays, essentiellement europ\u00e9ens, qui soutiennent militairement l\u2019Ukraine \u2013 ont act\u00e9 au pr\u00e9alable dans la matin\u00e9e l\u2019effort suppl\u00e9mentaire de d\u00e9fense qu\u2019ils sont pr\u00eats \u00e0 fournir, une fois que les armes se seront tues. <\/p>\n<p class=\"paragraph textModule textModule--type-paragraph \" style=\"\">La r\u00e9union, qui se tenait \u00e0 Paris au palais de l\u2019\u00c9lys\u00e9e et en visioconf\u00e9rence, devait permettre de \u00ab\u00a0finaliser des garanties de s\u00e9curit\u00e9 robustes pour l\u2019Ukraine\u00a0\u00bb, a d\u00e9clar\u00e9 le pr\u00e9sident fran\u00e7ais Emmanuel Macron \u00e0 l\u2019ouverture des travaux. <\/p>\n<p class=\"epigraph textModule textModule--type-epigraph \" style=\"\">Le premier ministre britannique Keir Starmer, qui copr\u00e9side la Coalition avec Emmanuel Macron, a soulign\u00e9 qu\u2019il \u00e9tait \u00ab\u00a0n\u00e9cessaire d\u2019augmenter la pression\u00a0\u00bb sur le pr\u00e9sident russe Vladimir Poutine alors que ce dernier \u00ab\u00a0continue \u00e0 repousser des n\u00e9gociations de paix et \u00e0 mener des attaques scandaleuses sur l\u2019Ukraine\u00a0\u00bb, selon un porte-parole \u00e0 Londres.\u00a0\u00a0<\/p>\n<p class=\"paragraph textModule textModule--type-paragraph \" style=\"\">Les Europ\u00e9ens esp\u00e8rent entendre de Donald Trump quels gestes concrets les Am\u00e9ricains sont pr\u00eats \u00e0 faire pour appuyer leurs propres efforts. <\/p>\n<p class=\"paragraph textModule textModule--type-paragraph \" style=\"\">Ils lui demandent aussi d\u2019accro\u00eetre les sanctions am\u00e9ricaines sur la Russie qui ne montre aucun \u00ab\u00a0signe\u00a0\u00bb, selon le pr\u00e9sident ukrainien, de vouloir arr\u00eater les combats. <\/p>\n<p class=\"paragraph textModule textModule--type-paragraph \" style=\"\">Le pr\u00e9sident am\u00e9ricain, se disant \u00ab\u00a0tr\u00e8s d\u00e9\u00e7u\u00a0\u00bb par son homologue russe, a averti mercredi qu\u2019il \u00ab\u00a0se passerait quelque chose\u00a0\u00bb si Moscou ne r\u00e9pondait pas \u00e0 ses attentes de paix, en laissant le suspense entier. <\/p>\n<p>                                        <img decoding=\"async\" src=\"https:\/\/www.europesays.com\/fr\/wp-content\/uploads\/2025\/09\/cace51459fd43a3fa86b5a7e17c069aa.jpg\" alt=\"\" class=\"photoModule__visual\" itemprop=\"contentUrl url\"\/><\/p>\n<p class=\"credit photoModule__caption photoModule__caption--credit\" style=\"\">\n                    PHOTO KATERYNA KLOCHKO, ARCHIVES ASSOCIATED PRESS\n                <\/p>\n<p class=\"description photoModule__caption photoModule__caption--description\" style=\"\">\n                    Des habitants se tiennent pr\u00e8s de leur maison d\u00e9truite \u00e0 la suite d\u2019une frappe a\u00e9rienne russe \u00e0 Zaporijia, en Ukraine, le 30\u00a0ao\u00fbt\u00a02025.\n                <\/p>\n<p class=\"paragraph textModule textModule--type-paragraph \" style=\"\">Emmanuel Macron et Volodymyr Zelensky, qui s\u2019est entretenu avec l\u2019\u00e9missaire sp\u00e9cial du pr\u00e9sident am\u00e9ricain Steve Witkoff en marge de la r\u00e9union \u00e0 l\u2019\u00c9lys\u00e9e, tiendront une conf\u00e9rence de presse \u00e0 15\u00a0h (9\u00a0h heure de l\u2019Est). <\/p>\n<p class=\"paragraph textModule textModule--type-paragraph \" style=\"\">La \u00ab\u00a0Coalition des volontaires\u00a0\u00bb rassemble les soutiens militaires de l\u2019Ukraine, pour l\u2019essentiel europ\u00e9ens, mais aussi le Canada, l\u2019Australie ou le Japon.\u00a0\u00a0<\/p>\n<p class=\"paragraph textModule textModule--type-paragraph \" style=\"\">Elle est dispos\u00e9e \u00e0 contribuer au renforcement de l\u2019arm\u00e9e ukrainienne, voire pour certains pays \u2013 dont la France, le Royaume-Uni et la Belgique \u2013 \u00e0 d\u00e9ployer des soldats en Ukraine, une fois un cessez-le-feu conclu, pour dissuader la Russie de toute nouvelle agression. <\/p>\n<p>                    R\u00e9serves<\/p>\n<p class=\"paragraph textModule textModule--type-paragraph \" style=\"\">Mais certains alli\u00e9s se sont montr\u00e9s h\u00e9sitants dans l\u2019attente de la contribution am\u00e9ricaine, que plusieurs pays europ\u00e9ens jugent indispensable avant tout engagement de leur part. <\/p>\n<p class=\"paragraph textModule textModule--type-paragraph \" style=\"\">Jusqu\u2019\u00e0 un cessez-le-feu, \u00ab\u00a0il n\u2019y aura certainement pas de d\u00e9ploiement de troupes en Ukraine et m\u00eame apr\u00e8s\u00a0\u00bb, a rappel\u00e9 le chancelier allemand Friedrich Merz. <\/p>\n<p class=\"paragraph textModule textModule--type-paragraph \" style=\"\">L\u2019Allemagne entend plut\u00f4t contribuer au renforcement de la d\u00e9fense antia\u00e9rienne de l\u2019Ukraine et \u00e0 l\u2019\u00e9quipement de ses forces terrestres, ont indiqu\u00e9 des sources gouvernementales \u00e0 l\u2019AFP. <\/p>\n<p class=\"epigraph textModule textModule--type-epigraph \" style=\"\">La Russie mart\u00e8le qu\u2019elle n\u2019acceptera aucune \u00ab\u00a0intervention \u00e9trang\u00e8re quelle qu\u2019en soit la forme\u00a0\u00bb, la porte-parole de sa diplomatie Maria Zakharova qualifiant les protections demand\u00e9es par Kyiv de \u00ab\u00a0garanties de danger pour le continent europ\u00e9en\u00a0\u00bb. <\/p>\n<p class=\"paragraph textModule textModule--type-paragraph \" style=\"\">\u00ab\u00a0Ce n\u2019est pas \u00e0 eux de d\u00e9cider\u00a0\u00bb, a r\u00e9torqu\u00e9 jeudi Mark Rutte au nom de l\u2019OTAN, en d\u00e9placement \u00e0 Prague. <\/p>\n<p class=\"paragraph textModule textModule--type-paragraph \" style=\"\">Donald Trump a promis lors d\u2019une r\u00e9union avec six dirigeants europ\u00e9ens le 18\u00a0ao\u00fbt \u00e0 Washington que les \u00c9tats-Unis apporteraient des garanties de s\u00e9curit\u00e9, sans pr\u00e9ciser lesquelles. <\/p>\n<p class=\"paragraph textModule textModule--type-paragraph \" style=\"\">Ce \u00ab\u00a0filet de s\u00e9curit\u00e9\u00a0\u00bb am\u00e9ricain, ou \u00ab\u00a0backstop\u00a0\u00bb en anglais, pourrait prendre diff\u00e9rentes formes \u2013 renseignement, soutien logistique, communications \u2013, le pr\u00e9sident am\u00e9ricain ayant exclu l\u2019envoi de troupes am\u00e9ricaines au sol. <\/p>\n<p class=\"paragraph textModule textModule--type-paragraph \" style=\"\">En attendant, Vladimir Poutine, qui affiche un retour en force sur la sc\u00e8ne internationale avec une pr\u00e9sence tr\u00e8s remarqu\u00e9e mercredi aux c\u00f4t\u00e9s du pr\u00e9sident chinois Xi Jinping et du dirigeant nord-cor\u00e9en Kim Jong-un \u00e0 P\u00e9kin, apr\u00e8s le sommet d\u2019Anchorage le 15\u00a0ao\u00fbt avec Donald Trump, multiplie les d\u00e9clarations offensives. <\/p>\n<p class=\"paragraph textModule textModule--type-paragraph \" style=\"\">Moscou atteindra ses objectifs en Ukraine par la voie militaire si les n\u00e9gociations avec Kyiv \u00e9chouent, a-t-il averti depuis la Chine, assurant que ses troupes demeuraient \u00ab\u00a0\u00e0 l\u2019offensive\u00a0\u00bb sur l\u2019ensemble du front. <\/p>\n","protected":false},"excerpt":{"rendered":"(Paris) Les soutiens europ\u00e9ens de l\u2019Ukraine s\u2019entretiennent jeudi avec Donald Trump sur les garanties de s\u00e9curit\u00e9 \u00e0 apporter&hellip;\n","protected":false},"author":2,"featured_media":365846,"comment_status":"","ping_status":"","sticky":false,"template":"","format":"standard","meta":{"footnotes":""},"categories":[1590],"tags":[11,1777,674,12,220],"class_list":{"0":"post-365845","1":"post","2":"type-post","3":"status-publish","4":"format-standard","5":"has-post-thumbnail","7":"category-ukraine","8":"tag-actualites","9":"tag-eu","10":"tag-europe","11":"tag-news","12":"tag-ukraine"},"share_on_mastodon":{"url":"https:\/\/pubeurope.com\/@fr\/115146456492639266","error":""},"_links":{"self":[{"href":"https:\/\/www.europesays.com\/fr\/wp-json\/wp\/v2\/posts\/365845","targetHints":{"allow":["GET"]}}],"collection":[{"href":"https:\/\/www.europesays.com\/fr\/wp-json\/wp\/v2\/posts"}],"about":[{"href":"https:\/\/www.europesays.com\/fr\/wp-json\/wp\/v2\/types\/post"}],"author":[{"embeddable":true,"href":"https:\/\/www.europesays.com\/fr\/wp-json\/wp\/v2\/users\/2"}],"replies":[{"embeddable":true,"href":"https:\/\/www.europesays.com\/fr\/wp-json\/wp\/v2\/comments?post=365845"}],"version-history":[{"count":0,"href":"https:\/\/www.europesays.com\/fr\/wp-json\/wp\/v2\/posts\/365845\/revisions"}],"wp:featuredmedia":[{"embeddable":true,"href":"https:\/\/www.europesays.com\/fr\/wp-json\/wp\/v2\/media\/365846"}],"wp:attachment":[{"href":"https:\/\/www.europesays.com\/fr\/wp-json\/wp\/v2\/media?parent=365845"}],"wp:term":[{"taxonomy":"category","embeddable":true,"href":"https:\/\/www.europesays.com\/fr\/wp-json\/wp\/v2\/categories?post=365845"},{"taxonomy":"post_tag","embeddable":true,"href":"https:\/\/www.europesays.com\/fr\/wp-json\/wp\/v2\/tags?post=365845"}],"curies":[{"name":"wp","href":"https:\/\/api.w.org\/{rel}","templated":true}]}}