{"id":365847,"date":"2025-09-04T14:17:14","date_gmt":"2025-09-04T14:17:14","guid":{"rendered":"https:\/\/www.europesays.com\/fr\/365847\/"},"modified":"2025-09-04T14:17:14","modified_gmt":"2025-09-04T14:17:14","slug":"le-deficit-commercial-des-etats-unis-se-creuse-de-nouveau-en-juillet","status":"publish","type":"post","link":"https:\/\/www.europesays.com\/fr\/365847\/","title":{"rendered":"Le d\u00e9ficit commercial des \u00c9tats-Unis se creuse de nouveau en juillet"},"content":{"rendered":"<p class=\"lead textModule textModule--type-lead \" style=\"\">(Washington) Le d\u00e9ficit commercial des \u00c9tats-Unis s\u2019est de nouveau creus\u00e9 au mois de juillet, sous l\u2019effet d\u2019une hausse notable des importations, juste avant l\u2019entr\u00e9e en vigueur des droits de douane pr\u00e9sent\u00e9s improprement comme \u00ab\u00a0r\u00e9ciproques\u00a0\u00bb par le pr\u00e9sident am\u00e9ricain Donald Trump. <\/p>\n<p>                    Publi\u00e9 \u00e0 9\u00a0h\u00a015<\/p>\n<p>    <a class=\"print\" href=\"https:\/\/www.lapresse.ca\/affaires\/economie\/2025-09-04\/javascript:window.print();\" title=\"Imprimer la page\" rel=\"nofollow noopener\" target=\"_blank\"><\/p>\n<p>        <img loading=\"lazy\" decoding=\"async\" width=\"16\" height=\"18\" src=\"https:\/\/www.europesays.com\/fr\/wp-content\/uploads\/2025\/04\/share-icon.png\" alt=\"Partager\"\/><\/p>\n<p class=\"paragraph textModule textModule--type-paragraph \" style=\"\">Au mois de juillet, la balance commerciale am\u00e9ricaine des biens et services a vu son d\u00e9ficit progresser de 78,3\u00a0milliards de dollars, selon les donn\u00e9es publi\u00e9es jeudi par le d\u00e9partement du Commerce, soit une hausse de 32,5\u00a0% par rapport au mois de juin. <\/p>\n<p class=\"paragraph textModule textModule--type-paragraph \" style=\"\">C\u2019est un peu moins bien que ce qu\u2019avaient anticip\u00e9 les analystes, qui envisageaient un d\u00e9ficit commercial effectivement en hausse mais s\u2019\u00e9tablissant \u00e0 77,9\u00a0milliards de dollars, selon le consensus publi\u00e9 par MarketWatch. <\/p>\n<p class=\"paragraph textModule textModule--type-paragraph \" style=\"\">Dans le d\u00e9tail, les importations ont progress\u00e9 de 5,9\u00a0%, alors que les exportations n\u2019ont enregistr\u00e9 qu\u2019une l\u00e9g\u00e8re hausse, de 0,3\u00a0%, sur la m\u00eame p\u00e9riode. <\/p>\n<p class=\"paragraph textModule textModule--type-paragraph \" style=\"\">Du c\u00f4t\u00e9 des biens, les importations ont progress\u00e9 dans la quasi-totalit\u00e9 des cat\u00e9gories, \u00e0 la notable exception des produits pharmaceutiques et des v\u00e9hicules automobiles, cat\u00e9gories en baisse. <\/p>\n<p class=\"epigraph textModule textModule--type-epigraph \" style=\"\">La hausse se concentre principalement dans les \u00e9quipements pour les entreprises, qui concernent les ordinateurs, \u00e9quipements t\u00e9l\u00e9coms ou machines-outils, ainsi que dans les mati\u00e8res premi\u00e8res, l\u2019or en t\u00eate, un ph\u00e9nom\u00e8ne d\u00e9j\u00e0 observ\u00e9 lors de la pr\u00e9c\u00e9dente forte hausse des importations par anticipation avant les nouveaux droits de douane, en mars dernier. <\/p>\n<p class=\"paragraph textModule textModule--type-paragraph \" style=\"\">Concernant les exportations, l\u2019augmentation se concentre principalement sur l\u2019aviation civile et les ordinateurs, alors que les autres biens sont en baisse, de m\u00eame que les exportations de m\u00e9taux. <\/p>\n<p class=\"paragraph textModule textModule--type-paragraph \" style=\"\">Si l\u2019on s\u2019attarde sur la r\u00e9partition g\u00e9ographique, le d\u00e9ficit commercial avec la Chine est reparti en hausse, \u00e0 14,7\u00a0milliards de dollars, mais n\u2019est plus le plus important. Cette tendance se confirme depuis plusieurs mois d\u00e9sormais et souligne le ralentissement des \u00e9changes entre les deux premi\u00e8res puissances \u00e9conomiques mondiales. <\/p>\n<p class=\"paragraph textModule textModule--type-paragraph \" style=\"\">Le Mexique (16,6\u00a0milliards de dollars) et surtout le Vietnam (16,1\u00a0milliards de dollars) paraissent les pays qui profitent le plus de la r\u00e9orientation des flux commerciaux vers les \u00c9tats-Unis, le d\u00e9ficit commercial avec l\u2019Union europ\u00e9enne continuant lui de se r\u00e9duire (8,6\u00a0milliards de dollars). <\/p>\n<p class=\"paragraph textModule textModule--type-paragraph \" style=\"\">Concernant les pays europ\u00e9ens, le d\u00e9ficit continue de se concentrer sur les m\u00eames pays, d\u2019abord l\u2019Allemagne, l\u2019Irlande et l\u2019Italie, alors que les \u00e9changes avec la France sont dor\u00e9navant quasiment \u00e0 l\u2019\u00e9quilibre (300\u00a0millions de dollars de d\u00e9ficit commercial am\u00e9ricain). <\/p>\n<p class=\"paragraph textModule textModule--type-paragraph \" style=\"\">De l\u2019autre c\u00f4t\u00e9, les \u00c9tats-Unis affichent toujours un surplus avec les Pays-Bas et la Belgique. <\/p>\n","protected":false},"excerpt":{"rendered":"(Washington) Le d\u00e9ficit commercial des \u00c9tats-Unis s\u2019est de nouveau creus\u00e9 au mois de juillet, sous l\u2019effet d\u2019une hausse&hellip;\n","protected":false},"author":2,"featured_media":365848,"comment_status":"","ping_status":"","sticky":false,"template":"","format":"standard","meta":{"footnotes":""},"categories":[1589],"tags":[11,73,1866,12,1864,1865,1863,308],"class_list":{"0":"post-365847","1":"post","2":"type-post","3":"status-publish","4":"format-standard","5":"has-post-thumbnail","7":"category-etats-unis","8":"tag-actualites","9":"tag-etats-unis","10":"tag-etats-unis-damerique","11":"tag-news","12":"tag-united-states","13":"tag-united-states-of-america","14":"tag-us","15":"tag-usa"},"share_on_mastodon":{"url":"https:\/\/pubeurope.com\/@fr\/115146460026410757","error":""},"_links":{"self":[{"href":"https:\/\/www.europesays.com\/fr\/wp-json\/wp\/v2\/posts\/365847","targetHints":{"allow":["GET"]}}],"collection":[{"href":"https:\/\/www.europesays.com\/fr\/wp-json\/wp\/v2\/posts"}],"about":[{"href":"https:\/\/www.europesays.com\/fr\/wp-json\/wp\/v2\/types\/post"}],"author":[{"embeddable":true,"href":"https:\/\/www.europesays.com\/fr\/wp-json\/wp\/v2\/users\/2"}],"replies":[{"embeddable":true,"href":"https:\/\/www.europesays.com\/fr\/wp-json\/wp\/v2\/comments?post=365847"}],"version-history":[{"count":0,"href":"https:\/\/www.europesays.com\/fr\/wp-json\/wp\/v2\/posts\/365847\/revisions"}],"wp:featuredmedia":[{"embeddable":true,"href":"https:\/\/www.europesays.com\/fr\/wp-json\/wp\/v2\/media\/365848"}],"wp:attachment":[{"href":"https:\/\/www.europesays.com\/fr\/wp-json\/wp\/v2\/media?parent=365847"}],"wp:term":[{"taxonomy":"category","embeddable":true,"href":"https:\/\/www.europesays.com\/fr\/wp-json\/wp\/v2\/categories?post=365847"},{"taxonomy":"post_tag","embeddable":true,"href":"https:\/\/www.europesays.com\/fr\/wp-json\/wp\/v2\/tags?post=365847"}],"curies":[{"name":"wp","href":"https:\/\/api.w.org\/{rel}","templated":true}]}}