{"id":365851,"date":"2025-09-04T14:19:14","date_gmt":"2025-09-04T14:19:14","guid":{"rendered":"https:\/\/www.europesays.com\/fr\/365851\/"},"modified":"2025-09-04T14:19:14","modified_gmt":"2025-09-04T14:19:14","slug":"les-instituts-economiques-pessimistes-pour-une-reprise-de-leconomie","status":"publish","type":"post","link":"https:\/\/www.europesays.com\/fr\/365851\/","title":{"rendered":"les instituts \u00e9conomiques pessimistes pour une reprise de l&rsquo;\u00e9conomie"},"content":{"rendered":"<p class=\"fig-paragraph\">Plusieurs instituts \u00e9conomiques allemands ont annonc\u00e9 jeudi avoir\u00a0<a href=\"http:\/\/www.lefigaro.fr\/conjoncture\/sur-fond-de-croissance-anemiee-l-allemagne-cherche-sa-voie-budgetaire-20250730\" target=\"_blank\" data-fig-type=\"Article\" rel=\"noopener\" data-gtm-custom-categorie=\"navigation\" data-gtm-custom-action=\"crossclick\" data-gtm-custom-label=\"Contextuel\" data-gtm-event=\"customEventSPE\" data-fig-domain=\"LEFIGARO\">r\u00e9vis\u00e9 en baisse<\/a>\u00a0leurs pr\u00e9visions de croissance de l&rsquo;activit\u00e9 \u00e9conomique allemande en 2025 et 2026, mauvaise nouvelle pour le gouvernement dont les mesures de soutien peinent \u00e0 convaincre. Le PIB allemand devrait cro\u00eetre de 0,2% en 2025, selon l&rsquo;institut munichois Ifo et le RWI bas\u00e9 \u00e0 Essen, et de 0,1% selon l&rsquo;IfW Kiel. Tous trois tablaient encore au d\u00e9but de l&rsquo;\u00e9t\u00e9 sur une hausse de 0,3%. \u00abL&rsquo;\u00e9conomie allemande attend des impulsions tangibles\u00bb et \u00abil est encore trop t\u00f4t pour parler de redressement\u00bb, commente l&rsquo;IfW dans un communiqu\u00e9.<\/p>\n<p class=\"fig-paragraph\">Les experts ont \u00e9galement abaiss\u00e9 leurs pr\u00e9visions pour 2026, cens\u00e9e \u00eatre l&rsquo;ann\u00e9e de la reprise gr\u00e2ce aux centaines de milliards d&rsquo;euros d&rsquo;investissements publics dans la d\u00e9fense et les infrastructures d\u00e9bloqu\u00e9s par le gouvernement. L&rsquo;Ifo et l&rsquo;IfW tablent d\u00e9sormais sur une croissance de 1,3% l&rsquo;an prochain, contre respectivement 1,5% et 1,6% pr\u00e9c\u00e9demment. Quant au RWI, il a abaiss\u00e9 de 0,4 point de pourcentage sa projection, \u00e0 1,1%.<\/p>\n<p>                                    <a class=\"fig-a11y-skip a11y-hidden\" href=\"#fig-a11y-skip-main-inarticle\"><br \/>\n        Passer la publicit\u00e9<br \/>\n    <\/a><\/p>\n<p class=\"fig-paragraph\">Le RWI constate \u00abque l&rsquo;Allemagne devient de plus en plus d\u00e9pendante des programmes de d\u00e9penses publiques\u00bb, tandis que les investissements priv\u00e9s \u00abdemeurent faibles\u00bb. \u00abSans des r\u00e9formes structurelles ambitieuses, ces impulsions fiscales risquent de n&rsquo;\u00eatre qu&rsquo;un feu de paille pour la conjoncture\u00bb, opine l&rsquo;Ifo. L&rsquo;institut cite les all\u00e8gements fiscaux pour les entreprises et les consommateurs promis dans le contrat de coalition entre conservateurs et sociaux-d\u00e9mocrates.<\/p>\n<p>Les droits de douane p\u00e8sent sur l\u2019\u00e9conomie allemande<\/p>\n<p class=\"fig-paragraph\">La veille, le gouvernement a pr\u00e9sent\u00e9 deux projets de loi pour r\u00e9duire les co\u00fbts \u00e9nerg\u00e9tiques pour les entreprises et consommateurs de 26 milliards d&rsquo;euros sur quatre ans, re\u00e7us en demi-teinte par l&rsquo;industrie. Par ailleurs, \u00ables droits de douane am\u00e9ricains continuent de peser sensiblement sur l&rsquo;\u00e9conomie allemande\u00bb, bien que l&rsquo;incertitude \u00abpourrait progressivement diminuer\u00bb gr\u00e2ce \u00e0 l&rsquo;accord commercial entre Washington et Bruxelles, estime Timo Wollmersh\u00e4user de l&rsquo;Ifo.<\/p>\n<p class=\"fig-paragraph\">Cet accord, qui a d\u00e9bouch\u00e9 sur une surtaxe de 15% sur les importations europ\u00e9ennes aux \u00c9tats-Unis, n&rsquo;aura \u00abaucun effet imm\u00e9diat sur les projections\u00bb, ajoute l&rsquo;expert, car les droits de douane effectifs ont pour l&rsquo;instant peu vari\u00e9. Pour le RWI, le caract\u00e8re \u00abvague\u00bb de l&rsquo;accord commercial, avec de nouvelles surtaxes potentielles pour certains pans de l&rsquo;industrie, pourrait encore d\u00e9t\u00e9riorer les pr\u00e9visions futures. Le PIB allemand a recul\u00e9 de 0,3% au deuxi\u00e8me trimestre, une contraction plus forte qu&rsquo;attendu, due aux droits de douane.<\/p>\n","protected":false},"excerpt":{"rendered":"Plusieurs instituts \u00e9conomiques allemands ont annonc\u00e9 jeudi avoir\u00a0r\u00e9vis\u00e9 en baisse\u00a0leurs pr\u00e9visions de croissance de l&rsquo;activit\u00e9 \u00e9conomique allemande en&hellip;\n","protected":false},"author":2,"featured_media":365852,"comment_status":"","ping_status":"","sticky":false,"template":"","format":"standard","meta":{"footnotes":""},"categories":[1587],"tags":[11,672,1804,913,1805,1803,1777,674,1801,12,1802],"class_list":{"0":"post-365851","1":"post","2":"type-post","3":"status-publish","4":"format-standard","5":"has-post-thumbnail","7":"category-allemagne","8":"tag-actualites","9":"tag-allemagne","10":"tag-bundesrepublik-deutschland","11":"tag-croissance","12":"tag-de","13":"tag-deutschland","14":"tag-eu","15":"tag-europe","16":"tag-germany","17":"tag-news","18":"tag-republique-federale-dallemagne"},"share_on_mastodon":{"url":"https:\/\/pubeurope.com\/@fr\/115146468003376027","error":""},"_links":{"self":[{"href":"https:\/\/www.europesays.com\/fr\/wp-json\/wp\/v2\/posts\/365851","targetHints":{"allow":["GET"]}}],"collection":[{"href":"https:\/\/www.europesays.com\/fr\/wp-json\/wp\/v2\/posts"}],"about":[{"href":"https:\/\/www.europesays.com\/fr\/wp-json\/wp\/v2\/types\/post"}],"author":[{"embeddable":true,"href":"https:\/\/www.europesays.com\/fr\/wp-json\/wp\/v2\/users\/2"}],"replies":[{"embeddable":true,"href":"https:\/\/www.europesays.com\/fr\/wp-json\/wp\/v2\/comments?post=365851"}],"version-history":[{"count":0,"href":"https:\/\/www.europesays.com\/fr\/wp-json\/wp\/v2\/posts\/365851\/revisions"}],"wp:featuredmedia":[{"embeddable":true,"href":"https:\/\/www.europesays.com\/fr\/wp-json\/wp\/v2\/media\/365852"}],"wp:attachment":[{"href":"https:\/\/www.europesays.com\/fr\/wp-json\/wp\/v2\/media?parent=365851"}],"wp:term":[{"taxonomy":"category","embeddable":true,"href":"https:\/\/www.europesays.com\/fr\/wp-json\/wp\/v2\/categories?post=365851"},{"taxonomy":"post_tag","embeddable":true,"href":"https:\/\/www.europesays.com\/fr\/wp-json\/wp\/v2\/tags?post=365851"}],"curies":[{"name":"wp","href":"https:\/\/api.w.org\/{rel}","templated":true}]}}