{"id":365855,"date":"2025-09-04T14:21:13","date_gmt":"2025-09-04T14:21:13","guid":{"rendered":"https:\/\/www.europesays.com\/fr\/365855\/"},"modified":"2025-09-04T14:21:13","modified_gmt":"2025-09-04T14:21:13","slug":"la-justice-europeenne-maintient-le-data-privacy-framework","status":"publish","type":"post","link":"https:\/\/www.europesays.com\/fr\/365855\/","title":{"rendered":"La justice europ\u00e9enne maintient le Data Privacy Framework"},"content":{"rendered":"<p>&#13;<\/p>\n<p>La Cour g\u00e9n\u00e9rale europ\u00e9enne (aussi appel\u00e9e Tribunal) a rejet\u00e9 l&rsquo;action en justice intent\u00e9e par le d\u00e9put\u00e9 de la 1\u02b3\u1d49 circonscription de Vend\u00e9e, Philippe Latombe (qui se pr\u00e9sentait \u00e0 la Cour en tant que citoyen fran\u00e7ais), visant \u00e0 <a href=\"https:\/\/www.lemagit.fr\/actualites\/366544337\/Data-privacy-Framework-un-accord-qui-passe-difficilement-en-Europe\" rel=\"nofollow noopener\" target=\"_blank\">annuler le cadre de protection des donn\u00e9es entre l&rsquo;UE et les \u00c9tats-Unis<\/a> (Data Privacy Framework ou DPF).<\/p>\n<p>Elle consid\u00e8re que ce cadre, sur lequel s&rsquo;appuient les entreprises pour transf\u00e9rer des donn\u00e9es entre l&rsquo;UE et les \u00c9tats-Unis, garantit \u00ab un niveau ad\u00e9quat \u00bb de protection des donn\u00e9es \u00e0 caract\u00e8re personnel transitant entre l&rsquo;UE et les \u00c9tats-Unis.<\/p>\n<p><a href=\"https:\/\/www.lemagit.fr\/actualites\/366555077\/Data-Privacy-Framework-les-DPO-francais-mitiges-sur-un-cadre-stable-mais-tres-fragile\" rel=\"nofollow noopener\" target=\"_blank\">En octobre 2023,<\/a> Philippe Latombe a contest\u00e9 la l\u00e9galit\u00e9 du cadre de protection des donn\u00e9es entre l&rsquo;UE et les \u00c9tats-Unis au motif que les services de renseignement am\u00e9ricains collecteraient en masse des donn\u00e9es en transit provenant de l&rsquo;UE sans garanties ad\u00e9quates pour la vie priv\u00e9e des citoyens europ\u00e9ens.<\/p>\n<p>Il a fait valoir que la Cour am\u00e9ricaine de r\u00e9vision de la protection des donn\u00e9es (DPRC), cr\u00e9\u00e9e pour entendre les plaintes des citoyens europ\u00e9ens qui estiment que leurs droits \u00e0 la vie priv\u00e9e ont \u00e9t\u00e9 viol\u00e9s par les agences de renseignement am\u00e9ricaines, n&rsquo;\u00e9tait ni impartiale ni ind\u00e9pendante du pouvoir ex\u00e9cutif am\u00e9ricain.<\/p>\n<p>La Cour luxembourgeoise a rejet\u00e9 ces deux arguments, estimant que rien dans la jurisprudence europ\u00e9enne \u2013 \u00e9tablie dans l&rsquo;affaire Schrems II en 2020 \u2013 n&rsquo;obligeait les agences de renseignement am\u00e9ricaines \u00e0 demander une autorisation avant d&rsquo;intercepter des donn\u00e9es personnelles en vrac provenant de l&rsquo;UE.<\/p>\n<p>Les agences de renseignement am\u00e9ricaines peuvent entamer ces collectes en vrac uniquement en dehors des \u00c9tats-Unis, apr\u00e8s une validation des priorit\u00e9s de renseignement par le responsable de la protection des libert\u00e9s civiles du directeur du renseignement national.<\/p>\n<p>En outre, la Cour a estim\u00e9 qu&rsquo;il suffisait que les agences de renseignement am\u00e9ricaines soient soumises au contr\u00f4le judiciaire du DPRC \u00ab\u00a0a posteriori\u00a0\u00bb.<\/p>\n<p>Concernant la remise en cause de l\u2019impartialit\u00e9 du DPRC, la Cour g\u00e9n\u00e9rale europ\u00e9enne statue que les \u00c9tats-Unis ont mis en place des garanties suffisantes pour assurer l&rsquo;ind\u00e9pendance de ses membres vis-\u00e0-vis du pouvoir ex\u00e9cutif.<\/p>\n<p>Les juges du DPRC ne peuvent \u00eatre r\u00e9voqu\u00e9s que par le procureur g\u00e9n\u00e9ral, et uniquement pour un motif valable, et les agences de renseignement ne peuvent entraver ou influencer ind\u00fbment leur travail, explique la Cour g\u00e9n\u00e9rale. S\u2019ils sont nomm\u00e9s par le pr\u00e9sident des \u00c9tats-Unis, leur s\u00e9lection est<\/p>\n<p>\u00ab Par cons\u00e9quent, la Cour g\u00e9n\u00e9rale estime qu&rsquo;il ne peut \u00eatre consid\u00e9r\u00e9 que la collecte massive de donn\u00e9es \u00e0 caract\u00e8re personnel par les agences de renseignement am\u00e9ricaines ne satisfait pas aux exigences d\u00e9coulant de l&rsquo;arr\u00eat Schrems II [&#8230;] ou que la l\u00e9gislation am\u00e9ricaine ne garantit pas un niveau de protection juridique essentiellement \u00e9quivalent \u00e0 celui garanti par le droit de l&rsquo;Union europ\u00e9enne \u00bb, \u00e9crit-elle dans un <a href=\"https:\/\/curia.europa.eu\/jcms\/upload\/docs\/application\/pdf\/2025-09\/cp250106fr.pdf\" rel=\"nofollow noopener\" target=\"_blank\">communiqu\u00e9.<\/a><\/p>\n<p>Cette d\u00e9cision conforte les organisations et aux entreprises qui s&rsquo;appuient sur le DPF pour \u00e9changer des donn\u00e9es entre l&rsquo;UE et les \u00c9tats-Unis.<\/p>\n<p>Toutefois, l&rsquo;arr\u00eat rendu par la Cour le 3 septembre pourrait encore faire l&rsquo;objet d&rsquo;un recours devant la Cour de justice de l&rsquo;Union europ\u00e9enne, qui a d\u00e9j\u00e0 invalid\u00e9 deux accords pr\u00e9c\u00e9dents sur le partage de donn\u00e9es entre l&rsquo;UE et les \u00c9tats-Unis.<\/p>\n<p> Max Schrems envisage de faire appel<\/p>\n<p>La derni\u00e8re contestation de l&rsquo;accord de partage de donn\u00e9es entre l&rsquo;UE et les \u00c9tats-Unis fait suite \u00e0 deux contestations ant\u00e9rieures introduites par l&rsquo;avocat autrichien Max Schrems.<\/p>\n<p>La Cour de justice de l&rsquo;Union europ\u00e9enne a invalid\u00e9 l&rsquo;accord Safe Harbour entre l&rsquo;UE et les \u00c9tats-Unis en octobre 2015, dans une affaire connue sous le nom de Schrems I.<\/p>\n<p>En juillet 2020, dans l&rsquo;affaire Schrems II, <a href=\"https:\/\/www.lemagit.fr\/tribune\/Privacy-Shield-Lurgence-est-de-sassurer-que-les-bons-vehicules-de-transfert-sont-deployes\" rel=\"nofollow noopener\" target=\"_blank\">la Cour a invalid\u00e9 l&rsquo;accord qui lui a succ\u00e9d\u00e9, le Privacy Shield<\/a>, au motif qu&rsquo;il ne garantissait pas aux citoyens europ\u00e9ens un droit de recours ad\u00e9quat lorsque leurs donn\u00e9es \u00e9taient collect\u00e9es par les services de renseignement am\u00e9ricains.<\/p>\n<p>Les \u00c9tats-Unis ont adopt\u00e9 le d\u00e9cret pr\u00e9sidentiel (Executive Order) 14086 en octobre 2022 afin de renforcer la protection des personnes surveill\u00e9es par les agences de renseignement am\u00e9ricaines. Une ordonnance du procureur g\u00e9n\u00e9ral rendue la m\u00eame ann\u00e9e a conduit \u00e0 la cr\u00e9ation de la Cour de r\u00e9vision de la protection des donn\u00e9es.<\/p>\n<p>Max Schrems, pr\u00e9sident honoraire de nyob, une organisation \u00e0 but non lucratif qui milite pour la protection des donn\u00e9es et la vie priv\u00e9e, envisage de faire appel de la d\u00e9cision du Tribunal de confirmer le cadre de protection des donn\u00e9es.<\/p>\n<p>Il affirme que le Tribunal de la Cour g\u00e9n\u00e9rale europ\u00e9enne semble s&rsquo;\u00eatre \u00ab consid\u00e9rablement \u00e9cart\u00e9 \u00bb de l&rsquo;arr\u00eat rendu par la Cour de justice de l&rsquo;Union europ\u00e9enne dans l&rsquo;affaire Schrems II, qui a invalid\u00e9 l&rsquo;accord pr\u00e9c\u00e9dant le cadre de protection des donn\u00e9es en 2020.<\/p>\n<p>Selon Max Schrems, les actions du pr\u00e9sident Trump aux \u00c9tats-Unis, qui a menac\u00e9 de <a href=\"https:\/\/www.bfmtv.com\/economie\/international\/trump-tente-une-nouvelle-methode-pour-prendre-le-controle-de-la-fed-sans-licencier-jerome-powell-ce-qui-est-de-mauvais-augure-pour-l-economie-americaine_AV-202509010600.html\" rel=\"nofollow noopener\" target=\"_blank\">r\u00e9voquer<\/a> les dirigeants ind\u00e9pendants de la R\u00e9serve f\u00e9d\u00e9rale et de la Commission f\u00e9d\u00e9rale du commerce, montrent que l&rsquo;ind\u00e9pendance de la Cour d&rsquo;examen de la protection des donn\u00e9es ne peut \u00eatre garantie.<\/p>\n<p>\u00ab La cour en question n&rsquo;est m\u00eame pas \u00e9tablie par la loi, mais simplement par un d\u00e9cret pr\u00e9sidentiel, et peut donc \u00eatre supprim\u00e9e en un clin d&rsquo;\u0153il. Il est tr\u00e8s surprenant que la Cour de justice de l&rsquo;Union europ\u00e9enne estime que cela soit suffisant \u00bb, avance-t-il.<\/p>\n<p>Cette \u00e9ventualit\u00e9 n\u2019est pas v\u00e9ritablement \u00e9cart\u00e9e par la Cour g\u00e9n\u00e9rale europ\u00e9enne.<\/p>\n<p>\u00ab\u00a0Si le cadre juridique en vigueur aux \u00c9tats-Unis au moment de l\u2019adoption de la d\u00e9cision attaqu\u00e9e change, la Commission peut d\u00e9cider, si n\u00e9cessaire, de suspendre, modifier ou abroger la d\u00e9cision attaqu\u00e9e ou d\u2019en restreindre le champ d\u2019application.\u00a0\u00bb, souligne-t-elle.<\/p>\n<p> Les transferts de donn\u00e9es entre l&rsquo;UE et les \u00c9tats-Unis prot\u00e9g\u00e9s pendant \u00ab un certain temps \u00bb<\/p>\n<p>Joe Jones, directeur de la recherche et des \u00e9tudes \u00e0 <a href=\"https:\/\/www.lemagit.fr\/actualites\/366543418\/RGPD-la-Commission-europeenne-veut-harmoniser-le-traitement-des-dossiers-transfrontaliers\" rel=\"nofollow noopener\" target=\"_blank\">l&rsquo;International Association of Privacy Professionals (IAPP),<\/a> consid\u00e8re que la d\u00e9cision de la Cour maintient les transferts de donn\u00e9es entre l&rsquo;UE et les \u00c9tats-Unis \u00ab \u00e0 flot \u00bb pendant un certain temps et soutiendrait une \u00ab part importante \u00bb du commerce transatlantique.<\/p>\n<p>\u00ab Tous les regards se tournent d\u00e9sormais vers la Cour de justice de l\u2019UE, qui a traditionnellement adopt\u00e9 une approche plus extensive dans les affaires relatives \u00e0 la protection des donn\u00e9es et qui a rejet\u00e9 deux d\u00e9cisions sur deux concernant l&rsquo;ad\u00e9quation des donn\u00e9es entre l&rsquo;UE et les \u00c9tats-Unis \u00bb, ajoute-t-il.<\/p>\n<p><a href=\"https:\/\/www.lemagit.fr\/actualites\/366628379\/LAI-Act-regule-desormais-les-modeles-dIA-a-usage-general\" rel=\"nofollow noopener\" target=\"_blank\">La Business Software Alliance,<\/a> un organisme professionnel repr\u00e9sentant l&rsquo;industrie du logiciel am\u00e9ricaine, cette d\u00e9cision apportent une stabilit\u00e9 aux entreprises et aux consommateurs de l&rsquo;UE et des \u00c9tats-Unis qui d\u00e9pendent des flux transfrontaliers de donn\u00e9es.<\/p>\n<p>Selon la BSA, le cadre de protection des donn\u00e9es UE-\u00c9tats-Unis est essentiel pour l&rsquo;\u00e9conomie num\u00e9rique et aide les entreprises \u00e0 adopter des technologies qui stimulent la croissance et la comp\u00e9titivit\u00e9.<\/p>\n<p>\u00ab Les garanties int\u00e9gr\u00e9es dans le cadre assurent un niveau \u00e9lev\u00e9 de protection de la vie priv\u00e9e \u00bb, assure un porte-parole.<\/p>\n<p>La Commission europ\u00e9enne s&rsquo;est oppos\u00e9e \u00e0 la contestation judiciaire de Philippe Latombe, soutenue par l&rsquo;Irlande et les \u00c9tats-Unis.<\/p>\n","protected":false},"excerpt":{"rendered":"&#13; La Cour g\u00e9n\u00e9rale europ\u00e9enne (aussi appel\u00e9e Tribunal) a rejet\u00e9 l&rsquo;action en justice intent\u00e9e par le d\u00e9put\u00e9 de&hellip;\n","protected":false},"author":2,"featured_media":365856,"comment_status":"","ping_status":"","sticky":false,"template":"","format":"standard","meta":{"footnotes":""},"categories":[1586],"tags":[11,1777,674,1779,1011,27,12,25,1778,364],"class_list":{"0":"post-365855","1":"post","2":"type-post","3":"status-publish","4":"format-standard","5":"has-post-thumbnail","7":"category-europe","8":"tag-actualites","9":"tag-eu","10":"tag-europe","11":"tag-european-union","12":"tag-fr","13":"tag-france","14":"tag-news","15":"tag-republique-francaise","16":"tag-ue","17":"tag-union-europeenne"},"share_on_mastodon":{"url":"https:\/\/pubeurope.com\/@fr\/115146475728285388","error":""},"_links":{"self":[{"href":"https:\/\/www.europesays.com\/fr\/wp-json\/wp\/v2\/posts\/365855","targetHints":{"allow":["GET"]}}],"collection":[{"href":"https:\/\/www.europesays.com\/fr\/wp-json\/wp\/v2\/posts"}],"about":[{"href":"https:\/\/www.europesays.com\/fr\/wp-json\/wp\/v2\/types\/post"}],"author":[{"embeddable":true,"href":"https:\/\/www.europesays.com\/fr\/wp-json\/wp\/v2\/users\/2"}],"replies":[{"embeddable":true,"href":"https:\/\/www.europesays.com\/fr\/wp-json\/wp\/v2\/comments?post=365855"}],"version-history":[{"count":0,"href":"https:\/\/www.europesays.com\/fr\/wp-json\/wp\/v2\/posts\/365855\/revisions"}],"wp:featuredmedia":[{"embeddable":true,"href":"https:\/\/www.europesays.com\/fr\/wp-json\/wp\/v2\/media\/365856"}],"wp:attachment":[{"href":"https:\/\/www.europesays.com\/fr\/wp-json\/wp\/v2\/media?parent=365855"}],"wp:term":[{"taxonomy":"category","embeddable":true,"href":"https:\/\/www.europesays.com\/fr\/wp-json\/wp\/v2\/categories?post=365855"},{"taxonomy":"post_tag","embeddable":true,"href":"https:\/\/www.europesays.com\/fr\/wp-json\/wp\/v2\/tags?post=365855"}],"curies":[{"name":"wp","href":"https:\/\/api.w.org\/{rel}","templated":true}]}}