{"id":365861,"date":"2025-09-04T14:24:13","date_gmt":"2025-09-04T14:24:13","guid":{"rendered":"https:\/\/www.europesays.com\/fr\/365861\/"},"modified":"2025-09-04T14:24:13","modified_gmt":"2025-09-04T14:24:13","slug":"suivez-en-live-la-conference-de-presse-de-mbappe-et-deschamps-a-la-veille-dukraine-france","status":"publish","type":"post","link":"https:\/\/www.europesays.com\/fr\/365861\/","title":{"rendered":"suivez en live la conf\u00e9rence de presse de Mbapp\u00e9 et Deschamps \u00e0 la veille d&rsquo;Ukraine-France"},"content":{"rendered":"<p>16h12<\/p>\n<p>Mbapp\u00e9 sera bien pr\u00e9sent en conf\u00e9rence de presse<\/p>\n<p>Il n&rsquo;y a plus de doute, le capitaine des Bleus Kylian Mbapp\u00e9 sera bien pr\u00e9sent \u00e0 17h pour la conf\u00e9rence de presse de l&rsquo;\u00e9quipe de France.<\/p>\n<p>15h24<\/p>\n<p>Les mots de Kound\u00e9 sur le capitanat de Mbapp\u00e9<\/p>\n<p>C&rsquo;est traditionnellement le capitaine qui se pr\u00e9sente avec le s\u00e9lectionneur face \u00e0 la presse, \u00e0 la veille du match. M\u00eame si Kylian Mbapp\u00e9 a parfois c\u00e9der le fauteuil \u00e0 d&rsquo;autres co\u00e9quipiers.<\/p>\n<p>Mercredi, Jules Kound\u00e9 a parl\u00e9 du capitanat exerc\u00e9 par le joueur du Real Madrid.<\/p>\n<p>15h10<\/p>\n<p>Bonjour \u00e0 tous et bienvenue dans ce live consacr\u00e9 \u00e0 l&rsquo;\u00e9quipe de France de football<\/p>\n<p>Veille de match pour l&rsquo;\u00e9quipe de France de football, qui affronte l&rsquo;Ukraine vendredi soir en Pologne, dans le cadre des \u00e9liminatoires de la <a href=\"https:\/\/rmcsport.bfmtv.com\/football\/coupe-du-monde\/de-60-a-6730-dollars-tarification-dynamique-on-en-sait-plus-sur-la-billetterie-de-la-coupe-du-monde-2026_AV-202509040381.html\" title=\"De 60 \u00e0 6730 dollars, tarification dynamique... on en sait plus sur la billetterie de la Coupe du monde 2026\" class=\"internal_link\" rel=\"nofollow noopener\" target=\"_blank\">Coupe du monde 2026<\/a>.<\/p>\n<p>Ce jeudi, <a href=\"https:\/\/rmcsport.bfmtv.com\/football\/didier-deschamps_DN-202108310503.html\" title=\"Didier Deschamps\" class=\"internal_link\" rel=\"nofollow noopener\" target=\"_blank\">Didier Deschamps<\/a> se pr\u00e9sentera avec un joueur en conf\u00e9rence de presse. On devrait aussi en savoir plus sur la compo probable des Bleus.<\/p>\n","protected":false},"excerpt":{"rendered":"16h12 Mbapp\u00e9 sera bien pr\u00e9sent en conf\u00e9rence de presse Il n&rsquo;y a plus de doute, le capitaine des&hellip;\n","protected":false},"author":2,"featured_media":365862,"comment_status":"","ping_status":"","sticky":false,"template":"","format":"standard","meta":{"footnotes":""},"categories":[4],"tags":[11,1011,27,12,25],"class_list":{"0":"post-365861","1":"post","2":"type-post","3":"status-publish","4":"format-standard","5":"has-post-thumbnail","7":"category-france","8":"tag-actualites","9":"tag-fr","10":"tag-france","11":"tag-news","12":"tag-republique-francaise"},"share_on_mastodon":{"url":"https:\/\/pubeurope.com\/@fr\/115146487591861827","error":""},"_links":{"self":[{"href":"https:\/\/www.europesays.com\/fr\/wp-json\/wp\/v2\/posts\/365861","targetHints":{"allow":["GET"]}}],"collection":[{"href":"https:\/\/www.europesays.com\/fr\/wp-json\/wp\/v2\/posts"}],"about":[{"href":"https:\/\/www.europesays.com\/fr\/wp-json\/wp\/v2\/types\/post"}],"author":[{"embeddable":true,"href":"https:\/\/www.europesays.com\/fr\/wp-json\/wp\/v2\/users\/2"}],"replies":[{"embeddable":true,"href":"https:\/\/www.europesays.com\/fr\/wp-json\/wp\/v2\/comments?post=365861"}],"version-history":[{"count":0,"href":"https:\/\/www.europesays.com\/fr\/wp-json\/wp\/v2\/posts\/365861\/revisions"}],"wp:featuredmedia":[{"embeddable":true,"href":"https:\/\/www.europesays.com\/fr\/wp-json\/wp\/v2\/media\/365862"}],"wp:attachment":[{"href":"https:\/\/www.europesays.com\/fr\/wp-json\/wp\/v2\/media?parent=365861"}],"wp:term":[{"taxonomy":"category","embeddable":true,"href":"https:\/\/www.europesays.com\/fr\/wp-json\/wp\/v2\/categories?post=365861"},{"taxonomy":"post_tag","embeddable":true,"href":"https:\/\/www.europesays.com\/fr\/wp-json\/wp\/v2\/tags?post=365861"}],"curies":[{"name":"wp","href":"https:\/\/api.w.org\/{rel}","templated":true}]}}