{"id":365863,"date":"2025-09-04T14:25:19","date_gmt":"2025-09-04T14:25:19","guid":{"rendered":"https:\/\/www.europesays.com\/fr\/365863\/"},"modified":"2025-09-04T14:25:19","modified_gmt":"2025-09-04T14:25:19","slug":"adrien-saddier-sur-sa-lancee-en-irlande","status":"publish","type":"post","link":"https:\/\/www.europesays.com\/fr\/365863\/","title":{"rendered":"Adrien Saddier sur sa lanc\u00e9e en Irlande !"},"content":{"rendered":"<p>\t\t\t\t\t\t<img width=\"770\" height=\"556\" src=\"https:\/\/www.europesays.com\/fr\/wp-content\/uploads\/2025\/09\/afp__20250904__2233628839__v1__highres__amgenirishopen2025dayone-770x556.jpg\" class=\"img-responsive wp-post-image\" alt=\"\" decoding=\"async\" fetchpriority=\"high\"  \/>\t\t\t\t\t<\/p>\n<p>\t\t\t\t\t\t Partager cet article <\/p>\n<p class=\"screen-reader-text juiz_sps_maybe_hidden_text\">Partager la publication \u00ab\u00a0Adrien Saddier sur sa lanc\u00e9e en Irlande !\u00a0\u00bb<\/p>\n<p><strong>Auteur d\u2019un excellent 67 (-5) en ouverture de l\u2019Amgen Irish Open, Adrien Saddier a pris les commandes du tournoi en compagnie de l\u2019Autrichien Bernd Wiesberger et de l\u2019Anglais Daniel Brown, au nez et \u00e0 la barbe des nombreuses stars pr\u00e9sentes cette semaine au K-Club. Avant que l\u2019Espagnol Nacho Elvira ne signe une carte de 66 (-6) !<\/strong><\/p>\n<p>\t\t\t\t\t<a id=\"172238\" href=\"https:\/\/www.proambiarritz.com\/\" target=\"_blank\" rel=\"sponsorised nofollow noopener\"><img fetchpriority=\"high\" decoding=\"async\" src=\"https:\/\/www.europesays.com\/fr\/wp-content\/uploads\/2025\/05\/golffirst_e03-proam-biarritz-1170x275-1.gif\" class=\"img-responsive\" alt=\"\"\/><\/a><\/p>\n<p>D\u00e9j\u00e0 en t\u00eate durant 36 trous la semaine pass\u00e9e \u00e0 l\u2019<strong>Omega European Masters<\/strong>,<strong> Adrien Saddier<\/strong> a r\u00e9cidiv\u00e9 ce jeudi matin au <strong>K-Club<\/strong>. Le Haut-Savoyard a ainsi sign\u00e9 une belle carte de 67 (-5) pleine de promesses. Il a enregistr\u00e9 six birdies contre un bogey en fin de partie, au 7 (son 16e trou).<\/p>\n<p><a href=\"https:\/\/www.europeantour.com\/dpworld-tour\/amgen-irish-open-2025\/leaderboard?round=1\" target=\"_blank\" rel=\"noopener nofollow\">Retrouvez le classement en direct<\/a><\/p>\n<p>Lanc\u00e9s \u00e9galement d\u00e8s les premi\u00e8res lueurs du jour, l\u2019Anglais <strong>Daniel Brown<\/strong> et l\u2019Autrichien <strong>Bernd Wiesberger<\/strong> ont fait aussi bien. Parti plus d\u2019une heure apr\u00e8s Saddier, <strong>David Ravetto<\/strong> \u00e9tait \u00e0 un coup de son compatriote apr\u00e8s 14 trous au moment o\u00f9 ce dernier signait sa carte. Avant de conc\u00e9der un bogey sur le 17. Le Racingman pointait alors \u00e0 -3 au moment o\u00f9 le jeu a \u00e9t\u00e9 stopp\u00e9 en raison des menaces d\u2019orages. L\u2019Espagnol <strong>Nacho Elvira<\/strong> en avait profit\u00e9 entretemps pour s\u2019offrir la t\u00eate \u00e0 -6 (66) gr\u00e2ce \u00e0 un retour (parti du 10) de feu avec cinq birdies claqu\u00e9s du 1 au 8.\u00a0<\/p>\n<p>\t\t\t\t\t<a id=\"182585\" href=\"https:\/\/www.golfcapdagde.com\/\" target=\"_blank\" rel=\"sponsorised nofollow noopener\"><img decoding=\"async\" src=\"data:image\/svg+xml,%3Csvg%20xmlns=\" http:=\"\" class=\"img-responsive\" alt=\"\" data-lazy-src=\"https:\/\/www.europesays.com\/fr\/wp-content\/uploads\/2025\/06\/capdagdegolf-e01-experience-golf-1170x275-1.gif\"\/><\/a><br \/>\nShane Lowry et Rory McIlroy sous le par<\/p>\n<p>Vainqueur de l\u2019\u00e9dition 2009 alors qu\u2019il \u00e9tait amateur, <strong>Shane Lowry<\/strong> est en course pour un deuxi\u00e8me sacre. Il a rendu un solide 69 (-3), deux coups de mieux que son partenaire de partie <strong>Brooks Koepka<\/strong>. Membre du m\u00eame groupe, <strong>Martin Couvra<\/strong> a en revanche\u00a0pris l\u2019eau en Irlande avec un lourd 76 (+4).<\/p>\n<p>Malgr\u00e9 une fin de partie d\u00e9licate, avec deux bogeys sur les trois derniers trous, <strong>Rory McIlroy<\/strong> reste en embuscade apr\u00e8s son 71 (-1) inaugural.<\/p>\n<p>\t\t\t\t\t<a id=\"181417\" href=\"https:\/\/cabotbordeaux.com\/fr\/booking\/training-golf\" target=\"_blank\" rel=\"sponsorised nofollow noopener\"><img decoding=\"async\" src=\"data:image\/svg+xml,%3Csvg%20xmlns=\" http:=\"\" class=\"img-responsive\" alt=\"\" data-lazy-src=\"https:\/\/www.europesays.com\/fr\/wp-content\/uploads\/2025\/08\/cabot-e04-stage-septembre-1170x275-1.gif\"\/><\/a><br \/>\nLe classement provisoire<\/p>\n<p><img loading=\"lazy\" decoding=\"async\" class=\"alignnone size-image-largeur-770 wp-image-184434\" src=\"data:image\/svg+xml,%3Csvg%20xmlns=\" http:=\"\" alt=\"\" width=\"770\" height=\"538\" data-lazy- data-lazy- data-lazy-src=\"https:\/\/www.europesays.com\/fr\/wp-content\/uploads\/2025\/09\/capture-decran-2025-09-04-a-13.51.06-770x538.png\"\/><\/p>\n<p>\t\t\t\t\t<a id=\"183970\" href=\"https:\/\/www.kalika.org\/fr\/actualites\/articles\/pro-am-beachcomber \" target=\"_blank\" rel=\"sponsorised nofollow noopener\"><img decoding=\"async\" src=\"data:image\/svg+xml,%3Csvg%20xmlns=\" http:=\"\" class=\"img-responsive\" alt=\"\" data-lazy-src=\"https:\/\/www.europesays.com\/fr\/wp-content\/uploads\/2025\/09\/beachcomber-e02-proam-26-1170x275-1.jpg\"\/><\/a><\/p>\n<p>\u00a9WARREN LITTLE \/ GETTY IMAGES EUROPE \/ Getty Images via AFP<\/p>\n","protected":false},"excerpt":{"rendered":"Partager cet article Partager la publication \u00ab\u00a0Adrien Saddier sur sa lanc\u00e9e en Irlande !\u00a0\u00bb Auteur d\u2019un excellent 67&hellip;\n","protected":false},"author":2,"featured_media":365864,"comment_status":"","ping_status":"","sticky":false,"template":"","format":"standard","meta":{"footnotes":""},"categories":[1418],"tags":[1011,27,1472,60],"class_list":{"0":"post-365863","1":"post","2":"type-post","3":"status-publish","4":"format-standard","5":"has-post-thumbnail","7":"category-golf","8":"tag-fr","9":"tag-france","10":"tag-golf","11":"tag-sports"},"share_on_mastodon":{"url":"https:\/\/pubeurope.com\/@fr\/115146491985619655","error":""},"_links":{"self":[{"href":"https:\/\/www.europesays.com\/fr\/wp-json\/wp\/v2\/posts\/365863","targetHints":{"allow":["GET"]}}],"collection":[{"href":"https:\/\/www.europesays.com\/fr\/wp-json\/wp\/v2\/posts"}],"about":[{"href":"https:\/\/www.europesays.com\/fr\/wp-json\/wp\/v2\/types\/post"}],"author":[{"embeddable":true,"href":"https:\/\/www.europesays.com\/fr\/wp-json\/wp\/v2\/users\/2"}],"replies":[{"embeddable":true,"href":"https:\/\/www.europesays.com\/fr\/wp-json\/wp\/v2\/comments?post=365863"}],"version-history":[{"count":0,"href":"https:\/\/www.europesays.com\/fr\/wp-json\/wp\/v2\/posts\/365863\/revisions"}],"wp:featuredmedia":[{"embeddable":true,"href":"https:\/\/www.europesays.com\/fr\/wp-json\/wp\/v2\/media\/365864"}],"wp:attachment":[{"href":"https:\/\/www.europesays.com\/fr\/wp-json\/wp\/v2\/media?parent=365863"}],"wp:term":[{"taxonomy":"category","embeddable":true,"href":"https:\/\/www.europesays.com\/fr\/wp-json\/wp\/v2\/categories?post=365863"},{"taxonomy":"post_tag","embeddable":true,"href":"https:\/\/www.europesays.com\/fr\/wp-json\/wp\/v2\/tags?post=365863"}],"curies":[{"name":"wp","href":"https:\/\/api.w.org\/{rel}","templated":true}]}}