{"id":365865,"date":"2025-09-04T14:27:10","date_gmt":"2025-09-04T14:27:10","guid":{"rendered":"https:\/\/www.europesays.com\/fr\/365865\/"},"modified":"2025-09-04T14:27:10","modified_gmt":"2025-09-04T14:27:10","slug":"fred-quercy-atomise-fabien-galthie-cest-la-plus-grande-m-sur-le-plan-humain","status":"publish","type":"post","link":"https:\/\/www.europesays.com\/fr\/365865\/","title":{"rendered":"Fred Quercy atomise Fabien Galthi\u00e9 : \u00ab C\u2019est la plus grande m**** sur le plan humain ! \u00bb"},"content":{"rendered":"<p>Montauban s\u2019appr\u00eate \u00e0 d\u00e9couvrir le Top 14, ce samedi apr\u00e8s-midi, avec un premier match contre le Stade-Fran\u00e7ais Paris.<\/p>\n<p>Interrog\u00e9 via <a href=\"https:\/\/www.rugbypass.com\/fr\/news\/fred-quercy-montauban-exhume-son-histoire-douloureuse-avec-le-top-14-on-nous-laissait-pourrir-en-espoirs\/\" rel=\"nofollow noopener\" target=\"_blank\">Rugby Pass<\/a> \u00e0 l\u2019approche de cette rencontre, le capitaine Montalbanais Fred Quercy s\u2019est longuement confi\u00e9.<\/p>\n<p>Et ce-dernier n\u2019a pas m\u00e2ch\u00e9 ses mots au moment d\u2019\u00e9voquer son passage \u00e0 Montpellier, lors de ses d\u00e9buts en professionnel.<\/p>\n<p><strong>Il se rappelle avoir pourri avec les Espoirs du MHR qui n\u2019avaient aucune confiance de la part du coach. C\u2019\u00e9tait entre 2013 et 2015. Extrait:<\/strong><\/p>\n<p>\u201cJ\u2019\u00e9tais jeune et pas tant que \u00e7a non plus. J\u2019ai fait partie des g\u00e9n\u00e9rations sacrifi\u00e9es de Montpellier. On \u00e9tait une quinzaine de joueurs \u00e0 pourrir en Espoirs jusqu\u2019\u00e0 22 ans (avant 2019, la cat\u00e9gorie Espoirs \u00e9tait celle des \u2013 de 23 ans, contre \u2013 de 21 ans depuis, ndlr). On n\u2019avait aucune confiance des coachs, rien. <\/p>\n<p>C\u2019\u00e9tait lamentable. Cela a \u00e9norm\u00e9ment chang\u00e9 aujourd\u2019hui et j\u2019en suis tr\u00e8s content. Je pense qu\u2019un discours comme le mien fait aussi du bien aux jeunes de mon club, qui ont 20, 21 ans et qui sont dans l\u2019\u00e9quipe pro depuis un ou deux ans.<\/p>\n<p>Je leur dis : \u2018vous avez de la chance, profitez-en et soyez s\u00e9rieux. Comprenez que le rugby a chang\u00e9 en dix ans, que tout est mis en \u0153uvre pour que vous puissiez r\u00e9ussir jeune et qu\u2019on puisse vous amener au plus haut niveau le plus rapidement possible. Ce n\u2019\u00e9tait pas le cas avant.\u2019 C\u2019\u00e9tait un r\u00eave \u00e9veill\u00e9 pour moi d\u2019arriver avec les pros \u00e0 Montpellier, qui \u00e9tait une grosse cylindr\u00e9e \u00e0 l\u2019\u00e9poque. Il y avait six internationaux devant moi, c\u2019\u00e9tait g\u00e9nial mais il n\u2019y avait pas de place pour nous.\u201d<\/p>\n<p><strong>Il se rappelle avoir v\u00e9cu un calvaire. Extrait:<\/strong><\/p>\n<p>\u201cOn sentait bien qu\u2019on ne les int\u00e9ressait pas. On \u00e9tait en plus pay\u00e9s au lance-pierre. Si ce n\u2019est le fait d\u2019arriver en pro \u2013 car j\u2019avais travaill\u00e9 longtemps pour \u00e7a \u2013 je n\u2019en garde pas de bons souvenirs. Rien de positif, ni des entra\u00eeneurs, ni des mentalit\u00e9s, ni de la fa\u00e7on dont on \u00e9tait trait\u00e9s. Je crois qui si on devait revenir \u00e0 \u00e7a aujourd\u2019hui, 80% des jeunes de 18 \u00e0 23 ans arr\u00eateraient le rugby.<\/p>\n<p>On n\u2019\u00e9tait m\u00eame pas consid\u00e9r\u00e9s. Pour \u00eatre poli, je dirais qu\u2019ils n\u2019en avaient rien \u00e0 faire de nous. C\u2019\u00e9tait violent ! On parle de sant\u00e9 mentale aujourd\u2019hui et je peux vous dire que j\u2019ai vu des potes \u00e0 moi dans le dur. Ils sont pass\u00e9s du Top 14 \u00e0 arr\u00eater compl\u00e9tement le rugby. Quand je suis arriv\u00e9, on sortait d\u2019un titre de champions de France Espoirs donc ils \u00e9taient plus ou moins oblig\u00e9s de nous faire monter \u00e0 l\u2019\u00e9tage au-dessus.\u201d<\/p>\n<p><strong>Il ne manque pas d\u2019atomiser le s\u00e9lectionneur du XV de France : Fabien Galthi\u00e9. Extrait:<\/strong><\/p>\n<p>\u00ab\u00a0On pourrissait en pros, avec notre actuel grand s\u00e9lectionneur de l\u2019\u00e9quipe de France Fabien Galthi\u00e9 qui est je crois la moins bonne personne sur Terre. Il a \u00e9t\u00e9 \u00e0 la fois le meilleur entra\u00eeneur que j\u2019ai eu, indiscutablement \u2013 et pourtant j\u2019en ai eu des bons dans ma carri\u00e8re \u2013 mais aussi la plus grande m**** sur le plan humain. Pour en revenir \u00e0 aujourd\u2019hui, les jeunes ne r\u00e9alisent pas tout \u00e7a, c\u2019est normal pour eux d\u2019\u00eatre int\u00e9gr\u00e9s avec des gars qui ont dix, douze ans de carri\u00e8re d\u2019avance sur eux. Je trouve \u00e7a g\u00e9nial, c\u2019est une tr\u00e8s bonne chose. Mais ce n\u2019\u00e9tait pas \u00e7a avant et on voyait les cons\u00e9quences de tout \u00e7a sur l\u2019\u00e9quipe de France. Heureusement que cela a chang\u00e9.<\/p>\n<p>Je me souviens, \u00e0 Montpellier, quand un troisi\u00e8me ligne s\u2019est bless\u00e9, nous \u00e9tions trois jeunes \u00e0 attendre notre tour, avec un niveau tr\u00e8s correct. On n\u2019attendait que \u00e7a. Mais non, on a pr\u00e9f\u00e9r\u00e9 faire venir un joker m\u00e9dical pour quatre matchs. Pourtant j\u2019avais d\u00e9j\u00e0 jou\u00e9 avec les pros, et ils \u00e9taient contents de moi. Mais ils ont pr\u00e9f\u00e9r\u00e9 appeler un joueur de deuxi\u00e8me division anglaise, inconnu au bataillon et nul \u00e0 c****. Il a fait 4 matchs, ils lui ont dit \u2018tu es nul, tu d\u00e9gages\u2019, et au final j\u2019ai fait le dernier match ! C\u2019\u00e9tait tellement irrespectueux.\u201d<\/p>\n<p><strong>Il rappelle d\u2019ailleurs que le XV de France a travers\u00e9 une p\u00e9riode tr\u00e8s d\u00e9licate entre 2012 et 2019. Extrait:<\/strong><\/p>\n<p>L\u2019\u00e9quipe de France devenait catastrophique, plus rien n\u2019allait. Il n\u2019y avait que des vieux, qui ne s\u2019en sortaient plus. Les jeunes \u00e9taient l\u00e0 mais on ne s\u2019en servait pas. Un serpent qui se mordait la queue\u00a0! Du jour au lendemain, ils ont enfin int\u00e9gr\u00e9 tous les jeunes d\u2019un coup dans les \u00e9quipes. Le niveau de la s\u00e9lection n\u2019a pas augment\u00e9 tout de suite mais quand ces jeunes ont atteint le niveau professionnel, l\u2019\u00e9quipe de France est devenue \u00e9norme et elle poss\u00e8de aujourd\u2019hui un vivier incroyable.<\/p>\n","protected":false},"excerpt":{"rendered":"Montauban s\u2019appr\u00eate \u00e0 d\u00e9couvrir le Top 14, ce samedi apr\u00e8s-midi, avec un premier match contre le Stade-Fran\u00e7ais Paris.&hellip;\n","protected":false},"author":2,"featured_media":224067,"comment_status":"","ping_status":"","sticky":false,"template":"","format":"standard","meta":{"footnotes":""},"categories":[1416],"tags":[1011,27,479,1468,60],"class_list":{"0":"post-365865","1":"post","2":"type-post","3":"status-publish","4":"format-standard","5":"has-post-thumbnail","7":"category-rugby","8":"tag-fr","9":"tag-france","10":"tag-rugby","11":"tag-rugby-football","12":"tag-sports"},"share_on_mastodon":{"url":"","error":""},"_links":{"self":[{"href":"https:\/\/www.europesays.com\/fr\/wp-json\/wp\/v2\/posts\/365865","targetHints":{"allow":["GET"]}}],"collection":[{"href":"https:\/\/www.europesays.com\/fr\/wp-json\/wp\/v2\/posts"}],"about":[{"href":"https:\/\/www.europesays.com\/fr\/wp-json\/wp\/v2\/types\/post"}],"author":[{"embeddable":true,"href":"https:\/\/www.europesays.com\/fr\/wp-json\/wp\/v2\/users\/2"}],"replies":[{"embeddable":true,"href":"https:\/\/www.europesays.com\/fr\/wp-json\/wp\/v2\/comments?post=365865"}],"version-history":[{"count":0,"href":"https:\/\/www.europesays.com\/fr\/wp-json\/wp\/v2\/posts\/365865\/revisions"}],"wp:featuredmedia":[{"embeddable":true,"href":"https:\/\/www.europesays.com\/fr\/wp-json\/wp\/v2\/media\/224067"}],"wp:attachment":[{"href":"https:\/\/www.europesays.com\/fr\/wp-json\/wp\/v2\/media?parent=365865"}],"wp:term":[{"taxonomy":"category","embeddable":true,"href":"https:\/\/www.europesays.com\/fr\/wp-json\/wp\/v2\/categories?post=365865"},{"taxonomy":"post_tag","embeddable":true,"href":"https:\/\/www.europesays.com\/fr\/wp-json\/wp\/v2\/tags?post=365865"}],"curies":[{"name":"wp","href":"https:\/\/api.w.org\/{rel}","templated":true}]}}