{"id":365866,"date":"2025-09-04T14:28:09","date_gmt":"2025-09-04T14:28:09","guid":{"rendered":"https:\/\/www.europesays.com\/fr\/365866\/"},"modified":"2025-09-04T14:28:09","modified_gmt":"2025-09-04T14:28:09","slug":"us-open-rinderknech-sur-alcaraz-et-sinner-un-petit-detail-que-jai-ressenti-cest-que-par-moment-jarrive-a-mettre-des-bonnes-frappes-en-place-qui-me-permettraient-contre-tous-les-autres-joueurs","status":"publish","type":"post","link":"https:\/\/www.europesays.com\/fr\/365866\/","title":{"rendered":"US Open > Rinderknech sur Alcaraz et Sinner : \u00ab\u00a0Un petit d\u00e9tail que j&rsquo;ai ressenti, c&rsquo;est que par moment j&rsquo;arrive \u00e0 mettre des bonnes frappes en place qui me permettraient contre tous les autres joueurs de recevoir une balle plus courte. Mais pas contre eux\u00a0\u00bb"},"content":{"rendered":"<p>Battu par Jannik Sinner au premier tour de Roland\u2010Garros (6\u22124, 6\u20133, 7\u20135) et par Carlos Alcaraz en huiti\u00e8mes de finale de l\u2019US Open (7\u20136[3], 6\u20133, 6\u20134), Arthur Rinderknech a expliqu\u00e9 \u00e0 <a href=\"https:\/\/www.eurosport.fr\/tennis\/us-open\/2025\/us-open-2025-arthur-rinderknech-jai-la-sensation-qualcaraz-et-sinner-ont-souvent-un-coup-davance-sur-nous_vid60026200\/video.shtml\" data-wpel-link=\"external\" target=\"_blank\" rel=\"nofollow external noopener\">Eurosport<\/a> ce qui faisait selon lui la diff\u00e9\u00adrence entre les deux meilleurs joueurs actuels et les autres.\u00a0<\/p>\n<p><strong>\u00ab\u202fCe n\u2019est pas \u00e9vident de les jouer. L\u2019\u00e9quation est assez diffi\u00adcile parce qu\u2019ils ont r\u00e9ponse \u00e0 tout et ils te prennent \u00e0 la gorge d\u2019en\u00adtr\u00e9e. Tu as l\u2019im\u00adpres\u00adsion de subir un raz\u2010de\u2010mar\u00e9e, <strong>ce qui n\u2019est pas toujours le cas avec les autres joueurs<\/strong>. Ils sont un cran au\u2010dessus physi\u00adque\u00adment et tennis\u00adti\u00adque\u00adment. Un petit d\u00e9tail que j\u2019ai ressenti avec Carlos, c\u2019est que par moment j\u2019ar\u00adrive \u00e0 mettre des bonnes frappes en place qui me permet\u00adtraient contre tous les autres joueurs de rece\u00advoir une balle plus courte. Mais contre Sinner et Alcaraz on prend une contre\u2010attaque et on est tout de suite en d\u00e9fense, et c\u2019est nous qui recu\u00adlons. J\u2019ai l\u2019im\u00adpres\u00adsion qu\u2019ils ont un coup d\u2019avance sur\u00a0nous.\u202f\u00bb<\/strong><\/p>\n<p class=\"post-published-date\" style=\"color: silver; font-size: 75%; text-align: left;\">Publi\u00e9 le jeudi 4 septembre 2025 \u00e0 12:59<\/p>\n","protected":false},"excerpt":{"rendered":"Battu par Jannik Sinner au premier tour de Roland\u2010Garros (6\u22124, 6\u20133, 7\u20135) et par Carlos Alcaraz en huiti\u00e8mes&hellip;\n","protected":false},"author":2,"featured_media":365867,"comment_status":"","ping_status":"","sticky":false,"template":"","format":"standard","meta":{"footnotes":""},"categories":[1415],"tags":[1744,1011,27,2127,60,1467],"class_list":{"0":"post-365866","1":"post","2":"type-post","3":"status-publish","4":"format-standard","5":"has-post-thumbnail","7":"category-tennis","8":"tag-alcaraz","9":"tag-fr","10":"tag-france","11":"tag-sinner","12":"tag-sports","13":"tag-tennis"},"share_on_mastodon":{"url":"https:\/\/pubeurope.com\/@fr\/115146503117858308","error":""},"_links":{"self":[{"href":"https:\/\/www.europesays.com\/fr\/wp-json\/wp\/v2\/posts\/365866","targetHints":{"allow":["GET"]}}],"collection":[{"href":"https:\/\/www.europesays.com\/fr\/wp-json\/wp\/v2\/posts"}],"about":[{"href":"https:\/\/www.europesays.com\/fr\/wp-json\/wp\/v2\/types\/post"}],"author":[{"embeddable":true,"href":"https:\/\/www.europesays.com\/fr\/wp-json\/wp\/v2\/users\/2"}],"replies":[{"embeddable":true,"href":"https:\/\/www.europesays.com\/fr\/wp-json\/wp\/v2\/comments?post=365866"}],"version-history":[{"count":0,"href":"https:\/\/www.europesays.com\/fr\/wp-json\/wp\/v2\/posts\/365866\/revisions"}],"wp:featuredmedia":[{"embeddable":true,"href":"https:\/\/www.europesays.com\/fr\/wp-json\/wp\/v2\/media\/365867"}],"wp:attachment":[{"href":"https:\/\/www.europesays.com\/fr\/wp-json\/wp\/v2\/media?parent=365866"}],"wp:term":[{"taxonomy":"category","embeddable":true,"href":"https:\/\/www.europesays.com\/fr\/wp-json\/wp\/v2\/categories?post=365866"},{"taxonomy":"post_tag","embeddable":true,"href":"https:\/\/www.europesays.com\/fr\/wp-json\/wp\/v2\/tags?post=365866"}],"curies":[{"name":"wp","href":"https:\/\/api.w.org\/{rel}","templated":true}]}}