{"id":365868,"date":"2025-09-04T14:30:15","date_gmt":"2025-09-04T14:30:15","guid":{"rendered":"https:\/\/www.europesays.com\/fr\/365868\/"},"modified":"2025-09-04T14:30:15","modified_gmt":"2025-09-04T14:30:15","slug":"steiner-et-un-groupe-dinvestisseurs-vont-officialiser-lacquisition-de-tech3","status":"publish","type":"post","link":"https:\/\/www.europesays.com\/fr\/365868\/","title":{"rendered":"Steiner et un groupe d&rsquo;investisseurs vont officialiser l&rsquo;acquisition de Tech3"},"content":{"rendered":"<p><a href=\"https:\/\/fr.motorsport.com\/motogp\/news\/gunther-steiner-finalise-rachat-tech3\/10747593\/\" rel=\"nofollow noopener\" target=\"_blank\">Comme r\u00e9v\u00e9l\u00e9 par <strong>Motorsport.com<\/strong><\/a> il y a plusieurs semaines, G\u00fcnther Steiner et les d\u00e9tenteurs de Tech3 avaient trouv\u00e9 un accord sur les termes de la transaction avant la pause estivale. L&rsquo;acquisition, \u00e9valu\u00e9e \u00e0 environ 20 millions d&rsquo;euros, ne n\u00e9cessitait plus que les signatures finales, d\u00e9sormais effectives.<\/p>\n<p>Dans le cadre du Grand Prix de Catalogne ce week-end, la Dorna, promoteur du MotoGP, a pr\u00e9vu une conf\u00e9rence de presse ce vendredi, \u00e0 midi. Selon les informations de\u00a0<strong>Motorsport.com<\/strong>,\u00a0G\u00fcnther Steiner lui-m\u00eame y participera, prenant le contr\u00f4le de l&rsquo;\u00e9quipe fran\u00e7aise avec le soutien d&rsquo;un consortium d&rsquo;investisseurs principalement originaires des \u00c9tats-Unis.<\/p>\n<p>La transaction, juste en dessous de 20 millions d&rsquo;euros, a \u00e9t\u00e9 facilit\u00e9e par Apex, un fonds g\u00e9rant le capital d&rsquo;un large groupe d&rsquo;athl\u00e8tes de renom. Parmi eux figure Lando Norris, bien que plusieurs autres noms c\u00e9l\u00e8bres &#8211; certains actuellement sur la grille de Formule 1 &#8211; aient choisi de rester anonymes. L&rsquo;une des op\u00e9rations les plus notables d&rsquo;Apex \u00e0 ce jour a \u00e9t\u00e9 l&rsquo;acquisition de 20\u00a0% des parts de l&rsquo;\u00e9quipe Alpine.<\/p>\n<p>   <img decoding=\"async\" draggable=\"false\" src=\"https:\/\/www.europesays.com\/fr\/wp-content\/uploads\/2025\/08\/guenther-steiner-paolo-campino.jpg\" alt=\"G\u00fcnther Steiner, Paolo Campinoti (patron de Pramac) et Daniel Rossomondo (directeur commercial du MotoGP) lors du GP de Grande-Bretagne.\" width=\"1200\" height=\"800\" loading=\"lazy\"\/> <\/p>\n<p class=\"title\">G\u00fcnther Steiner, Paolo Campinoti (patron de Pramac) et Daniel Rossomondo (directeur commercial du MotoGP) lors du GP de Grande-Bretagne.<\/p>\n<p class=\"photographer\">Photo de: Gold and Goose Photography \/ LAT Images \/ via Getty Images<\/p>\n<p>Toutes les parties impliqu\u00e9es dans le deal Tech3 ont salu\u00e9 ce changement de propri\u00e9taire : de KTM, qui continuera \u00e0 fournir des motos \u00e0 l&rsquo;\u00e9quipe au moins jusqu&rsquo;en 2026, \u00e0 la Dorna, en passant par Liberty Media, actionnaire majoritaire de la soci\u00e9t\u00e9 espagnole qui g\u00e8re le championnat.<\/p>\n<p>Les contrats actuels entre les \u00e9quipes et la Dorna expirent en 2027, moment auquel les \u00e9quipes satellites pourront ren\u00e9gocier leurs accords ou changer de constructeur. Steiner aurait obtenu des garanties de la part des promoteurs pour conserver les deux places de Tech3 sur la grille au-del\u00e0 de l&rsquo;ann\u00e9e prochaine.<\/p>\n<p>Selon les termes de l&rsquo;accord, la nouvelle direction conservera <a href=\"https:\/\/fr.motorsport.com\/driver\/maverick-vinales\/96553\/\" target=\"_blank\" rel=\"noopener nofollow\">Maverick Vi\u00f1ales<\/a> et <a href=\"https:\/\/fr.motorsport.com\/driver\/enea-bastianini\/109398\/\" target=\"_blank\" rel=\"noopener nofollow\">Enea Bastianini<\/a> dans son line-up de pilotes, ainsi que tout le personnel actuel, tout en maintenant le si\u00e8ge de l&rsquo;\u00e9quipe en France. Il y a quelques semaines, le cofondateur et ancien propri\u00e9taire de Tech3, Herv\u00e9 Poncharal, avait ni\u00e9 tout accord.<\/p>\n<p>Cependant, l&rsquo;annonce de vendredi refl\u00e8te un sentiment largement partag\u00e9 dans le paddock : au final, ce sont les int\u00e9r\u00eats ex\u00e9cutifs qui pr\u00e9valent.\u00a0D&rsquo;apr\u00e8s nos informations,\u00a0Poncharal transmettra progressivement ses responsabilit\u00e9s \u00e0 Steiner, donnant \u00e0 l&rsquo;ing\u00e9nieur italien le temps de s&rsquo;adapter \u00e0 une r\u00e9alit\u00e9 tr\u00e8s diff\u00e9rente de celle de la Formule 1.<\/p>\n<p>La Dorna et Liberty Media ont toutes deux salu\u00e9 cette transition, esp\u00e9rant que le charisme et l&rsquo;influence de Steiner &#8211; qui b\u00e9n\u00e9ficie d&rsquo;une importante communaut\u00e9 de fans gr\u00e2ce \u00e0 sa personnalit\u00e9 haute en couleur rendue c\u00e9l\u00e8bre gr\u00e2ce aux passages de l&rsquo;Italien dans la s\u00e9rie Netflix \u00ab\u00a0Drive to Survive\u00a0\u00bb, et qui a d\u00e9j\u00e0 \u00e9t\u00e9 aper\u00e7u dans le paddock de Montmel\u00f3 ce jeudi &#8211; contribueront \u00e0 la croissance mondiale du MotoGP.<\/p>\n<p>Lire aussi :<\/p>\n<p>Dans cet article<\/p>\n<p>Soyez le premier inform\u00e9 et souscrivez aux alertes mails pour recevoir les infos en temps r\u00e9el<\/p>\n<p>    S&rsquo;abonner aux alertes de news<\/p>\n","protected":false},"excerpt":{"rendered":"Comme r\u00e9v\u00e9l\u00e9 par Motorsport.com il y a plusieurs semaines, G\u00fcnther Steiner et les d\u00e9tenteurs de Tech3 avaient trouv\u00e9&hellip;\n","protected":false},"author":2,"featured_media":365869,"comment_status":"","ping_status":"","sticky":false,"template":"","format":"standard","meta":{"footnotes":""},"categories":[1413],"tags":[25466,1011,27,48377,1457,1456,1458,60,50032,3374],"class_list":{"0":"post-365868","1":"post","2":"type-post","3":"status-publish","4":"format-standard","5":"has-post-thumbnail","7":"category-moto","8":"tag-circuit-de-barcelona-catalunya","9":"tag-fr","10":"tag-france","11":"tag-gp-de-catalogne","12":"tag-moto","13":"tag-motocycle","14":"tag-motogp","15":"tag-sports","16":"tag-steiner-et-un-groupe-dinvestisseurs-vont-officialiser-lacquisition-de-tech3","17":"tag-tech-3"},"share_on_mastodon":{"url":"https:\/\/pubeurope.com\/@fr\/115146511449300961","error":""},"_links":{"self":[{"href":"https:\/\/www.europesays.com\/fr\/wp-json\/wp\/v2\/posts\/365868","targetHints":{"allow":["GET"]}}],"collection":[{"href":"https:\/\/www.europesays.com\/fr\/wp-json\/wp\/v2\/posts"}],"about":[{"href":"https:\/\/www.europesays.com\/fr\/wp-json\/wp\/v2\/types\/post"}],"author":[{"embeddable":true,"href":"https:\/\/www.europesays.com\/fr\/wp-json\/wp\/v2\/users\/2"}],"replies":[{"embeddable":true,"href":"https:\/\/www.europesays.com\/fr\/wp-json\/wp\/v2\/comments?post=365868"}],"version-history":[{"count":0,"href":"https:\/\/www.europesays.com\/fr\/wp-json\/wp\/v2\/posts\/365868\/revisions"}],"wp:featuredmedia":[{"embeddable":true,"href":"https:\/\/www.europesays.com\/fr\/wp-json\/wp\/v2\/media\/365869"}],"wp:attachment":[{"href":"https:\/\/www.europesays.com\/fr\/wp-json\/wp\/v2\/media?parent=365868"}],"wp:term":[{"taxonomy":"category","embeddable":true,"href":"https:\/\/www.europesays.com\/fr\/wp-json\/wp\/v2\/categories?post=365868"},{"taxonomy":"post_tag","embeddable":true,"href":"https:\/\/www.europesays.com\/fr\/wp-json\/wp\/v2\/tags?post=365868"}],"curies":[{"name":"wp","href":"https:\/\/api.w.org\/{rel}","templated":true}]}}