{"id":365870,"date":"2025-09-04T14:31:18","date_gmt":"2025-09-04T14:31:18","guid":{"rendered":"https:\/\/www.europesays.com\/fr\/365870\/"},"modified":"2025-09-04T14:31:18","modified_gmt":"2025-09-04T14:31:18","slug":"joseph-jai-besoin-de-toi-pour-gagner-lutmb-joseph-mestrallet-le-jeune-data-analyste-francais-qui-a-conseille-les-deux-vainqueurs-de-lutmb-lequipe","status":"publish","type":"post","link":"https:\/\/www.europesays.com\/fr\/365870\/","title":{"rendered":"\u00ab Joseph, j&#039;ai besoin de toi pour gagner l&#039;UTMB \u00bb : Joseph Mestrallet, le jeune data-analyste fran\u00e7ais qui a conseill\u00e9 les deux vainqueurs de l&#039;UTMB &#8211; L&#039;\u00c9quipe"},"content":{"rendered":"<ol>\n<li><a href=\"https:\/\/news.google.com\/rss\/articles\/CBMijgJBVV95cUxPUEdnVGZWZml3c29ac0dDTmh0TXlNZExLYXlIZGpxcVJXdk1tc2M2ZW0yMXo1QmNmaFZuNU44bGNQR2NxUzFETkN5VnI5Z0pwVWxycHFzNFp0MlhSY1RBWW95MDhEaHVmMGpwYkFobk03UlhGZ05xSkY1MWYyRktEYjNRck84QjZFSkpEbUxYZ0VqdnZkbmtQV294QnVHVjU1bHNLVHd2cFVhdkJ1UFduSy03MWhVZmM5MU9rWFUtZURVOXZ0eFNTSmtxNVlWS01wTmdNM0JZZjRCWFZ6MnBHcmNkV095WnlOZmtEU0J3b09rYnRYU0s2UnYxQ3lITnJnamFYMlBQanhHWWEwbmc?oc=5\" target=\"_blank\" rel=\"nofollow noopener\">\u00ab Joseph, j&rsquo;ai besoin de toi pour gagner l&rsquo;UTMB \u00bb : Joseph Mestrallet, le jeune data-analyste fran\u00e7ais qui a conseill\u00e9 les deux vainqueurs de l&rsquo;UTMB<\/a>&nbsp;&nbsp;L&rsquo;\u00c9quipe<\/li>\n<li><a href=\"https:\/\/news.google.com\/rss\/articles\/CBMirAFBVV95cUxPUmZvQ2UxNVdvNi0yNnk2RWdPUGNNRVZIZ3ZmdkNIS2h5OWZLTnV4MGEwQVBncEtqY1Jxb2NKT3ZTNmhweWZlMWNBMFFPUTg5ZHdxQmF1d1pNcmNhcUluZDJVenN1S0JSRXFSeUQ5Z3d5NVN2UXhwdFRjcEJJRFkzRGg1SXJyTWdXYUtoNVVhZnF6UTRpc2ZQUUZ0ekRvbkhqUmhWN1F4Sy1VUEsz?oc=5\" target=\"_blank\" rel=\"nofollow noopener\">Imane Khelif ne pourra pas disputer les Mondiaux de boxe \u00e0 Liverpool<\/a>&nbsp;&nbsp;20 Minutes<\/li>\n<li><a href=\"https:\/\/news.google.com\/rss\/articles\/CBMi8gFBVV95cUxQYlhkaUNRQTRwZ24zTzFNVXlqbFFLcC1JRmpSTktYdGp2M3l5OWdLNE1RRlVXMFlqUjM0YWZpbkV4U043bHBrQzZjSFdUdE4yb0psLVhERFg4ekVDS2NrdUxaQV93RFN3aHZpaGRhcURCTU1BaWZlUGRiNmV6OWxZQ2tmVkFsbURKWHI5Sl8wMUFzTHhLYUFiTHhTOHhmWGUyc211ZnI2Yzk2MUY0ZjMtblJkLU9lR1NYSkNyMWp0MmhfSG5KWjlrdjlIYWUxSGdmelJuX2dmZmNPVnhLb0hxOTdOVkM0MWdEd2ZxSk1lXzZOUQ?oc=5\" target=\"_blank\" rel=\"nofollow noopener\">Pluie, nuit glaciale, chutes : ces deux Puydomois \u00e9voquent leur exp\u00e9rience extr\u00eame lors de l&rsquo;UTMB \u00e0 Chamonix<\/a>&nbsp;&nbsp;La Montagne<\/li>\n<li><a href=\"https:\/\/news.google.com\/rss\/articles\/CBMitAFBVV95cUxPazdvM09lYlJXSm5COGtGOGRmR1Z0TktyWkJwUXdtdjYyX0Q0cUF2aC1jRzN1V3Jhdm9mVEVqclRyQkNSQlJDaEtLbFk2aENGOUNFNy14OGJDYVZaVmhER3ZGTlFPNnJfYXA5MVFaVFgxN3AtUUY0WDBpZm5JVENQRVFZUWVsTkNqelc2QkFfRGhLYUpRR3pIMU5wWEp1Q0FvRTF5QU5MRnEwWURCZHNMS01ra3U?oc=5\" target=\"_blank\" rel=\"nofollow noopener\">Ultra-Trail du Mont-Blanc : Lo\u00efc Granier rel\u00e8ve l\u2019exploit en 44 h 50<\/a>&nbsp;&nbsp;ladepeche.fr<\/li>\n<li><a href=\"https:\/\/news.google.com\/rss\/articles\/CBMickFVX3lxTE0wb0N4TXhtaXpuaXc5X3UtN2ZaUmlUMHJyeVZzRVVUUTVqNlRPTGJoOVcwbkxDN2R0VnlUTGlDZ3hSclk2RG1iWWNYLUpPTEFtTnJkT0JKdFJ1RkFtNkM5VnpVbXh3SGk5dm15YmlkVnZkUQ?oc=5\" target=\"_blank\" rel=\"nofollow noopener\">Les chaussures qui ont marqu\u00e9 l\u2019UTMB 2025<\/a>&nbsp;&nbsp;Outside.fr<\/li>\n<\/ol>\n","protected":false},"excerpt":{"rendered":"\u00ab Joseph, j&rsquo;ai besoin de toi pour gagner l&rsquo;UTMB \u00bb : Joseph Mestrallet, le jeune data-analyste fran\u00e7ais qui&hellip;\n","protected":false},"author":2,"featured_media":365871,"comment_status":"","ping_status":"","sticky":false,"template":"","format":"standard","meta":{"footnotes":""},"categories":[1412],"tags":[1451,1452,1453,1454,1455,1011,27,60],"class_list":{"0":"post-365870","1":"post","2":"type-post","3":"status-publish","4":"format-standard","5":"has-post-thumbnail","7":"category-f1","8":"tag-f1","9":"tag-formula-1","10":"tag-formula1","11":"tag-formule-1","12":"tag-formule1","13":"tag-fr","14":"tag-france","15":"tag-sports"},"share_on_mastodon":{"url":"https:\/\/pubeurope.com\/@fr\/115146515018556211","error":""},"_links":{"self":[{"href":"https:\/\/www.europesays.com\/fr\/wp-json\/wp\/v2\/posts\/365870","targetHints":{"allow":["GET"]}}],"collection":[{"href":"https:\/\/www.europesays.com\/fr\/wp-json\/wp\/v2\/posts"}],"about":[{"href":"https:\/\/www.europesays.com\/fr\/wp-json\/wp\/v2\/types\/post"}],"author":[{"embeddable":true,"href":"https:\/\/www.europesays.com\/fr\/wp-json\/wp\/v2\/users\/2"}],"replies":[{"embeddable":true,"href":"https:\/\/www.europesays.com\/fr\/wp-json\/wp\/v2\/comments?post=365870"}],"version-history":[{"count":0,"href":"https:\/\/www.europesays.com\/fr\/wp-json\/wp\/v2\/posts\/365870\/revisions"}],"wp:featuredmedia":[{"embeddable":true,"href":"https:\/\/www.europesays.com\/fr\/wp-json\/wp\/v2\/media\/365871"}],"wp:attachment":[{"href":"https:\/\/www.europesays.com\/fr\/wp-json\/wp\/v2\/media?parent=365870"}],"wp:term":[{"taxonomy":"category","embeddable":true,"href":"https:\/\/www.europesays.com\/fr\/wp-json\/wp\/v2\/categories?post=365870"},{"taxonomy":"post_tag","embeddable":true,"href":"https:\/\/www.europesays.com\/fr\/wp-json\/wp\/v2\/tags?post=365870"}],"curies":[{"name":"wp","href":"https:\/\/api.w.org\/{rel}","templated":true}]}}