{"id":365872,"date":"2025-09-04T14:32:10","date_gmt":"2025-09-04T14:32:10","guid":{"rendered":"https:\/\/www.europesays.com\/fr\/365872\/"},"modified":"2025-09-04T14:32:10","modified_gmt":"2025-09-04T14:32:10","slug":"cyclisme-tour-de-grande-bretagne-matthew-brennan-soffre-la-3e-etape-lance-par-kooij","status":"publish","type":"post","link":"https:\/\/www.europesays.com\/fr\/365872\/","title":{"rendered":"Cyclisme. Tour de Grande-Bretagne &#8211; Matthew Brennan s&rsquo;offre la 3e \u00e9tape&#8230; lanc\u00e9 par Kooij"},"content":{"rendered":"<p>La <strong>Visma | Lease a Bike <\/strong>continue sa balade sur le <strong><a href=\"https:\/\/www.cyclismactu.net\/..\/news-tour-de-grande-bretagne-route-olav-kooij-2e-etape-sans-rival-et-un-double-89952.html\" target=\"_blank\" rel=\"nofollow noopener\">Tour de Grande-Bretagne<\/a><\/strong> ! En effet, la formation n\u00e9erlandaise s&rsquo;est offerte la 3e victoire en 3 jours avec le succ\u00e8s de <strong>Matthew Brennan <\/strong>sur la 3e \u00e9tape ! Les r\u00f4les se sont invers\u00e9s ce jeudi, puisque c&rsquo;est cette fois-ci le Britannique qui a \u00e9t\u00e9 lanc\u00e9 par <strong>Olav Kooij <\/strong>et qui s&rsquo;est impos\u00e9 facilement devant <strong>Alberto Dainese <\/strong>(Tudor) et<strong> Rui Oliveira<\/strong> (UAE Team Emirates XRG). <strong>Kooij <\/strong>conserve lui son maillot de leader.<\/p>\n<p>Vid\u00e9o &#8211; La veille, Olav Kooij avait remport\u00e9 la 2e \u00e9tape Lire la suite de l&rsquo;article&#13;<\/p>\n<p>\u00a0<\/p>\n<p>&#13;<br \/>\nLe r\u00e9sum\u00e9&#13;<\/p>\n<p>Une \u00e9chapp\u00e9e compos\u00e9e de <strong>Casper Pedersen <\/strong>(Soudal Quick-Step), <strong>Ben Chilton <\/strong>(Grande-Bretagne), <strong>Mats Wenzel<\/strong> (Kern Pharma) et <strong>Robin Froidevaux<\/strong> (Tudor) se forme d\u00e8s les premiers kilom\u00e8tres. Derri\u00e8re, c&rsquo;est la<strong> Visma | Lease a Bike <\/strong>qui contr\u00f4le et les fuyards sont finalement repris \u00e0 12 bornes de la ligne. Malgr\u00e9 quelques tentatives d&rsquo;offensives, notamment de <strong>Remco Evenepoel<\/strong> (Soudal Quick-Step) ou d&rsquo;<strong>Axel Huens<\/strong> (Unibet Tietema Rockets), la gagne va se jouer au sprint.<\/p>\n<p>&#13;<\/p>\n<p>Et c&rsquo;est une nouvelle fois la<strong> Visma | Lease a Bike<\/strong> qui est la mieux organis\u00e9. <strong>Edoardo Affini <\/strong>fait un \u00e9norme boulot pour plac\u00e9 <strong>Olav Kooij <\/strong>et <strong>Matthew Brennan<\/strong> parfaitement dans les 500 derniers m\u00e8tres. Et contre toute attente, c&rsquo;est finalement le N\u00e9erlandais qui va lancer le Britannique. <strong>Kooij <\/strong>d\u00e9pose parfaitement <strong>Brennan <\/strong>\u00e0 150 m\u00e8tres et ce dernier s&rsquo;impose facilement devant\u00a0<strong>Alberto Dainese <\/strong>(Tudor) et<strong> Rui Oliveira<\/strong> (UAE Team Emirates XRG).<\/p>\n<p>Tour de Grande-Bretagne &#8211; Classement de la 3\u00e8 \u00e9tape Tour de Grande-Bretagne &#8211; Classement g\u00e9n\u00e9ral provisoire apr\u00e8s la 3\u00e8 \u00e9tape<\/p>\n","protected":false},"excerpt":{"rendered":"La Visma | Lease a Bike continue sa balade sur le Tour de Grande-Bretagne ! En effet, la&hellip;\n","protected":false},"author":2,"featured_media":365873,"comment_status":"","ping_status":"","sticky":false,"template":"","format":"standard","meta":{"footnotes":""},"categories":[1411],"tags":[1154,207,211,1011,27,209,60,210,50033,212,208,213],"class_list":{"0":"post-365872","1":"post","2":"type-post","3":"status-publish","4":"format-standard","5":"has-post-thumbnail","7":"category-cyclisme","8":"tag-cycling","9":"tag-cyclisme","10":"tag-ffc","11":"tag-fr","12":"tag-france","13":"tag-route","14":"tag-sports","15":"tag-tour-de-france","16":"tag-tour-de-grande-bretagne","17":"tag-uci","18":"tag-velo","19":"tag-world-tour"},"share_on_mastodon":{"url":"https:\/\/pubeurope.com\/@fr\/115146519018133841","error":""},"_links":{"self":[{"href":"https:\/\/www.europesays.com\/fr\/wp-json\/wp\/v2\/posts\/365872","targetHints":{"allow":["GET"]}}],"collection":[{"href":"https:\/\/www.europesays.com\/fr\/wp-json\/wp\/v2\/posts"}],"about":[{"href":"https:\/\/www.europesays.com\/fr\/wp-json\/wp\/v2\/types\/post"}],"author":[{"embeddable":true,"href":"https:\/\/www.europesays.com\/fr\/wp-json\/wp\/v2\/users\/2"}],"replies":[{"embeddable":true,"href":"https:\/\/www.europesays.com\/fr\/wp-json\/wp\/v2\/comments?post=365872"}],"version-history":[{"count":0,"href":"https:\/\/www.europesays.com\/fr\/wp-json\/wp\/v2\/posts\/365872\/revisions"}],"wp:featuredmedia":[{"embeddable":true,"href":"https:\/\/www.europesays.com\/fr\/wp-json\/wp\/v2\/media\/365873"}],"wp:attachment":[{"href":"https:\/\/www.europesays.com\/fr\/wp-json\/wp\/v2\/media?parent=365872"}],"wp:term":[{"taxonomy":"category","embeddable":true,"href":"https:\/\/www.europesays.com\/fr\/wp-json\/wp\/v2\/categories?post=365872"},{"taxonomy":"post_tag","embeddable":true,"href":"https:\/\/www.europesays.com\/fr\/wp-json\/wp\/v2\/tags?post=365872"}],"curies":[{"name":"wp","href":"https:\/\/api.w.org\/{rel}","templated":true}]}}