{"id":365874,"date":"2025-09-04T14:33:10","date_gmt":"2025-09-04T14:33:10","guid":{"rendered":"https:\/\/www.europesays.com\/fr\/365874\/"},"modified":"2025-09-04T14:33:10","modified_gmt":"2025-09-04T14:33:10","slug":"om-le-velodrome-a-marque-brobbey-maxifoot","status":"publish","type":"post","link":"https:\/\/www.europesays.com\/fr\/365874\/","title":{"rendered":"OM : le V\u00e9lodrome a marqu\u00e9 Brobbey &#8211; Maxifoot"},"content":{"rendered":"<ol>\n<li><a href=\"https:\/\/news.google.com\/rss\/articles\/CBMifEFVX3lxTE1od2kxa0pqZTE3NmVtNV9oaXltV0VzVzZxTUthTEVhWGRoTkhPN1NYcEhhdElZSC1ud2ozbzFuODNWTnY1RUVZeVZaV0J5bTByWUJ5Ty1yd3VFelEtYm9nOWVHR1d1b2Y3U2dEeWhpeDJ4MmljQjVGRlJiNy3SAXxBVV95cUxOLTFaNURWZElYRFEyRnA4N2J5ZHYyOXZPamVTUW1qYXBMMlNFOEVXVm1HdlpTeV9RYlpSdmZIYzlqd3VCWkJ5Y1E0Q1lHemtIYllKcndqeFZvMnZBSHh1dG1ZX2VidmszWFBIbWVJcTg2eDZsaVJpa1lUSmM0?oc=5\" target=\"_blank\" rel=\"noopener\">OM : le V\u00e9lodrome a marqu\u00e9 Brobbey<\/a>&nbsp;&nbsp;Maxifoot<\/li>\n<li><a href=\"https:\/\/news.google.com\/rss\/articles\/CBMimgFBVV95cUxPbm9KOUhPb0MwVkpQS1B2eTgxMjZIcktmTVJQZGhqMTBCZk9XZmxMLUhVQWFXVFVMSl9GN3ZYdDBfamsyUm5iV2pBY3d0WGFHWkRaQlZwZUFQR0JrNGZpTFNCZkpOLUtWR0x2bFl1VktjUFUyUlIwU1VhMEhWSk1rZUxuc0l2TTJjN1RjTl9nSEJYX0ZWVElYTGJB?oc=5\" target=\"_blank\" rel=\"noopener\">OM &#8211; L&rsquo;OM a tap\u00e9 dans l&rsquo;oeil de Brian Brobbey<\/a>&nbsp;&nbsp;Le Phoc\u00e9en<\/li>\n<li><a href=\"https:\/\/news.google.com\/rss\/articles\/CBMijwFBVV95cUxQVnN4T3pGbjM1UEF2S1JpYXY2bkU2Q1JVNHRuMEluTGJzLW4xQy1qS2ZuczlUMmxaaHZENHdiOFYtYnJ4RlNrOGZ5VnJLdkJ1LS0wbVJQZEE2d1lfcVMtdV8xdlJwTlAzaHV5WkY3a1N2WUc3QzhjeHFkd1BQcERiRTNxWTl0LW9GRkd5NlF5aw?oc=5\" target=\"_blank\" rel=\"noopener\">L\u2019Ajax vend Brian Brobbey \u00e0 Sunderland<\/a>&nbsp;&nbsp;Foot Mercato<\/li>\n<li><a href=\"https:\/\/news.google.com\/rss\/articles\/CBMizAFBVV95cUxNX0RNWU91Z2ljZFVsUTVkQktrN09vWlQtTmhHUUt6UUJYVjNGT1ZGaExIZ3I2MldYajJVdTlWZEdNLWxoYUNCYXRjSlB6eU44WG1ZNHNUWVp4WXhrenNkakxpTkY1OUJBSktlS2FDOS1UYWstNk04X2JqQV9BN0tzN3IzWmxPZVh0RVRLYXUtMEJ3TTFGV181c3pNZ0FQUWlzQTE5ZUZpMFVsSlVlbi1lZ0RwTmdLT09ZakhPVUxwLTlfSHBtRllIbXhLbDLSAdIBQVVfeXFMTXVYQUNrYy1pSUxLandtUmowcmtVdEx3bEQwU212dDZScC1mbnF6aUZSQzVscTdJYmpVMWIzRVRGNlZRWXJkUTN5MWNkMFV0blFwdHpMMENhUmdRT0tmMDRvZVBELTJDbWdGRk9FOEtZSEJBcURSM24tSU8xcWctNjZWTkxMTWs2NWZwMURWcnFvclBYRmZ1ZzFpOGNqYnlxYmE5YnRzNWphMjduSWNiX1p1empld3pXaUh1MUVDYUZJdkZwb0dHRXhHYW8zLU5xTnNR?oc=5\" target=\"_blank\" rel=\"noopener\">OM : \u00ab Le meilleur stade ? Celui de Marseille \u00bb\u2026 Cet ancien de l\u2019Ajax a \u00e9t\u00e9 choqu\u00e9 par le V\u00e9lodrome<\/a>&nbsp;&nbsp;Sport.fr<\/li>\n<li><a href=\"https:\/\/news.google.com\/rss\/articles\/CBMipAFBVV95cUxObWhuWUVMVFVJcG9RbzdsS0lMTWpGbnJpSWxpSVVuRXNueEo5MEhlXzlIZ2FOTUJQdEpoeXFZa09SRE9zamYtcGp2ZG15UHhEbWFEcHlXdTVEa0xRQ0xVZk9KWWI4MVFsZW9DSkJ3Zl9TaDJZcE9sZWpWeVB1SkFGSHZ1a2YyQklCYnA2d0JQbjUyYTdEZVh4SzNmcndpWkRtRHg0bQ?oc=5\" target=\"_blank\" rel=\"noopener\">Rennes : il refuse de rejoindre le club et est \u00e9cart\u00e9<\/a>&nbsp;&nbsp;Les Transferts<\/li>\n<\/ol>\n","protected":false},"excerpt":{"rendered":"OM : le V\u00e9lodrome a marqu\u00e9 Brobbey&nbsp;&nbsp;Maxifoot OM &#8211; L&rsquo;OM a tap\u00e9 dans l&rsquo;oeil de Brian Brobbey&nbsp;&nbsp;Le Phoc\u00e9en&hellip;\n","protected":false},"author":2,"featured_media":365875,"comment_status":"","ping_status":"","sticky":false,"template":"","format":"standard","meta":{"footnotes":""},"categories":[1410],"tags":[2266,2262,2261,1981,83,2260,451,2263,462,2269,2257,63,1011,27,2265,1441,453,66,447,2267,955,2268,241,149,70,1817,93,2264,2258,2259,60,969,455],"class_list":{"0":"post-365874","1":"post","2":"type-post","3":"status-publish","4":"format-standard","5":"has-post-thumbnail","7":"category-football","8":"tag-as-monaco","9":"tag-bundesligua","10":"tag-calcio","11":"tag-classement","12":"tag-coupe-de-france","13":"tag-coupe-de-la-ligue","14":"tag-coupe-du-monde","15":"tag-equipe","16":"tag-fc-nantes","17":"tag-fifa","18":"tag-foot","19":"tag-football","20":"tag-fr","21":"tag-france","22":"tag-girondins-bordeaux","23":"tag-joueur","24":"tag-liga","25":"tag-ligue-1","26":"tag-ligue-des-champions","27":"tag-losc","28":"tag-match","29":"tag-ogc-nice","30":"tag-ol","31":"tag-om","32":"tag-premier-league","33":"tag-pronostic","34":"tag-psg","35":"tag-rc-lens","36":"tag-resultat","37":"tag-score","38":"tag-sports","39":"tag-transfert","40":"tag-uefa"},"share_on_mastodon":{"url":"https:\/\/pubeurope.com\/@fr\/115146522985760512","error":""},"_links":{"self":[{"href":"https:\/\/www.europesays.com\/fr\/wp-json\/wp\/v2\/posts\/365874","targetHints":{"allow":["GET"]}}],"collection":[{"href":"https:\/\/www.europesays.com\/fr\/wp-json\/wp\/v2\/posts"}],"about":[{"href":"https:\/\/www.europesays.com\/fr\/wp-json\/wp\/v2\/types\/post"}],"author":[{"embeddable":true,"href":"https:\/\/www.europesays.com\/fr\/wp-json\/wp\/v2\/users\/2"}],"replies":[{"embeddable":true,"href":"https:\/\/www.europesays.com\/fr\/wp-json\/wp\/v2\/comments?post=365874"}],"version-history":[{"count":0,"href":"https:\/\/www.europesays.com\/fr\/wp-json\/wp\/v2\/posts\/365874\/revisions"}],"wp:featuredmedia":[{"embeddable":true,"href":"https:\/\/www.europesays.com\/fr\/wp-json\/wp\/v2\/media\/365875"}],"wp:attachment":[{"href":"https:\/\/www.europesays.com\/fr\/wp-json\/wp\/v2\/media?parent=365874"}],"wp:term":[{"taxonomy":"category","embeddable":true,"href":"https:\/\/www.europesays.com\/fr\/wp-json\/wp\/v2\/categories?post=365874"},{"taxonomy":"post_tag","embeddable":true,"href":"https:\/\/www.europesays.com\/fr\/wp-json\/wp\/v2\/tags?post=365874"}],"curies":[{"name":"wp","href":"https:\/\/api.w.org\/{rel}","templated":true}]}}