{"id":365876,"date":"2025-09-04T14:34:12","date_gmt":"2025-09-04T14:34:12","guid":{"rendered":"https:\/\/www.europesays.com\/fr\/365876\/"},"modified":"2025-09-04T14:34:12","modified_gmt":"2025-09-04T14:34:12","slug":"je-suis-dans-le-coin-gabatch-pierre-richard-installe-depuis-40-ans-dans-un-village-de-5000-habitants-dans-laude-il-possede-un-superbe-domaine","status":"publish","type":"post","link":"https:\/\/www.europesays.com\/fr\/365876\/","title":{"rendered":"\u00ab\u00a0Je suis dans le coin gabatch\u00a0\u00bb : Pierre Richard install\u00e9 depuis 40 ans dans un village de 5000 habitants dans l&rsquo;Aude, il poss\u00e8de un superbe domaine"},"content":{"rendered":"<p>            <img loading=\"lazy\" decoding=\"async\" src=\"https:\/\/www.europesays.com\/fr\/wp-content\/uploads\/2025\/04\/67-60dc2d2db82b7-35x35-1.jpg\" class=\"author-article-picture\" width=\"35\" height=\"35\"\/><\/p>\n<p>                Par<br \/>\n                                    <a class=\"author-article-bio-link\" href=\"https:\/\/www.purepeople.com\/auteur\/hiba-semali_a67\" rel=\"nofollow noopener\" target=\"_blank\">Hiba Semali<\/a><br \/>\n                                                    | R\u00e9dactrice<\/p>\n<p>\n                Rattach\u00e9e \u00e0 la rubrique t\u00e9l\u00e9, Hiba Semali se consacre au petit \u00e9cran. The Voice, Koh-Lanta, Top Chef, Secret Story, Star Academy ou encore Les Marseillais n&rsquo;ont aucun secret pour elle.\n            <\/p>\n<p>\n    A 91 ans, c&rsquo;est loin des strass et des paillettes de la capitale que Pierre Richard se ressource. Depuis maintenant quatre d\u00e9cennies, il passe, avec sa femme, du bon temps dans l&rsquo;Aude, o\u00f9 il s&rsquo;est offert un superbe domaine. Confidences sur la vie \u00ab\u00a0dans le coin gabatch\u00a0\u00bb, \u00e0 savoir montagnard, de la r\u00e9gion.\n<\/p>\n<p>                            <img loading=\"lazy\" decoding=\"async\" class=\"player-thumbnail\" src=\"https:\/\/www.europesays.com\/fr\/wp-content\/uploads\/2025\/09\/886bb2b2979a9ae0-580x326-2.jpg\" width=\"580\" height=\"326\"\/><\/p>\n<p>                    \u00ab\u00a0Je suis dans le coin gabatch\u00a0\u00bb : Pierre Richard install\u00e9 depuis 40 ans dans un village de 5000 habitants dans l&rsquo;Aude, il poss\u00e8de un superbe domaine<\/p>\n<p>La suite apr\u00e8s la publicit\u00e9<\/p>\n<p>L&rsquo;affaire du supermarch\u00e9 pol\u00e9mique install\u00e9 dans le chic 6e arrondissement de Paris avait fait grand bruit. <a href=\"https:\/\/www.purepeople.com\/people\/pierre-richard_p1670\" rel=\"nofollow noopener\" target=\"_blank\"><strong>Pierre Richard<\/strong><\/a> avait \u00e9t\u00e9 cit\u00e9 par la presse parmi ceux qui avaient sign\u00e9 la p\u00e9tition contre l&rsquo;ouverture de ce Carrefour City. Puis, l&rsquo;acteur de 91 ans avait pris la parole, d\u00e9mentant l&rsquo;information : <a href=\"https:\/\/www.purepeople.com\/article\/je-nhabite-meme-pas-dans-le-6e-pierre-richard-lacteur-de-90-ans-remet-les-pendules-a-lheure_a540614\/1\" rel=\"nofollow noopener\" target=\"_blank\">\u00ab\u00a0Je n&rsquo;habite m\u00eame pas dans le 6e !\u00a0\u00bb<\/a> Et en effet, c&rsquo;est ailleurs qu&rsquo;il coule des jours heureux avec <a href=\"https:\/\/www.purepeople.com\/article\/pierre-richard-en-couple-avec-un-ex-mannequin-bresilien-qui-est-sa-compagne-ceyla-lacerda_a519964\/1\" rel=\"nofollow noopener\" target=\"_blank\">sa femme Ceyla Lacerda<\/a>, loin de la capitale.<\/p>\n<p>Direction l&rsquo;Aude pour Pierre Richard et <a href=\"https:\/\/www.purepeople.com\/article\/pierre-richard-sa-femme-un-ancien-mannequin-de-27-ans-sa-cadette-celebre-un-joyeux-evenement-a-ses-cotes_a541005\/1\" rel=\"nofollow noopener\" target=\"_blank\">sa ch\u00e8re et tendre, un ancien mannequin br\u00e9silien de 27 ans sa cadette<\/a>. C&rsquo;est pr\u00e9cis\u00e9ment \u00e0 <strong>Gruissan, petite ville de 5000 habitants<\/strong> situ\u00e9e au bord de l&rsquo;eau, qu&rsquo;il s&rsquo;est install\u00e9. Et cela, il y a bien longtemps. C&rsquo;est en 1986 qu&rsquo;il a eu un <strong>coup de coeur pour Le Domaine de l&rsquo;Ev\u00eaque<\/strong>, nich\u00e9 entre deux \u00e9tangs sur ce qui fut par le pass\u00e9 une \u00eele. Il s&rsquo;\u00e9tend sur 50 hectares de garrigue et de vignes o\u00f9 sont cultiv\u00e9s les cr\u00e9pages traditionnels des Corbi\u00e8res, <a href=\"https:\/\/www.purepeople.com\/article\/pierre-richard-proprietaire-d-un-chateau-ce-qui-l-a-pousse-a-investir-au-domaine-de-gruissan_a495275\/1\" rel=\"nofollow noopener\" target=\"_blank\">le vin que produit l&rsquo;acteur avec son \u00e9pouse<\/a>. \u00ab\u00a0Ce n\u2019\u00e9tait pas du tout pr\u00e9m\u00e9dit\u00e9. Je n\u2019\u00e9tais pas venu pour acheter un domaine viticole. Pas m\u00eame un domaine de rien du tout&#8230; Quand je suis arriv\u00e9 ici, c\u2019\u00e9tait sinistre\u00a0\u00bb, avait-il racont\u00e9 \u00e0 La D\u00e9p\u00eache. Et depuis, il ne peut plus quitter la r\u00e9gion tant il en est tomb\u00e9 amoureux !\u00a0<\/p>\n<\/p>\n<p>Pierre Richard tr\u00e8s attach\u00e9 \u00e0 l&rsquo;Aude : il y a tourn\u00e9 son dernier film, inspir\u00e9 des habitants de son village<\/p>\n<p>Le com\u00e9dien qui avait \u00e9t\u00e9 <a href=\"https:\/\/www.purepeople.com\/article\/a-91-ans-pierre-richard-face-au-temps-la-star-du-cinema-francais-forcee-de-prendre-une-decision-je-nen-ferai-plus-parce-que_a541697\/1\" rel=\"nofollow noopener\" target=\"_blank\">contraint, \u00e0 91 ans, de prendre une d\u00e9cision quant \u00e0 la suite de sa carri\u00e8re<\/a> s&rsquo;y sent si bien qu&rsquo;il a d\u00e9cid\u00e9 d&rsquo;en faire un film. L&rsquo;Homme qui a vu l&rsquo;ours qui a vu l&rsquo;homme sort en salles le 17 septembre prochain. Un long-m\u00e9trage qui raconte l&rsquo;histoire de Gr\u00e9goire et Michel, pas de la m\u00eame g\u00e9n\u00e9ration mais unis par l&rsquo;amiti\u00e9, l&rsquo;amour de la nature et une grande affection pour un ours \u00e9chapp\u00e9 d&rsquo;un cirque. Le tout, tourn\u00e9 dans ses terres audoises. \u00ab\u00a0Je suis dans le coin gabatch [NDLR : expression de la r\u00e9gion qui signifie \u00ab\u00a0montagnard\u00a0\u00bb]. (&#8230;) <strong>Je suis l\u00e0 depuis 40 ans<\/strong>\u00ab\u00a0, pr\u00e9cise Pierre Richard au micro d&rsquo;Ici Roussillon. Et de poursuivre \u00e0 propos de son film : \u00ab\u00a0<strong>J&rsquo;ai connu \u00e9videmment des gens dans ce village qui m&rsquo;ont stup\u00e9fi\u00e9<\/strong> par leur dr\u00f4lerie, leu cocasserie. Aussi leur tendresse, m\u00eame pour moi. J&rsquo;ai beaucoup ri avec eux, beaucoup beaucoup ri. Et finalement, un jour je me suis dit : &lsquo;Et si j&rsquo;\u00e9crivais quelque chose sur eux ?&rsquo; J&rsquo;ai m\u00eame carr\u00e9ment emprunt\u00e9 leurs dialogues qui me touchaient et me faisaient tellement rire. J&rsquo;ai pens\u00e9 \u00e0 ces gens, j&rsquo;ai commenc\u00e9 \u00e0 faire ce film puis apr\u00e8s je me suis dit que ce n&rsquo;\u00e9tait pas suffisant un film, ou alors il faut avoir le talent de Pagnol. Quoi que, je n&rsquo;ai pas le talent de Pagnol mais mes personnages ont le talent des acteurs de Pagnol tellement ils \u00e9taient dr\u00f4les et curieux.\u00a0\u00bb Plus que quelques jours avant de d\u00e9couvrir les images de ce film qui lui tient \u00e0 coeur.<\/p>\n","protected":false},"excerpt":{"rendered":"Par Hiba Semali | R\u00e9dactrice Rattach\u00e9e \u00e0 la rubrique t\u00e9l\u00e9, Hiba Semali se consacre au petit \u00e9cran. The&hellip;\n","protected":false},"author":2,"featured_media":365877,"comment_status":"","ping_status":"","sticky":false,"template":"","format":"standard","meta":{"footnotes":""},"categories":[1359],"tags":[58,59,1011,27,973],"class_list":{"0":"post-365876","1":"post","2":"type-post","3":"status-publish","4":"format-standard","5":"has-post-thumbnail","7":"category-people","8":"tag-divertissement","9":"tag-entertainment","10":"tag-fr","11":"tag-france","12":"tag-people"},"share_on_mastodon":{"url":"https:\/\/pubeurope.com\/@fr\/115146527283402425","error":""},"_links":{"self":[{"href":"https:\/\/www.europesays.com\/fr\/wp-json\/wp\/v2\/posts\/365876","targetHints":{"allow":["GET"]}}],"collection":[{"href":"https:\/\/www.europesays.com\/fr\/wp-json\/wp\/v2\/posts"}],"about":[{"href":"https:\/\/www.europesays.com\/fr\/wp-json\/wp\/v2\/types\/post"}],"author":[{"embeddable":true,"href":"https:\/\/www.europesays.com\/fr\/wp-json\/wp\/v2\/users\/2"}],"replies":[{"embeddable":true,"href":"https:\/\/www.europesays.com\/fr\/wp-json\/wp\/v2\/comments?post=365876"}],"version-history":[{"count":0,"href":"https:\/\/www.europesays.com\/fr\/wp-json\/wp\/v2\/posts\/365876\/revisions"}],"wp:featuredmedia":[{"embeddable":true,"href":"https:\/\/www.europesays.com\/fr\/wp-json\/wp\/v2\/media\/365877"}],"wp:attachment":[{"href":"https:\/\/www.europesays.com\/fr\/wp-json\/wp\/v2\/media?parent=365876"}],"wp:term":[{"taxonomy":"category","embeddable":true,"href":"https:\/\/www.europesays.com\/fr\/wp-json\/wp\/v2\/categories?post=365876"},{"taxonomy":"post_tag","embeddable":true,"href":"https:\/\/www.europesays.com\/fr\/wp-json\/wp\/v2\/tags?post=365876"}],"curies":[{"name":"wp","href":"https:\/\/api.w.org\/{rel}","templated":true}]}}