{"id":365878,"date":"2025-09-04T14:35:15","date_gmt":"2025-09-04T14:35:15","guid":{"rendered":"https:\/\/www.europesays.com\/fr\/365878\/"},"modified":"2025-09-04T14:35:15","modified_gmt":"2025-09-04T14:35:15","slug":"a-la-rentree-ce-logo-culte-de-la-mode-francaise-change-de-visage","status":"publish","type":"post","link":"https:\/\/www.europesays.com\/fr\/365878\/","title":{"rendered":"\u00c0 la rentr\u00e9e, ce logo culte de la mode fran\u00e7aise change de visage"},"content":{"rendered":"<p>\n                Cette marque a annonc\u00e9 du jour au lendemain remplacer son logo mythique pour un autre. Tout le monde est surpris\u00a0!            <\/p>\n<p>Vous la connaissez tous. Cette marque l\u00e9gendaire, reconnaissable \u00e0 son logo vert, est initialement connue pour son lien \u00e9troit avec le tennis. En effet, l&rsquo;histoire d\u00e9bute dans les ann\u00e9es 1920, lorsqu&rsquo;un entra\u00eeneur de tennis promet \u00e0 son \u00e9l\u00e8ve de lui acheter une valise en cuir de crocodile s&rsquo;il remporte son prochain match. Malheureusement, le joueur n&rsquo;a pas r\u00e9ussi \u00e0 battre son adversaire. Cependant, la presse lui attribua le surnom de \u00ab\u00a0crocodile\u00a0\u00bb, en r\u00e9f\u00e9rence au pari. Le joueur, fier\u00a0de celui-ci, demanda \u00e0 un ami, le designer Robert George, de lui coudre un crocodile sur son polo blanc. Ce joueur n&rsquo;est\u00a0autre que Ren\u00e9 Lacoste.<\/p>\n<p>Quelques ann\u00e9es plus tard, en 1933, il fonde, avec Andr\u00e9 Gillier, la fameuse griffe, Lacoste. Elle devient d&rsquo;ailleurs la premi\u00e8re marque \u00e0 apposer un logo sur ses v\u00eatements\u00a0: un petit crocodile vert. Mais, il y a quelques jours, la griffe a annonc\u00e9 sur son compte Instagram le remplacer\u00a0! Et il y a une bonne raison (toujours li\u00e9e au tennis bien \u00e9videmment). On vous explique.<\/p>\n<p>Le dernier Grand Chelem de la saison qui se tient aux \u00c9tats-Unis approche \u00e0 grands pas. Et pour l&rsquo;occasion, l&rsquo;enseigne fran\u00e7aise sort une collection pour rendre hommage \u00e0 leur ambassadeur, le tennisman serbe Novak Djokovic. Le crocodile laisse donc sa place \u00e0 une ch\u00e8vre en r\u00e9f\u00e9rence \u00e0 l&rsquo;expression anglaise \u00ab\u00a0GOAT (Greatest Of All Time)\u00a0\u00bb qui signifie \u00ab\u00a0le meilleur de tous les temps\u00a0\u00bb. La nouvelle collection comprend 5\u00a0pi\u00e8ces\u00a0: un polo, un t-shirt, une veste, une casquette et un pantalon.<\/p>\n<p>Cette nouvelle a beaucoup surpris les fans de la marque \u00e9tant donn\u00e9 que Lacoste change de logo\u00a0! Pourtant, ce n&rsquo;est pas la premi\u00e8re fois. En 2018, dans le cadre de sa collaboration avec l&rsquo;UICN, la marque a mis en avant d&rsquo;autres animaux menac\u00e9s \u00e0 la place de son c\u00e9l\u00e8bre crocodile.<\/p>\n<p>Alors pas de panique, ce changement n&rsquo;a lieu que pour cette nouvelle collection qui est\u00a0en \u00e9dition limit\u00e9e\u00a0! \u00a0<\/p>\n","protected":false},"excerpt":{"rendered":"Cette marque a annonc\u00e9 du jour au lendemain remplacer son logo mythique pour un autre. Tout le monde&hellip;\n","protected":false},"author":2,"featured_media":365879,"comment_status":"","ping_status":"","sticky":false,"template":"","format":"standard","meta":{"footnotes":""},"categories":[1358],"tags":[1348,1384,1385,1386,58,59,1011,27],"class_list":{"0":"post-365878","1":"post","2":"type-post","3":"status-publish","4":"format-standard","5":"has-post-thumbnail","7":"category-arts-et-design","8":"tag-arts","9":"tag-arts-and-design","10":"tag-arts-et-design","11":"tag-design","12":"tag-divertissement","13":"tag-entertainment","14":"tag-fr","15":"tag-france"},"share_on_mastodon":{"url":"https:\/\/pubeurope.com\/@fr\/115146530769014901","error":""},"_links":{"self":[{"href":"https:\/\/www.europesays.com\/fr\/wp-json\/wp\/v2\/posts\/365878","targetHints":{"allow":["GET"]}}],"collection":[{"href":"https:\/\/www.europesays.com\/fr\/wp-json\/wp\/v2\/posts"}],"about":[{"href":"https:\/\/www.europesays.com\/fr\/wp-json\/wp\/v2\/types\/post"}],"author":[{"embeddable":true,"href":"https:\/\/www.europesays.com\/fr\/wp-json\/wp\/v2\/users\/2"}],"replies":[{"embeddable":true,"href":"https:\/\/www.europesays.com\/fr\/wp-json\/wp\/v2\/comments?post=365878"}],"version-history":[{"count":0,"href":"https:\/\/www.europesays.com\/fr\/wp-json\/wp\/v2\/posts\/365878\/revisions"}],"wp:featuredmedia":[{"embeddable":true,"href":"https:\/\/www.europesays.com\/fr\/wp-json\/wp\/v2\/media\/365879"}],"wp:attachment":[{"href":"https:\/\/www.europesays.com\/fr\/wp-json\/wp\/v2\/media?parent=365878"}],"wp:term":[{"taxonomy":"category","embeddable":true,"href":"https:\/\/www.europesays.com\/fr\/wp-json\/wp\/v2\/categories?post=365878"},{"taxonomy":"post_tag","embeddable":true,"href":"https:\/\/www.europesays.com\/fr\/wp-json\/wp\/v2\/tags?post=365878"}],"curies":[{"name":"wp","href":"https:\/\/api.w.org\/{rel}","templated":true}]}}