{"id":365880,"date":"2025-09-04T14:36:15","date_gmt":"2025-09-04T14:36:15","guid":{"rendered":"https:\/\/www.europesays.com\/fr\/365880\/"},"modified":"2025-09-04T14:36:15","modified_gmt":"2025-09-04T14:36:15","slug":"le-prix-du-titre-2025-devoile-sa-premiere-selection","status":"publish","type":"post","link":"https:\/\/www.europesays.com\/fr\/365880\/","title":{"rendered":"Le prix du Titre 2025 d\u00e9voile sa premi\u00e8re s\u00e9lection"},"content":{"rendered":"<p>Le prix du Titre, premier prix litt\u00e9raire distinguant les ouvrages pour leur intitul\u00e9, a d\u00e9voil\u00e9 sa premi\u00e8re s\u00e9lection pour l\u2019\u00e9dition 2025. Pour sa quatri\u00e8me ann\u00e9e, le jury \u00e9largit son champ en int\u00e9grant une cat\u00e9gorie essai, aux c\u00f4t\u00e9s des romans.<\/p>\n<p><strong>Une s\u00e9lection de six romans<\/strong><\/p>\n<ul>\n<li>Mer int\u00e9rieure de <strong>Christophe Ono-dit-Biot<\/strong> (\u00c9ditions de l\u2019Observatoire)<\/li>\n<li>Clamser \u00e0 Tataouine de <strong>Rapha\u00ebl Quenard <\/strong>(Flammarion)<\/li>\n<li>Une dr\u00f4le de peine de <strong>Justine L\u00e9vy<\/strong> (Stock)<\/li>\n<li>Je voulais vivre d\u2019<strong>Ad\u00e9la\u00efde de Clermont-Tonnerre <\/strong>(Grasset)<\/li>\n<li>Je rouille de <strong>Robin Watine<\/strong> (Calmann-L\u00e9vy)<\/li>\n<li>La vie sans fondement de <strong>Nicolas Krastev McKinnon<\/strong> (Philippe Rey)<br \/>\u00a0<\/li>\n<\/ul>\n<p><strong>Une nouveaut\u00e9 : cinq essais en lice<\/strong><\/p>\n<ul>\n<li>Nos derni\u00e8res fois de <strong>Sophie Galabru<\/strong> (Allary)<\/li>\n<li>La promesse de l\u2019art de <strong>Patrice Trigano<\/strong> (\u00c9ditions du Cano\u00eb)<\/li>\n<li>Insoumission de<strong> Rudy Ricciotti <\/strong>(Albin Michel)<\/li>\n<li>Gar\u00e7ons perdus d\u2019<strong>Astrid Faguet <\/strong>(Le Cherche midi)<\/li>\n<li>L\u2019heure des pr\u00e9dateurs de <strong>Giuliano da Empoli<\/strong> (Gallimard)<br \/>\u00a0<\/li>\n<\/ul>\n<p>Pr\u00e9sid\u00e9 par <strong>Agn\u00e8s Bouquet<\/strong>, le jury r\u00e9unit <strong>Fabrice Humbert, Alix Girod de l\u2019Ain, \u00c9ric Garandeau, Charlotte Cachin, St\u00e9phanie des Horts, Cyrille Gouyette, Ad\u00e8le Br\u00e9au, Clotilde Leguil, Denis Zott, Blaise Renaud<\/strong> et <strong>Walid Ben Youssef<\/strong>.<\/p>\n<p>Les d\u00e9lib\u00e9rations se tiendront le 27 septembre prochain \u00e0 Saint-Tropez, o\u00f9 les laur\u00e9ats recevront leur prix des mains de la propri\u00e9taire de l\u2019H\u00f4tel de Paris Saint-Tropez, <strong>Simone Dray<\/strong>.<\/p>\n","protected":false},"excerpt":{"rendered":"Le prix du Titre, premier prix litt\u00e9raire distinguant les ouvrages pour leur intitul\u00e9, a d\u00e9voil\u00e9 sa premi\u00e8re s\u00e9lection&hellip;\n","protected":false},"author":2,"featured_media":365881,"comment_status":"","ping_status":"","sticky":false,"template":"","format":"standard","meta":{"footnotes":""},"categories":[1357],"tags":[1379,58,59,1011,27,1380],"class_list":{"0":"post-365880","1":"post","2":"type-post","3":"status-publish","4":"format-standard","5":"has-post-thumbnail","7":"category-livres","8":"tag-books","9":"tag-divertissement","10":"tag-entertainment","11":"tag-fr","12":"tag-france","13":"tag-livres"},"share_on_mastodon":{"url":"https:\/\/pubeurope.com\/@fr\/115146534681622942","error":""},"_links":{"self":[{"href":"https:\/\/www.europesays.com\/fr\/wp-json\/wp\/v2\/posts\/365880","targetHints":{"allow":["GET"]}}],"collection":[{"href":"https:\/\/www.europesays.com\/fr\/wp-json\/wp\/v2\/posts"}],"about":[{"href":"https:\/\/www.europesays.com\/fr\/wp-json\/wp\/v2\/types\/post"}],"author":[{"embeddable":true,"href":"https:\/\/www.europesays.com\/fr\/wp-json\/wp\/v2\/users\/2"}],"replies":[{"embeddable":true,"href":"https:\/\/www.europesays.com\/fr\/wp-json\/wp\/v2\/comments?post=365880"}],"version-history":[{"count":0,"href":"https:\/\/www.europesays.com\/fr\/wp-json\/wp\/v2\/posts\/365880\/revisions"}],"wp:featuredmedia":[{"embeddable":true,"href":"https:\/\/www.europesays.com\/fr\/wp-json\/wp\/v2\/media\/365881"}],"wp:attachment":[{"href":"https:\/\/www.europesays.com\/fr\/wp-json\/wp\/v2\/media?parent=365880"}],"wp:term":[{"taxonomy":"category","embeddable":true,"href":"https:\/\/www.europesays.com\/fr\/wp-json\/wp\/v2\/categories?post=365880"},{"taxonomy":"post_tag","embeddable":true,"href":"https:\/\/www.europesays.com\/fr\/wp-json\/wp\/v2\/tags?post=365880"}],"curies":[{"name":"wp","href":"https:\/\/api.w.org\/{rel}","templated":true}]}}