{"id":365882,"date":"2025-09-04T14:37:11","date_gmt":"2025-09-04T14:37:11","guid":{"rendered":"https:\/\/www.europesays.com\/fr\/365882\/"},"modified":"2025-09-04T14:37:11","modified_gmt":"2025-09-04T14:37:11","slug":"a-venise-the-voice-of-hind-rajab-secoue-la-mostra","status":"publish","type":"post","link":"https:\/\/www.europesays.com\/fr\/365882\/","title":{"rendered":"A Venise, \u00ab\u00a0The Voice of Hind Rajab\u00a0\u00bb secoue la Mostra"},"content":{"rendered":"<p>                         <img loading=\"lazy\" decoding=\"async\" src=\"https:\/\/www.europesays.com\/fr\/wp-content\/uploads\/2025\/09\/99ec54f_ftp-import-images-1-gp7cn5rubcl4-5785346-01-06.jpg\" alt=\"De gauche \u00e0 droite\u00a0: Joaquin Phoenix, Rooney Mara, la r\u00e9alisatrice, Kaouther Ben Hania, Motaz Malhees et Clara Khoury, avec un portrait de la jeune Palestinienne Hind Rajab pour la projection du film \u00ab\u00a0The Voice of Hind Rajab\u00a0\u00bb, lors de la 82\u1d49 Mostra de Venise, le 3\u00a0septembre\u00a02025.\"   width=\"664\" height=\"443\"\/>    De gauche \u00e0 droite\u00a0: Joaquin Phoenix, Rooney Mara, la r\u00e9alisatrice, Kaouther Ben Hania, Motaz Malhees et Clara Khoury, avec un portrait de la jeune Palestinienne Hind Rajab pour la projection du film \u00ab\u00a0The Voice of Hind Rajab\u00a0\u00bb, lors de la 82\u1d49 Mostra de Venise, le 3\u00a0septembre\u00a02025.  TIZIANA FABI\/AFP                 <\/p>\n<p class=\"article__paragraph  \">En mai\u00a02004, un peu plus d\u2019un an apr\u00e8s le d\u00e9but de l\u2019invasion am\u00e9ricaine en Irak, le documentaire de Michael Moore, <a href=\"https:\/\/www.lemonde.fr\/archives\/article\/2004\/05\/18\/fahrenheit-9-11-un-film-de-guerre-pour-chasser-george-w-bush_365304_1819218.html\" target=\"_blank\" rel=\"noopener\">Fahrenheit 9\/11<\/a>, sur la premi\u00e8re pr\u00e9sidence de George W.\u00a0Bush, repartait avec la Palme d\u2019or des mains d\u2019<a href=\"https:\/\/www.lemonde.fr\/archives\/article\/2004\/05\/24\/un-palmares-ecrase-par-une-palme-d-or-tres-politique_366066_1819218.html\" target=\"_blank\" rel=\"noopener\">un jury cannois emport\u00e9 par l\u2019urgence politique du moment<\/a>. The Voice of Hind Rajab de la cin\u00e9aste tunisienne Kaouther Ben Hania conna\u00eetra-t-il le m\u00eame sort, ce samedi 6\u00a0septembre, \u00e0 la Mostra de Venise\u00a0?<\/p>\n<p>   Lire plus tard  <\/p>\n<p class=\"article__paragraph  \">Le sc\u00e9nario para\u00eet plausible apr\u00e8s la premi\u00e8re mondiale, mercredi 3\u00a0septembre, de ce docufiction sur la mort d\u2019une jeune enfant, apr\u00e8s de longues heures d\u2019appel \u00e0 l\u2019aide, dans une voiture o\u00f9 avaient d\u00e9j\u00e0 \u00e9t\u00e9 tu\u00e9s son oncle, sa tante et quatre de ses cousins, lors d\u2019une op\u00e9ration militaire isra\u00e9lienne \u00e0 Gaza, le 29\u00a0janvier\u00a02024. Accompagn\u00e9 d\u2019applaudissements exceptionnellement nourris (et d\u2019une l\u00e9g\u00e8re hu\u00e9e), lors de sa pr\u00e9sentation aux professionnels le matin, le film de Kaouther Ben Hania a re\u00e7u, en fin d\u2019apr\u00e8s-midi, lors de sa projection publique, une standing ovation de vingt-trois minutes. Un record tous festivals confondus. Accompagn\u00e9 de critiques laudatives dans la presse.<\/p>\n<p class=\"reading-mode-only \"><strong>Il vous reste 69.3% de cet article \u00e0 lire. La suite est r\u00e9serv\u00e9e aux abonn\u00e9s.<\/strong><\/p>\n","protected":false},"excerpt":{"rendered":"De gauche \u00e0 droite\u00a0: Joaquin Phoenix, Rooney Mara, la r\u00e9alisatrice, Kaouther Ben Hania, Motaz Malhees et Clara Khoury,&hellip;\n","protected":false},"author":2,"featured_media":365883,"comment_status":"","ping_status":"","sticky":false,"template":"","format":"standard","meta":{"footnotes":""},"categories":[1356],"tags":[58,59,1011,27,252,1364],"class_list":{"0":"post-365882","1":"post","2":"type-post","3":"status-publish","4":"format-standard","5":"has-post-thumbnail","7":"category-television","8":"tag-divertissement","9":"tag-entertainment","10":"tag-fr","11":"tag-france","12":"tag-television","13":"tag-tv"},"share_on_mastodon":{"url":"https:\/\/pubeurope.com\/@fr\/115146538969855368","error":""},"_links":{"self":[{"href":"https:\/\/www.europesays.com\/fr\/wp-json\/wp\/v2\/posts\/365882","targetHints":{"allow":["GET"]}}],"collection":[{"href":"https:\/\/www.europesays.com\/fr\/wp-json\/wp\/v2\/posts"}],"about":[{"href":"https:\/\/www.europesays.com\/fr\/wp-json\/wp\/v2\/types\/post"}],"author":[{"embeddable":true,"href":"https:\/\/www.europesays.com\/fr\/wp-json\/wp\/v2\/users\/2"}],"replies":[{"embeddable":true,"href":"https:\/\/www.europesays.com\/fr\/wp-json\/wp\/v2\/comments?post=365882"}],"version-history":[{"count":0,"href":"https:\/\/www.europesays.com\/fr\/wp-json\/wp\/v2\/posts\/365882\/revisions"}],"wp:featuredmedia":[{"embeddable":true,"href":"https:\/\/www.europesays.com\/fr\/wp-json\/wp\/v2\/media\/365883"}],"wp:attachment":[{"href":"https:\/\/www.europesays.com\/fr\/wp-json\/wp\/v2\/media?parent=365882"}],"wp:term":[{"taxonomy":"category","embeddable":true,"href":"https:\/\/www.europesays.com\/fr\/wp-json\/wp\/v2\/categories?post=365882"},{"taxonomy":"post_tag","embeddable":true,"href":"https:\/\/www.europesays.com\/fr\/wp-json\/wp\/v2\/tags?post=365882"}],"curies":[{"name":"wp","href":"https:\/\/api.w.org\/{rel}","templated":true}]}}