{"id":365884,"date":"2025-09-04T14:38:12","date_gmt":"2025-09-04T14:38:12","guid":{"rendered":"https:\/\/www.europesays.com\/fr\/365884\/"},"modified":"2025-09-04T14:38:12","modified_gmt":"2025-09-04T14:38:12","slug":"cest-la-pause-bien-etre-de-clara-luciani-depuis-6-ans","status":"publish","type":"post","link":"https:\/\/www.europesays.com\/fr\/365884\/","title":{"rendered":"C&rsquo;est la pause bien-\u00eatre de Clara Luciani depuis 6\u00a0ans"},"content":{"rendered":"<p class=\"app_entry_lead\">\n<p>                    <a title=\"\u00a0\u00a9\u00a0Thermes Marins de Saint-Malo\" href=\"https:\/\/www.europesays.com\/fr\/wp-content\/uploads\/2025\/09\/79783637.jpg\" class=\"fancy\"><\/p>\n<p>                            <img loading=\"lazy\" decoding=\"async\" src=\"https:\/\/www.europesays.com\/fr\/wp-content\/uploads\/2025\/09\/79783637.jpg\" alt=\"C'est la pause bien-\u00eatre de Clara Luciani depuis 6\u00a0ans\" width=\"1500\" height=\"1000\"\/><\/p>\n<p>                    <\/a><\/p>\n<p>                La chanteuse est une habitu\u00e9e de cette adresse face \u00e0 la mer o\u00f9 elle se rend chaque \u00e9t\u00e9.<\/p>\n<p>Si vous \u00eates adepte des thermes et spas, vous partagez peut-\u00eatre la m\u00eame adresse que la belle Clara Luciani. On parle ici d&rsquo;une adresse iconique, d&rsquo;une r\u00e9f\u00e9rence mondiale dans le domaine de la thalassoth\u00e9rapie en France.\u00a0<\/p>\n<p>Ces thermes sont extraordinaires d&rsquo;une part par leur emplacement, situ\u00e9s dans un ancien palace\u00a0Belle\u00a0\u00c9poque avec vue imprenable sur la mer et d&rsquo;autre part par leur r\u00e9putation d&rsquo;excellence, m\u00ealant un savoir-faire traditionnel de la thalassoth\u00e9rapie de plus de 60 ans avec des technologies de pointe.\u00a0L&rsquo;interpr\u00e8te de La Grenade n&rsquo;a pas manqu\u00e9 de partager son exp\u00e9rience en images dans une publication sur sa page Instagram officielle :<\/p>\n<p>Cette bulle de bien-\u00eatre\u00a0que la chanteuse fr\u00e9quente entre ses concerts et sa nouvelle vie de maman se trouve \u00e0 Saint-Malo en Bretagne, au Grand H\u00f4tel des Thermes face \u00e0 la grande plage du Sillon. La proximit\u00e9 du b\u00e2timent avec la mer n&rsquo;est pas anodine puisque\u00a0l&rsquo;eau de mer est pomp\u00e9e au large puis\u00a0filtr\u00e9e pour \u00eatre utilis\u00e9e dans certains protocoles de soin marins exclusifs relaxants et tonifiants\u00a0comme la douche sous-marine ou\u00a0le \u00ab\u00a0Parcours Aquatonic\u00a0\u00bb : un grand bassin d&rsquo;eau de mer chauff\u00e9e proposant tout un parcours bien-\u00eatre avec jets sous-marins, couloirs de marche etc.\u00a0<\/p>\n<p><img decoding=\"async\" alt=\"\" src=\"https:\/\/www.europesays.com\/fr\/wp-content\/uploads\/2025\/09\/79783345.jpg\"\/><br \/>\n\u00a9\u00a0Thermes Marins de Saint-Malo<\/p>\n<p>Chaque \u00e9t\u00e9 depuis 2019, la chanteuse s&rsquo;offre cette v\u00e9ritable ode \u00e0 la relaxation\u00a0loin des projecteurs. Et elle n&rsquo;est pas la seule\u00a0: les Thermes Marins de Saint-Malo attirent en effet des acteurs comme Bruno Solo, Marilou Berry, et aussi des sportifs de haut niveau comme\u00a0Renaud Lavillenie, le champion olympique de saut \u00e0 la perche.<\/p>\n<p>Si les thermes attirent une client\u00e8le de sportifs, c&rsquo;est parce qu&rsquo;elles ne se limitent pas \u00e0 la d\u00e9tente\u00a0: dot\u00e9e d&rsquo;une \u00e9quipe m\u00e9dicale compos\u00e9e de g\u00e9n\u00e9raliste, m\u00e9decin du sport, ost\u00e9opathe, di\u00e9t\u00e9ticien et coach sportif, l&rsquo;\u00e9tablissement propose des programmes de sant\u00e9 o\u00f9 une visite m\u00e9dicale est incluse, ce qui permet de personnaliser les soins en fonction des pathologies et des besoins sp\u00e9cifiques de chaque curiste.<\/p>\n<p>En plus des soins, les\u00a0Thermes Marins de Saint-Malo permettent de vivre une exp\u00e9rience de bien-\u00eatre compl\u00e8te et personnalis\u00e9e\u00a0sans avoir \u00e0 quitter l&rsquo;\u00e9tablissement. Chambres haut de gamme, trois restaurants dirig\u00e9s par le chef\u00a0Daniel Le Gu\u00e9nan incluant nouvellement la cuisine v\u00e9g\u00e9tarienne,\u00a0club pour enfants,\u00a0nurserie jusqu&rsquo;\u00e0 10 mois (dans le cadre du S\u00e9jour Mer&amp; Maman), salle de sport,\u00a0qui dit mieux ?<\/p>\n<p><img decoding=\"async\" alt=\"\" src=\"https:\/\/www.europesays.com\/fr\/wp-content\/uploads\/2025\/09\/79783638.jpg\"\/><br \/>\n\u00a9\u00a0Thermes Marins de Saint-Malo<\/p>\n<p>Les nouveaut\u00e9s 2025 des thermes raviront les personnes en qu\u00eate de perte de poids ou enceinte, avec un nouveau s\u00e9jour \u00ab\u00a0Mer &amp; Starter Poids de Forme\u00a0\u00bb\u00a0et une escapade \u00ab\u00a0Future Maman\u00a0\u00bb.\u00a0C\u00f4t\u00e9 SPA, un nouveau soin maison est sorti : \u00ab\u00a0Kobido by Thermes Marins de Saint-Malo\u00a0\u00bb. Il s&rsquo;inspire de la technique de\u00a0massage du visage ancestrale venue du Japon qui travaille sur chaque zone du visage et du cou avec une minutie remarquable et codifi\u00e9e.<\/p>\n<p>Pour se rendre aux thermes marins de Saint-Malo, il suffit d&#8217;emprunter le TGV depuis Paris direction Saint-Malo en 2h15\u00a0\u00e0 peine.\u00a0Comptez environ 460\u00a0euros l&rsquo;escapade thalasso d&rsquo;une nuit, 1\u00a0500\u00a0euros le s\u00e9jour de Remise en Forme de 4\u00a0nuits ou encore\u00a01\u00a0700\u00a0euros le s\u00e9jour D\u00e9couverte de 4\u00a0jours de soin en demi-pension.<\/p>\n","protected":false},"excerpt":{"rendered":"La chanteuse est une habitu\u00e9e de cette adresse face \u00e0 la mer o\u00f9 elle se rend chaque \u00e9t\u00e9.&hellip;\n","protected":false},"author":2,"featured_media":365885,"comment_status":"","ping_status":"","sticky":false,"template":"","format":"standard","meta":{"footnotes":""},"categories":[1355],"tags":[58,59,1011,27,1361,873],"class_list":{"0":"post-365884","1":"post","2":"type-post","3":"status-publish","4":"format-standard","5":"has-post-thumbnail","7":"category-musique","8":"tag-divertissement","9":"tag-entertainment","10":"tag-fr","11":"tag-france","12":"tag-music","13":"tag-musique"},"share_on_mastodon":{"url":"https:\/\/pubeurope.com\/@fr\/115146542785188604","error":""},"_links":{"self":[{"href":"https:\/\/www.europesays.com\/fr\/wp-json\/wp\/v2\/posts\/365884","targetHints":{"allow":["GET"]}}],"collection":[{"href":"https:\/\/www.europesays.com\/fr\/wp-json\/wp\/v2\/posts"}],"about":[{"href":"https:\/\/www.europesays.com\/fr\/wp-json\/wp\/v2\/types\/post"}],"author":[{"embeddable":true,"href":"https:\/\/www.europesays.com\/fr\/wp-json\/wp\/v2\/users\/2"}],"replies":[{"embeddable":true,"href":"https:\/\/www.europesays.com\/fr\/wp-json\/wp\/v2\/comments?post=365884"}],"version-history":[{"count":0,"href":"https:\/\/www.europesays.com\/fr\/wp-json\/wp\/v2\/posts\/365884\/revisions"}],"wp:featuredmedia":[{"embeddable":true,"href":"https:\/\/www.europesays.com\/fr\/wp-json\/wp\/v2\/media\/365885"}],"wp:attachment":[{"href":"https:\/\/www.europesays.com\/fr\/wp-json\/wp\/v2\/media?parent=365884"}],"wp:term":[{"taxonomy":"category","embeddable":true,"href":"https:\/\/www.europesays.com\/fr\/wp-json\/wp\/v2\/categories?post=365884"},{"taxonomy":"post_tag","embeddable":true,"href":"https:\/\/www.europesays.com\/fr\/wp-json\/wp\/v2\/tags?post=365884"}],"curies":[{"name":"wp","href":"https:\/\/api.w.org\/{rel}","templated":true}]}}