{"id":365886,"date":"2025-09-04T14:39:12","date_gmt":"2025-09-04T14:39:12","guid":{"rendered":"https:\/\/www.europesays.com\/fr\/365886\/"},"modified":"2025-09-04T14:39:12","modified_gmt":"2025-09-04T14:39:12","slug":"ce-super-heros-sera-plus-serieux-cette-fois-parce-que-fini-de-rigoler","status":"publish","type":"post","link":"https:\/\/www.europesays.com\/fr\/365886\/","title":{"rendered":"ce super-h\u00e9ros sera plus s\u00e9rieux cette fois, parce que fini de rigoler"},"content":{"rendered":"<p><strong>L\u2019un des nouveaux venus de la franchise <a href=\"https:\/\/www.ecranlarge.com\/personnalite\/1354509-marvel\" data-type=\"people\" data-id=\"902428\" target=\"_blank\" rel=\"noopener\">Marvel <\/a>va devoir troquer son excentricit\u00e9 contre un ton plus grave pour <a href=\"https:\/\/www.ecranlarge.com\/films\/1441330-avengers-doomsday\" data-type=\"films\" data-id=\"692656\" target=\"_blank\" rel=\"noopener\">Avengers : Doomsday<\/a>. Parce que moins de cabotinage, \u00e7a veut dire plus de cr\u00e9dibilit\u00e9, n\u2019est-ce pas ?<\/strong><\/p>\n<p>Apex absolu du MCU post-saga de l\u2019<strong>Infini<\/strong>, <strong>Avengers : Doomsday<\/strong> et <strong><a href=\"https:\/\/www.ecranlarge.com\/films\/1441332-avengers-secret-wars\" data-type=\"films\" data-id=\"692657\" target=\"_blank\" rel=\"noopener\">Avengers : Secret Wars<\/a><\/strong> devront imp\u00e9rativement \u00eatre une r\u00e9ussite colossale pour Marvel. Et pour r\u00e9ussir la recette, \u00e0 d\u00e9faut d\u2019\u00eatre subtile, la m\u00e9thode est limpide : on lance <a href=\"https:\/\/www.ecranlarge.com\/films\/news\/marvel-film-tourne-sans-scenario-boss-repond\" data-type=\"link\" data-id=\"https:\/\/www.ecranlarge.com\/films\/news\/marvel-film-tourne-sans-scenario-boss-repond\" target=\"_blank\" rel=\"noopener\">le tournage du blockbuster Marvel avec un sc\u00e9nario \u00e9crit au fil de l\u2019eau<\/a>, on rappelle <a href=\"https:\/\/www.ecranlarge.com\/films\/news\/avengers-doomsday-secret-wars-retour-russo-explications\" data-type=\"link\" data-id=\"https:\/\/www.ecranlarge.com\/films\/news\/avengers-doomsday-secret-wars-retour-russo-explications\" target=\"_blank\" rel=\"noopener\">les fr\u00e8res Russo, architectes d<strong>\u2019Infinity War<\/strong> et <strong>Endgame<\/strong><\/a>, et l\u2019on signe <a href=\"https:\/\/www.ecranlarge.com\/films\/news\/bordel-retour-robert-downey-jr-doom-don-cheadle\" data-type=\"link\" data-id=\"https:\/\/www.ecranlarge.com\/films\/news\/bordel-retour-robert-downey-jr-doom-don-cheadle\" target=\"_blank\" rel=\"noopener\">un ch\u00e8que astronomique pour convaincre Robert Downey Jr. d\u2019incarner\u2026 le grand m\u00e9chant Dr Doom<\/a>. Quand on veut sauver un multivers \u00e0 l\u2019agonie, autant y aller au bulldozer.<\/p>\n<p>                    <img decoding=\"async\" alt=\"\" class=\"wp-image-518375\" style=\"object-fit:cover;width:25px;height:25px\" src=\"https:\/\/www.ecranlarge.com\/content\/uploads\/2023\/09\/arrow-right-circle.svg\"\/><\/p>\n<p>Mais la mission de ces <strong>Avengers : Doomsday <\/strong>et <strong>Secret War<\/strong>s ne s\u2019arr\u00eate pas l\u00e0 puisqu\u2019il s\u2019agit ni plus ni moins de r\u00e9initialiser tout l\u2019univers Marvel pour remettre l\u2019avenir sur des rails un peu moins caboss\u00e9s. Et dans cette op\u00e9ration de sauvetage, le studio compte embarquer les anciens pensionnaires de la Fox, X-Men, Deadpool et toute la clique. Tous seront de la partie, mais <strong>l\u2019un des personnages les plus funs de Deadpool &amp; Wolverine devra revoir s\u00e9rieusement sa copie s\u2019il veut survivre au changement de registre.<\/strong><\/p>\n<p><a href=\"https:\/\/www.ecranlarge.com\/content\/uploads\/2025\/09\/ryan-reynolds-de-deadpool-wolverine-dit-que-marvel-adore.jpg\" target=\"_blank\" rel=\"noopener\"><\/p>\n<p><img loading=\"lazy\" decoding=\"async\" alt=\"\" src=\"https:\/\/www.europesays.com\/fr\/wp-content\/uploads\/2025\/09\/ryan-reynolds-de-deadpool-wolverine-dit-que-marvel-adore-1260x709.jpg\" width=\"1260\" height=\"709\"  \/><\/p>\n<p><\/a>La Team Fox, pas vraiment au completAvengers Doomsday-lirium<\/p>\n<p>Dans <strong>Deadpool &amp; Wolverine<\/strong>, Channing Tatum avait offert un Gambit\/R\u00e9my LeBeau irr\u00e9sistible et lunaire au possible, et parlant avec un fier accent cajun dans sa version originale (et dans une sorte de pseudo vieux fran\u00e7ais vraiment pas terrible en version fran\u00e7aise). On savait que Gambit serait de retour dans <strong>Avengers : Doomsday<\/strong>, mais les fr\u00e8res Russo ont express\u00e9ment demand\u00e9 \u00e0 Tatum d\u2019avoir <strong>un accent beaucoup moins prononc\u00e9 pour le film, afin d\u2019\u00eatre le plus facilement compr\u00e9hensible par le public<\/strong>, comme il l\u2019a d\u00e9clar\u00e9 \u00e0 Variety.<\/p>\n<blockquote class=\"wp-block-quote is-layout-flow wp-block-quote-is-layout-flow\">\n<p><strong>\u00ab Je ne vais pas jouer \u00e0 fond le personnage cajun. [Les r\u00e9alisateurs Anthony et Joe Russo] veulent que ce soit dr\u00f4le, mais ils ne veulent pas que ce soit compl\u00e8tement \u00e0 la Deadpool. Ils veulent conserver le c\u00f4t\u00e9 dramatique et rester coh\u00e9rents. Quand Gambit devient s\u00e9rieux, quand il enl\u00e8ve son masque de Mardi gras, les choses prennent tout leur sens. \u00bb<\/strong><\/p>\n<\/blockquote>\n<p><a href=\"https:\/\/www.ecranlarge.com\/content\/uploads\/2025\/09\/channing-tatum-as-gambit-in-deadpool-and-wolverine.jpg\" target=\"_blank\" rel=\"noopener\"><\/p>\n<p><img loading=\"lazy\" decoding=\"async\" alt=\"\" src=\"https:\/\/www.europesays.com\/fr\/wp-content\/uploads\/2025\/09\/channing-tatum-as-gambit-in-deadpool-and-wolverine-1260x709.jpg\" width=\"1260\" height=\"709\"  \/><\/p>\n<p><\/a>\u00ab\u00a0Fuyez ! Cuistres d\u2019hilarions !\u00a0\u00bbThe King\u2019s Gambit<\/p>\n<p>On ne peut que regretter ce choix, puisque l\u2019accent cajun est clairement l\u2019un des \u00e9l\u00e9ments qui faisaient le sel du personnage dans <strong>Deadpool 3<\/strong>, et \u00e9galement dans les comics Marvel. Et il avait d\u00e9j\u00e0 expliqu\u00e9 au micro d\u2019Access Hollywood que le<strong> choix de parler dans le dialecte cajun avait fait l\u2019objet d\u2019une vraie r\u00e9flexion pour Deadpool &amp; Wolverine.<\/strong><\/p>\n<p>                    <img decoding=\"async\" alt=\"\" class=\"wp-image-518375\" style=\"object-fit:cover;width:25px;height:25px\" src=\"https:\/\/www.ecranlarge.com\/content\/uploads\/2023\/09\/arrow-right-circle.svg\"\/><\/p>\n<blockquote class=\"wp-block-quote is-layout-flow wp-block-quote-is-layout-flow\">\n<p><strong>\u00ab Il y a eu tr\u00e8s peu d\u2019improvisation. Le dialecte cajun est tr\u00e8s particulier. J\u2019ai grandi dans le Mississippi et mon p\u00e8re est originaire de La Nouvelle-Orl\u00e9ans. C\u2019est donc une langue que j\u2019ai entendue toute ma vie, mais que je n\u2019ai jamais parl\u00e9e. Il y a certaines petites expressions tr\u00e8s cajun, mais nous voulions en fait que ce soit un peu incompr\u00e9hensible. C\u2019\u00e9tait en quelque sorte une blague. \u00bb<\/strong><\/p>\n<\/blockquote>\n<p><a href=\"https:\/\/www.ecranlarge.com\/content\/uploads\/2025\/09\/untitled-design-591722317937-0.jpg\" target=\"_blank\" rel=\"noopener\"><\/p>\n<p><img loading=\"lazy\" decoding=\"async\" alt=\"\" src=\"https:\/\/www.europesays.com\/fr\/wp-content\/uploads\/2025\/09\/untitled-design-591722317937-0-1260x945.jpg\" width=\"1260\" height=\"945\"  \/><\/p>\n<p><\/a>Quand on apprend qu\u2019il n\u2019y aura (presque) plus d\u2019accent<\/p>\n<p>Apr\u00e8s des ann\u00e9es pass\u00e9es dans les cartons, Gambit rejoindra enfin la place qui lui est due au sein du MCU. Sa premi\u00e8re apparition avait montr\u00e9 qu\u2019il plaisait au public, malgr\u00e9 (ou gr\u00e2ce \u00e0 ?) ses exc\u00e8s. Sauf qu\u2019on se demande d\u00e9sormais si le but de Marvel est de l\u2019inscrire durablement aux c\u00f4t\u00e9s des X-Men et des Avengers, ou s\u2019il ne sera que de passage dans <strong>Avengers : Doomsday<\/strong> avant d\u2019\u00eatre perdu \u00e0 jamais dans les limbes de la Maison des Id\u00e9es.<\/p>\n<p>On retrouvera donc Channing Tatum dans <strong>Avengers : Doomsday, qui sortira le 16 d\u00e9cembre 2026<\/strong>. Si, avec un peu de change, il parvient \u00e0 survivre \u00e0 <strong>Doomsday<\/strong>, il reviendra pour <strong>Avengers : Secret Wars<\/strong>, le 15 d\u00e9cembre 2027.<\/p>\n","protected":false},"excerpt":{"rendered":"L\u2019un des nouveaux venus de la franchise Marvel va devoir troquer son excentricit\u00e9 contre un ton plus grave&hellip;\n","protected":false},"author":2,"featured_media":365887,"comment_status":"","ping_status":"","sticky":false,"template":"","format":"standard","meta":{"footnotes":""},"categories":[1354],"tags":[58,59,1346,1011,27,1360],"class_list":{"0":"post-365886","1":"post","2":"type-post","3":"status-publish","4":"format-standard","5":"has-post-thumbnail","7":"category-films","8":"tag-divertissement","9":"tag-entertainment","10":"tag-films","11":"tag-fr","12":"tag-france","13":"tag-movies"},"share_on_mastodon":{"url":"https:\/\/pubeurope.com\/@fr\/115146546769435330","error":""},"_links":{"self":[{"href":"https:\/\/www.europesays.com\/fr\/wp-json\/wp\/v2\/posts\/365886","targetHints":{"allow":["GET"]}}],"collection":[{"href":"https:\/\/www.europesays.com\/fr\/wp-json\/wp\/v2\/posts"}],"about":[{"href":"https:\/\/www.europesays.com\/fr\/wp-json\/wp\/v2\/types\/post"}],"author":[{"embeddable":true,"href":"https:\/\/www.europesays.com\/fr\/wp-json\/wp\/v2\/users\/2"}],"replies":[{"embeddable":true,"href":"https:\/\/www.europesays.com\/fr\/wp-json\/wp\/v2\/comments?post=365886"}],"version-history":[{"count":0,"href":"https:\/\/www.europesays.com\/fr\/wp-json\/wp\/v2\/posts\/365886\/revisions"}],"wp:featuredmedia":[{"embeddable":true,"href":"https:\/\/www.europesays.com\/fr\/wp-json\/wp\/v2\/media\/365887"}],"wp:attachment":[{"href":"https:\/\/www.europesays.com\/fr\/wp-json\/wp\/v2\/media?parent=365886"}],"wp:term":[{"taxonomy":"category","embeddable":true,"href":"https:\/\/www.europesays.com\/fr\/wp-json\/wp\/v2\/categories?post=365886"},{"taxonomy":"post_tag","embeddable":true,"href":"https:\/\/www.europesays.com\/fr\/wp-json\/wp\/v2\/tags?post=365886"}],"curies":[{"name":"wp","href":"https:\/\/api.w.org\/{rel}","templated":true}]}}