{"id":365888,"date":"2025-09-04T14:40:10","date_gmt":"2025-09-04T14:40:10","guid":{"rendered":"https:\/\/www.europesays.com\/fr\/365888\/"},"modified":"2025-09-04T14:40:10","modified_gmt":"2025-09-04T14:40:10","slug":"une-etude-recente-qui-pousse-les-chercheurs-a-revoir-leurs-certitudes","status":"publish","type":"post","link":"https:\/\/www.europesays.com\/fr\/365888\/","title":{"rendered":"une \u00e9tude r\u00e9cente qui pousse les chercheurs \u00e0 revoir leurs certitudes"},"content":{"rendered":"<p><strong>Une \u00e9tude r\u00e9cente surprenante r\u00e9v\u00e8le un lien myst\u00e9rieux entre la possession de chats et la schizophr\u00e9nie. Des chercheurs australiens ont analys\u00e9 17 \u00e9tudes couvrant 44 ans et 11 pays. <\/strong><\/p>\n<p><img fetchpriority=\"high\" decoding=\"async\" width=\"1024\" height=\"578\" src=\"https:\/\/www.europesays.com\/fr\/wp-content\/uploads\/2025\/09\/les-chats-pourraient-etre-la-cause-de-la-schizophrenie-1024x578.webp.webp\" alt=\"Un chaton et un chiot allong\u00e9s c\u00f4te \u00e0 c\u00f4te sur un lit, illustrant la proximit\u00e9 entre animaux de compagnie et humains.\" class=\"wp-image-989181\"  \/>Des chercheurs \u00e9voquent un lien possible entre la pr\u00e9sence de chats et le d\u00e9veloppement de troubles schizophr\u00e9niques, sans preuve formelle \u00e0 ce stade \u2013 DailyGeekShow.com<\/p>\n<p>Leur conclusion ? Vivre avec un chat pourrait <strong>doubler le risque<\/strong> de d\u00e9velopper certains troubles schizophr\u00e8nes. Cette d\u00e9couverte remet en question notre relation avec nos compagnons f\u00e9lins et ouvre la voie \u00e0 de nouvelles pistes de recherche en sant\u00e9 mentale.<\/p>\n<p>Lire aussi <a href=\"https:\/\/dailygeekshow.com\/deux-freres-jumeaux-deux-regimes-deux-resultats-comment-deux-corps-identiques-ont-reagi-de-facon-opposee-a-une-alimentation-radicalement-differente\/\" rel=\"nofollow noopener\" target=\"_blank\">\u00ab Deux fr\u00e8res jumeaux, deux r\u00e9gimes, deux r\u00e9sultats \u00bb : comment deux corps identiques ont r\u00e9agi de fa\u00e7on oppos\u00e9e \u00e0 une alimentation radicalement diff\u00e9rente<\/a><\/p>\n<p>Toxoplasma gondii : un parasite discret mais potentiellement influent<\/p>\n<p>Au c\u0153ur de cette hypoth\u00e8se se trouve <strong>Toxoplasma gondii<\/strong>, un <a href=\"https:\/\/dailygeekshow.com\/parasite-deguisement-cellule\/\" rel=\"nofollow noopener\" target=\"_blank\">parasite<\/a> microscopique souvent associ\u00e9 aux chats. S\u2019il passe inaper\u00e7u dans la majorit\u00e9 des cas, il pourrait pourtant jouer un r\u00f4le surprenant dans notre cerveau. <\/p>\n<p>Il se transmet par <strong>la viande peu cuite<\/strong>, <strong>l\u2019eau contamin\u00e9e<\/strong> ou <strong>le contact avec des chats infect\u00e9s<\/strong>. Une fois dans l\u2019organisme, il peut infiltrer <strong>le syst\u00e8me nerveux central<\/strong> et influencer les neurotransmetteurs.<\/p>\n<p>Le Dr John McGrath, du Queensland Centre for Mental Health Research, a dirig\u00e9 l\u2019analyse. Il explique que l\u2019exposition \u00e0 des chats dans l\u2019enfance pourrait <strong>doubler le risque<\/strong> de d\u00e9velopper des troubles li\u00e9s \u00e0 la schizophr\u00e9nie. Ces r\u00e9sultats s\u2019appuient sur des donn\u00e9es remontant \u00e0 1995, date \u00e0 laquelle cette hypoth\u00e8se a \u00e9t\u00e9 formul\u00e9e pour la premi\u00e8re fois.<\/p>\n<p>Lire aussi <a href=\"https:\/\/dailygeekshow.com\/pris-par-des-milliards-de-personne-libuprofene-et-le-paracetamol-pourraient-etre-au-coeur-dune-menace-pour-la-sante-publique-mondiale\/\" rel=\"nofollow noopener\" target=\"_blank\">Pris par des milliards de personnes, l\u2019ibuprof\u00e8ne et le parac\u00e9tamol pourraient \u00eatre au c\u0153ur d\u2019une menace pour la sant\u00e9 publique mondiale<\/a><\/p>\n<p>Une corr\u00e9lation intrigante, mais pas une preuve formelle<\/p>\n<p>Les <a href=\"https:\/\/dailygeekshow.com\/les-requins-sont-en-train-de-perdre-leurs-dents-ce-phenomene-invisible-pourrait-bien-les-priver-de-leur-arme-ultime-ce-qui-inquiete-les-scientifiques\/\" rel=\"nofollow noopener\" target=\"_blank\">scientifiques<\/a> restent prudents. Bien qu\u2019ils aient observ\u00e9 <strong>une corr\u00e9lation notable<\/strong>, cela ne signifie pas qu\u2019il existe <strong>un lien de cause \u00e0 effet<\/strong>. Plusieurs limites m\u00e9thodologiques nuancent ces r\u00e9sultats :<\/p>\n<ul>\n<li>La qualit\u00e9 des \u00e9tudes analys\u00e9es est variable.<\/li>\n<li>Les r\u00e9sultats manquent parfois de coh\u00e9rence.<\/li>\n<li>La p\u00e9riode d\u2019exposition critique reste floue.<\/li>\n<\/ul>\n<p>Par exemple, une \u00e9tude am\u00e9ricaine sur 354 \u00e9tudiants n\u2019a pas montr\u00e9 de lien direct entre la possession d\u2019un chat et des traits schizophr\u00e9niques. Cependant, elle a r\u00e9v\u00e9l\u00e9 que les personnes mordues par un chat obtenaient des scores plus \u00e9lev\u00e9s sur certaines \u00e9chelles psychologiques.<\/p>\n<p>D\u2019autres pistes environnementales \u00e0 ne pas n\u00e9gliger<\/p>\n<p>Outre T. gondii, <strong>d\u2019autres pathog\u00e8nes<\/strong> pourraient \u00eatre impliqu\u00e9s. C\u2019est le cas de <strong>Pasteurella multocida<\/strong>, une <a href=\"https:\/\/dailygeekshow.com\/une-bacterie-creee-par-lhomme-bouleverse-la-genetique-son-adn-fonctionne-avec-un-code-reecrit-de-a-a-z\/\" rel=\"nofollow noopener\" target=\"_blank\">bact\u00e9rie<\/a> pr\u00e9sente dans la salive des chats. Elle pourrait \u00e9galement influencer certains aspects de la sant\u00e9 mentale humaine, bien que les donn\u00e9es manquent encore pour l\u2019affirmer.<\/p>\n<p>Lire aussi <a href=\"https:\/\/dailygeekshow.com\/ces-virus-geants-auraient-du-inquieter-les-scientifiques-mais-cette-decouverte-aux-groenland-pourrait-sauver-le-climat-sans-quon-le-sache\/\" rel=\"nofollow noopener\" target=\"_blank\">Ces virus g\u00e9ants auraient d\u00fb inqui\u00e9ter les scientifiques\u2026 mais cette d\u00e9couverte au Groenland pourrait sauver le climat sans qu\u2019on le sache<\/a><\/p>\n<p>Les auteurs de l\u2019\u00e9tude insistent sur la n\u00e9cessit\u00e9 de poursuivre les recherches. Ils recommandent notamment :<\/p>\n<ul>\n<li>De nouvelles \u00e9tudes sur des \u00e9chantillons plus larges.<\/li>\n<li>Une analyse rigoureuse des m\u00e9canismes potentiels.<\/li>\n<li>L\u2019int\u00e9gration d\u2019autres facteurs environnementaux dans les mod\u00e8les explicatifs.<\/li>\n<\/ul>\n<p>Un sujet sensible, entre prudence scientifique et responsabilit\u00e9 collective<\/p>\n<p>M\u00eame si cette <a href=\"https:\/\/academic.oup.com\/schizophreniabulletin\/advance-article-abstract\/doi\/10.1093\/schbul\/sbad168\/7458104?redirectedFrom=fulltext\" rel=\"nofollow noopener\" target=\"_blank\">\u00e9tude<\/a> (Schizophrenia Bulletin) relance un d\u00e9bat ancien, elle ne doit pas provoquer <strong>de panique injustifi\u00e9e<\/strong>. Aucun \u00e9l\u00e9ment ne justifie aujourd\u2019hui d\u2019\u00e9loigner nos compagnons \u00e0 quatre pattes. <\/p>\n<p>En revanche, elle souligne l\u2019importance de <strong>mieux comprendre les interactions entre l\u2019Homme et son environnement<\/strong>, notamment les animaux domestiques.<\/p>\n<p>Lire aussi <a href=\"https:\/\/dailygeekshow.com\/et-si-on-pouvait-entrainer-nos-cellules-comme-des-soldats-ces-chercheurs-transforment-les-cellules-immunitaires-en-machines-de-guerre-contre-le-cancer\/\" rel=\"nofollow noopener\" target=\"_blank\">\u00ab Et si on pouvait entra\u00eener nos cellules comme des soldats ? \u00bb : ces chercheurs transforment les cellules immunitaires en machines de guerre contre le cancer<\/a><\/p>\n<p>En d\u00e9voilant des pistes aussi inattendues qu\u2019intrigantes, cette recherche marque une nouvelle \u00e9tape dans l\u2019exploration des <strong>facteurs environnementaux associ\u00e9s aux troubles mentaux<\/strong>. Elle rappelle aussi que la science progresse souvent par des remises en question, m\u00eame sur les sujets les plus familiers\u2026 comme celui de nos amis <a href=\"https:\/\/dailygeekshow.com\/notre-adn-cache-le-secret-des-animaux-hibernants-une-piste-revolutionnaire-contre-les-maladies-chroniques\/\" rel=\"nofollow noopener\" target=\"_blank\">les chats<\/a>.<\/p>\n","protected":false},"excerpt":{"rendered":"Une \u00e9tude r\u00e9cente surprenante r\u00e9v\u00e8le un lien myst\u00e9rieux entre la possession de chats et la schizophr\u00e9nie. Des chercheurs&hellip;\n","protected":false},"author":2,"featured_media":365889,"comment_status":"","ping_status":"","sticky":false,"template":"","format":"standard","meta":{"footnotes":""},"categories":[10],"tags":[1011,27,72,71],"class_list":{"0":"post-365888","1":"post","2":"type-post","3":"status-publish","4":"format-standard","5":"has-post-thumbnail","7":"category-sante","8":"tag-fr","9":"tag-france","10":"tag-health","11":"tag-sante"},"share_on_mastodon":{"url":"https:\/\/pubeurope.com\/@fr\/115146550455059937","error":""},"_links":{"self":[{"href":"https:\/\/www.europesays.com\/fr\/wp-json\/wp\/v2\/posts\/365888","targetHints":{"allow":["GET"]}}],"collection":[{"href":"https:\/\/www.europesays.com\/fr\/wp-json\/wp\/v2\/posts"}],"about":[{"href":"https:\/\/www.europesays.com\/fr\/wp-json\/wp\/v2\/types\/post"}],"author":[{"embeddable":true,"href":"https:\/\/www.europesays.com\/fr\/wp-json\/wp\/v2\/users\/2"}],"replies":[{"embeddable":true,"href":"https:\/\/www.europesays.com\/fr\/wp-json\/wp\/v2\/comments?post=365888"}],"version-history":[{"count":0,"href":"https:\/\/www.europesays.com\/fr\/wp-json\/wp\/v2\/posts\/365888\/revisions"}],"wp:featuredmedia":[{"embeddable":true,"href":"https:\/\/www.europesays.com\/fr\/wp-json\/wp\/v2\/media\/365889"}],"wp:attachment":[{"href":"https:\/\/www.europesays.com\/fr\/wp-json\/wp\/v2\/media?parent=365888"}],"wp:term":[{"taxonomy":"category","embeddable":true,"href":"https:\/\/www.europesays.com\/fr\/wp-json\/wp\/v2\/categories?post=365888"},{"taxonomy":"post_tag","embeddable":true,"href":"https:\/\/www.europesays.com\/fr\/wp-json\/wp\/v2\/tags?post=365888"}],"curies":[{"name":"wp","href":"https:\/\/api.w.org\/{rel}","templated":true}]}}