{"id":365892,"date":"2025-09-04T14:42:15","date_gmt":"2025-09-04T14:42:15","guid":{"rendered":"https:\/\/www.europesays.com\/fr\/365892\/"},"modified":"2025-09-04T14:42:15","modified_gmt":"2025-09-04T14:42:15","slug":"ventre-rond-surprise-sur-le-tapis-rouge-de-downton-abbey-iii","status":"publish","type":"post","link":"https:\/\/www.europesays.com\/fr\/365892\/","title":{"rendered":"ventre rond surprise sur le tapis rouge de \u00ab Downton Abbey III \u00bb"},"content":{"rendered":"<p>Dans moins d\u2019une semaine, <a href=\"https:\/\/www.parismatch.com\/People\/Grande-premiere-a-Londres-du-film-Downton-Abbey-1646123\" rel=\"nofollow noopener\" target=\"_blank\">la saga \u00ab\u00a0Downton Abbey\u00a0\u00bb<\/a> tirera sa r\u00e9v\u00e9rence. Apr\u00e8s une s\u00e9rie et deux films, le troisi\u00e8me et dernier long-m\u00e9trage \u00ab\u00a0Downton Abbey\u00a0: The Grand Finale\u00a0\u00bb sortira en salles le 10\u00a0septembre, cl\u00f4turant ainsi l\u2019univers de la famille Crawley. En attendant, l\u2019\u00e9quipe s\u2019est r\u00e9unie ce 3\u00a0septembre \u00e0 Londres, \u00e0 l\u2019Odeon Luxe Leicester Square, pour une avant-premi\u00e8re mondiale en grande pompe.<\/p>\n<p>Sur le photocall, l\u2019ensemble du casting \u00e9tait pr\u00e9sent pour c\u00e9l\u00e9brer cette derni\u00e8re aventure\u00a0: Hugh Bonneville, Laura Carmichael, Jim Carter, Joanne Froggatt, Allen Leech, Robert James-Collier, Sophie McShera, Phyllis Logan, Penelope Wilton, Lesley Nicol, Dominic West, Joely Richardson, et bien s\u00fbr Michelle Dockery, l\u2019inoubliable Lady Mary, entour\u00e9s du cr\u00e9ateur Julian Fellowes.<\/p>\n<p>    La suite apr\u00e8s cette publicit\u00e9<\/p>\n<p>Face aux photographes, <a href=\"https:\/\/www.parismatch.com\/People\/Michelle-Dockery-de-Downton-Abbey-raconte-son-drame-intime-1392437\" rel=\"nofollow noopener\" target=\"_blank\">Michelle Dockery<\/a> a d\u2019ailleurs cr\u00e9\u00e9 la surprise en d\u00e9voilant un joli ventre arrondi. Enceinte de son premier enfant, l\u2019actrice de 43\u00a0ans a officialis\u00e9 la nouvelle en posant dans une somptueuse robe Prada bleu pervenche \u00e0 \u00e9paules d\u00e9nud\u00e9es, rehauss\u00e9e d\u2019une cape en mousseline et d\u2019une longue tra\u00eene transparente aux reflets argent\u00e9s. Une tenue laissant peu de place au doute quant \u00e0 sa future maternit\u00e9.<\/p>\n<p>    La suite apr\u00e8s cette publicit\u00e9<\/p>\n<p>Son histoire d\u2019amour avec Jasper Waller-Bridge<\/p>\n<p>\u00c0 ses c\u00f4t\u00e9s, son mari Jasper Waller-Bridge, \u00e9l\u00e9gant et souriant, n\u2019a pas quitt\u00e9 sa main. Le producteur et l\u2019actrice se sont rencontr\u00e9s en 2019 gr\u00e2ce \u00e0 des amis communs. Apr\u00e8s des fian\u00e7ailles annonc\u00e9es dans <a href=\"https:\/\/www.thetimes.com\/uk\/article\/births-marriages-and-deaths-january-20-2022-qbvnfbjpk\" target=\"_blank\" rel=\"nofollow noopener\">\u00ab\u00a0The Times\u00a0\u00bb<\/a> en 2022, ils se sont mari\u00e9s en septembre\u00a02023 \u00e0 Londres.\u00a0Avant de rencontrer son \u00e9poux, Michelle Dockery avait \u00e9t\u00e9 \u00e9prouv\u00e9e par un drame. Fianc\u00e9e \u00e0 John Dineen, <a href=\"https:\/\/www.parismatch.com\/People\/Le-fiance-de-Michelle-Dockery-meurt-d-un-cancer-a-34-ans-La-star-de-Downton-Abbey-devastee-882213\" rel=\"nofollow noopener\" target=\"_blank\">elle avait perdu son compagnon en 2015 <\/a>apr\u00e8s qu\u2019il soit emport\u00e9 par un cancer \u00e0 l\u2019\u00e2ge de 34\u00a0ans.<\/p>\n","protected":false},"excerpt":{"rendered":"Dans moins d\u2019une semaine, la saga \u00ab\u00a0Downton Abbey\u00a0\u00bb tirera sa r\u00e9v\u00e9rence. Apr\u00e8s une s\u00e9rie et deux films, le&hellip;\n","protected":false},"author":2,"featured_media":365893,"comment_status":"","ping_status":"","sticky":false,"template":"","format":"standard","meta":{"footnotes":""},"categories":[8],"tags":[58,59,1011,27],"class_list":{"0":"post-365892","1":"post","2":"type-post","3":"status-publish","4":"format-standard","5":"has-post-thumbnail","7":"category-divertissement","8":"tag-divertissement","9":"tag-entertainment","10":"tag-fr","11":"tag-france"},"share_on_mastodon":{"url":"https:\/\/pubeurope.com\/@fr\/115146558425592770","error":""},"_links":{"self":[{"href":"https:\/\/www.europesays.com\/fr\/wp-json\/wp\/v2\/posts\/365892","targetHints":{"allow":["GET"]}}],"collection":[{"href":"https:\/\/www.europesays.com\/fr\/wp-json\/wp\/v2\/posts"}],"about":[{"href":"https:\/\/www.europesays.com\/fr\/wp-json\/wp\/v2\/types\/post"}],"author":[{"embeddable":true,"href":"https:\/\/www.europesays.com\/fr\/wp-json\/wp\/v2\/users\/2"}],"replies":[{"embeddable":true,"href":"https:\/\/www.europesays.com\/fr\/wp-json\/wp\/v2\/comments?post=365892"}],"version-history":[{"count":0,"href":"https:\/\/www.europesays.com\/fr\/wp-json\/wp\/v2\/posts\/365892\/revisions"}],"wp:featuredmedia":[{"embeddable":true,"href":"https:\/\/www.europesays.com\/fr\/wp-json\/wp\/v2\/media\/365893"}],"wp:attachment":[{"href":"https:\/\/www.europesays.com\/fr\/wp-json\/wp\/v2\/media?parent=365892"}],"wp:term":[{"taxonomy":"category","embeddable":true,"href":"https:\/\/www.europesays.com\/fr\/wp-json\/wp\/v2\/categories?post=365892"},{"taxonomy":"post_tag","embeddable":true,"href":"https:\/\/www.europesays.com\/fr\/wp-json\/wp\/v2\/tags?post=365892"}],"curies":[{"name":"wp","href":"https:\/\/api.w.org\/{rel}","templated":true}]}}