{"id":365898,"date":"2025-09-04T14:45:15","date_gmt":"2025-09-04T14:45:15","guid":{"rendered":"https:\/\/www.europesays.com\/fr\/365898\/"},"modified":"2025-09-04T14:45:15","modified_gmt":"2025-09-04T14:45:15","slug":"en-australie-ce-grand-pere-qui-devait-recuperer-son-petit-fils-a-la-creche-repart-avec-le-mauvais-enfant","status":"publish","type":"post","link":"https:\/\/www.europesays.com\/fr\/365898\/","title":{"rendered":"En Australie, ce grand-p\u00e8re qui devait r\u00e9cup\u00e9rer son petit-fils \u00e0 la cr\u00e8che repart avec le mauvais enfant"},"content":{"rendered":"<p>        <img decoding=\"async\" loading=\"lazy\" src=\"https:\/\/www.europesays.com\/fr\/wp-content\/uploads\/2025\/09\/fcf5c2d_upload-1-333spkkqgswd-e10.jpg\"  width=\"728\" height=\"410\" alt=\"Un petit-gar\u00e7on s\u2019est retrouv\u00e9 dans la mauvaise famille pendant quelques heures apr\u00e8s l\u2019erreur d\u2019une cr\u00e8che australienne.\"\/>  <\/p>\n<p>Adobe Stock, Le HuffPost<\/p>\n<p>Un petit-gar\u00e7on s\u2019est retrouv\u00e9 dans la mauvaise famille pendant quelques heures apr\u00e8s l\u2019erreur d\u2019une cr\u00e8che australienne.<\/p>\n<p class=\"asset asset-text\">AUSTRALIE &#8211; Un quiproquo \u00e0 l\u2019heure de la sieste. Ce lundi 1er\u00a0septembre, une <a href=\"https:\/\/www.huffingtonpost.fr\/life\/article\/les-moins-de-3-ans-prives-d-ecran-dans-les-lieux-d-accueil-des-enfants-a-partir-de-ce-jeudi_252088.html\" target=\"_blank\" rel=\"noopener\" title=\"Nouvelle fen\u00eatre\">cr\u00e8che<\/a> \u00e0 Bangor, une banlieue australienne du sud de <a href=\"https:\/\/www.huffingtonpost.fr\/international\/article\/en-australie-la-composition-des-mysterieuses-boules-echouees-sur-les-plages-de-sydney-se-revele-peu-a-peu_245127.html\" target=\"_blank\" rel=\"noopener\" title=\"Nouvelle fen\u00eatre\">Sydney<\/a>, a \u00e9t\u00e9 secou\u00e9e par un incident improbable. Comme l\u2019explique <a href=\"https:\/\/www.abc.net.au\/news\/2025-09-03\/toddler-missing-bangor-childcare-grandparent-wrong-child\/105730896\" target=\"_blank\" rel=\"noopener\" title=\"Nouvelle fen\u00eatre\">ABC News<\/a>, un grand-p\u00e8re est venu r\u00e9cup\u00e9rer son petit-fils dans l\u2019apr\u00e8s-midi &#8211; et il est rentr\u00e9 chez lui avec le mauvais enfant.<\/p>\n<p class=\"asset asset-text\">D\u2019apr\u00e8s la police locale, c\u2019est un \u00e9ducateur qui a remis au <a href=\"https:\/\/www.huffingtonpost.fr\/life\/article\/certains-grands-parents-ont-oublie-le-stress-d-elever-un-enfant-en-bas-age-et-les-americains-ont-un-mot-pour-ca_242603.html\" target=\"_blank\" rel=\"noopener\">grand-p\u00e8re <\/a>le petit gar\u00e7on \u00e2g\u00e9 d\u2019un an, qui a ensuite pass\u00e9 deux heures avec une famille qui n\u2019\u00e9tait pas la sienne. La cr\u00e8che s\u2019est rendu compte qu\u2019il y avait un probl\u00e8me seulement lorsque la m\u00e8re de l\u2019enfant en question est arriv\u00e9e sur place pour le r\u00e9cup\u00e9rer, et ne l\u2019a pas trouv\u00e9.<\/p>\n<p class=\"asset asset-text\">\u00ab\u00a0Je ne peux pas expliquer la sensation\u00a0\u00bb, a-t-elle expliqu\u00e9 au <a href=\"https:\/\/www.smh.com.au\/national\/baby-goes-missing-from-sydney-daycare-centre-for-several-hours-20250903-p5ms10.html\" target=\"_blank\" rel=\"noopener\" title=\"Nouvelle fen\u00eatre\">Sydney Morning Herald<\/a>, ajoutant que les employ\u00e9s de la cr\u00e8che avaient \u00e9t\u00e9 incapables de lui donner le nom de la personne ayant pris son fils. \u00ab\u00a0Ils ne pouvaient pas me dire \u00e0 quoi il ressemblait, \u00e0 part qu\u2019il portait un short et que c\u2019\u00e9tait un monsieur plus \u00e2g\u00e9\u00a0\u00bb, a ajout\u00e9 la m\u00e8re \u00ab\u00a0traumatis\u00e9e\u00a0\u00bb, pr\u00e9cisant qu\u2019elle n\u2019en voulait pas au grand-p\u00e8re. \u00ab\u00a0Nous ne sommes pas en col\u00e8re contre lui &#8211; nous tenons la cr\u00e8che responsable\u00a0\u00bb.<\/p>\n<p class=\"asset asset-text\">Fort heureusement, le grand-p\u00e8re, confus, est revenu \u00e0 la cr\u00e8che au plus vite apr\u00e8s avoir r\u00e9alis\u00e9 son erreur. \u00ab\u00a0Je suis juste tellement contente que le petit gar\u00e7on aille bien\u00a0\u00bb, a affirm\u00e9 sa femme, d\u00e9crivant son mari comme \u00ab\u00a0d\u00e9vast\u00e9\u00a0\u00bb par l\u2019incident \u00e0 la suite duquel un \u00e9ducateur a \u00e9t\u00e9 mis \u00e0 pied par la cr\u00e8che. \u00ab\u00a0Ceci n\u2019est jamais arriv\u00e9 avant \u00e0 Bangor, ni dans nos autres centres\u00a0\u00bb, a tenu \u00e0 pr\u00e9ciser une porte-parole de l\u2019\u00e9tablissement ce jeudi.<\/p>\n<p class=\"asset asset-text\">L\u2019autorit\u00e9 responsable de l\u2019\u00e9ducation de la petite enfance dans l\u2019\u00c9tat de Nouvelle-Galles du Sud a de son c\u00f4t\u00e9 lanc\u00e9 une enqu\u00eate sur le sujet. Comme l\u2019indique le <a href=\"https:\/\/www.theguardian.com\/australia-news\/2025\/sep\/04\/grandfather-mistakenly-takes-home-wrong-child-from-sydney-daycare-centre\" target=\"_blank\" rel=\"noopener\" title=\"Nouvelle fen\u00eatre\">Guardian<\/a>, si les m\u00e9dias locaux se sont saisis aussi vite de cette histoire, c\u2019est parce que les cr\u00e8ches en Australie font face ces derniers mois \u00e0 de nombreuses accusations de n\u00e9gligence et de maltraitance. Le gouvernement s\u2019est d\u2019ailleurs pench\u00e9 sur le dossier, et a annonc\u00e9 fin ao\u00fbt des changements l\u00e9gislatifs pour am\u00e9liorer les normes de s\u00e9curit\u00e9 dans le secteur.<\/p>\n","protected":false},"excerpt":{"rendered":"Adobe Stock, Le HuffPost Un petit-gar\u00e7on s\u2019est retrouv\u00e9 dans la mauvaise famille pendant quelques heures apr\u00e8s l\u2019erreur d\u2019une&hellip;\n","protected":false},"author":2,"featured_media":365899,"comment_status":"","ping_status":"","sticky":false,"template":"","format":"standard","meta":{"footnotes":""},"categories":[5],"tags":[11,5035,2695,1011,27,50038,1757,14,5656,12,28],"class_list":{"0":"post-365898","1":"post","2":"type-post","3":"status-publish","4":"format-standard","5":"has-post-thumbnail","7":"category-international","8":"tag-actualites","9":"tag-australie","10":"tag-creche","11":"tag-fr","12":"tag-france","13":"tag-grands-parents","14":"tag-insolite","15":"tag-international","16":"tag-life","17":"tag-news","18":"tag-world"},"share_on_mastodon":{"url":"https:\/\/pubeurope.com\/@fr\/115146570165656327","error":""},"_links":{"self":[{"href":"https:\/\/www.europesays.com\/fr\/wp-json\/wp\/v2\/posts\/365898","targetHints":{"allow":["GET"]}}],"collection":[{"href":"https:\/\/www.europesays.com\/fr\/wp-json\/wp\/v2\/posts"}],"about":[{"href":"https:\/\/www.europesays.com\/fr\/wp-json\/wp\/v2\/types\/post"}],"author":[{"embeddable":true,"href":"https:\/\/www.europesays.com\/fr\/wp-json\/wp\/v2\/users\/2"}],"replies":[{"embeddable":true,"href":"https:\/\/www.europesays.com\/fr\/wp-json\/wp\/v2\/comments?post=365898"}],"version-history":[{"count":0,"href":"https:\/\/www.europesays.com\/fr\/wp-json\/wp\/v2\/posts\/365898\/revisions"}],"wp:featuredmedia":[{"embeddable":true,"href":"https:\/\/www.europesays.com\/fr\/wp-json\/wp\/v2\/media\/365899"}],"wp:attachment":[{"href":"https:\/\/www.europesays.com\/fr\/wp-json\/wp\/v2\/media?parent=365898"}],"wp:term":[{"taxonomy":"category","embeddable":true,"href":"https:\/\/www.europesays.com\/fr\/wp-json\/wp\/v2\/categories?post=365898"},{"taxonomy":"post_tag","embeddable":true,"href":"https:\/\/www.europesays.com\/fr\/wp-json\/wp\/v2\/tags?post=365898"}],"curies":[{"name":"wp","href":"https:\/\/api.w.org\/{rel}","templated":true}]}}