{"id":365900,"date":"2025-09-04T14:46:09","date_gmt":"2025-09-04T14:46:09","guid":{"rendered":"https:\/\/www.europesays.com\/fr\/365900\/"},"modified":"2025-09-04T14:46:09","modified_gmt":"2025-09-04T14:46:09","slug":"faut-il-sinquieter-de-la-hausse-des-cas-en-cette-rentree","status":"publish","type":"post","link":"https:\/\/www.europesays.com\/fr\/365900\/","title":{"rendered":"faut-il s&rsquo;inqui\u00e9ter de la hausse des cas en cette rentr\u00e9e?"},"content":{"rendered":"<p>Une l\u00e9g\u00e8re hausse des cas de Covid-19 se dessine sur le territoire fran\u00e7ais en cette fin d&rsquo;\u00e9t\u00e9, alors que diff\u00e9rents variants du virus circulent. Pour les experts, il n&rsquo;est pas l&rsquo;heure de s&rsquo;inqui\u00e9ter.<\/p>\n<p>Le <a href=\"https:\/\/www.bfmtv.com\/economie\/entreprises\/licenciements-illegaux-pendant-la-pandemie-de-covid-19-la-compagnie-aerienne-qantas-condamnee-a-verser-50-millions-d-euros_AD-202508180070.html\" title=\"Licenciements ill\u00e9gaux pendant la pand\u00e9mie de Covid-19: la compagnie a\u00e9rienne Qantas condamn\u00e9e \u00e0 verser 50 millions d&#039;euros\" class=\"internal_link\" rel=\"nofollow noopener\" target=\"_blank\">Covid-19<\/a>? Il n&rsquo;est jamais parti! Mauvaise nouvelle, cet \u00e9t\u00e9, le virus s&rsquo;est encore propag\u00e9, touchant tous les \u00e2ges et toutes les r\u00e9gions &#8211; avec une concentration des cas en \u00cele-de-France et dans les Hauts-de-France.<\/p>\n<p>Dans les laboratoires de villes, le dernier bulletin national de l&rsquo;Institut Pasteur fait \u00e9tat d&rsquo;une \u00ab\u00a0augmentation constante\u00a0\u00bb des tests positifs, de 18,66% des d\u00e9tections positives lors de la derni\u00e8re semaine d&rsquo;ao\u00fbt 2025.<\/p>\n<p>Dans son dernier bulletin hebdomadaire, publi\u00e9 ce mercredi 3 septembre 2025, <a href=\"https:\/\/www.santepubliquefrance.fr\/\" target=\"_blank\" class=\"external_link\" rel=\"nofollow noopener\">Sant\u00e9 publique France <\/a>note une hausse des passages aux urgences en France pour des suspicions d\u2019infection au Covid-19. Elle est de l&rsquo;ordre de + 20\u2009% chez les moins de 15 ans, et + 12\u2009% chez les 15-74 ans, durant la semaine du 25 au 31 ao\u00fbt.<\/p>\n<p>Pour autant, rassurent les virologues, les \u00ab\u00a0risques additionnels\u00a0\u00bb li\u00e9s \u00e0 une circulation accrue du virus sont particuli\u00e8rement limit\u00e9s.<\/p>\n<blockquote class=\"embed embed_quote\"><p>\u00ab\u00a0La situation actuelle n&rsquo;est pas du tout comparable \u00e0 ce que l&rsquo;on observait au d\u00e9but de la pand\u00e9mie et c&rsquo;est sans surprise. Il n&rsquo;y a donc pas de crainte \u00e0 avoir\u00a0\u00bb, d\u00e9taille Antonin Bal, directeur adjoint du Centre national de r\u00e9f\u00e9rence virus des infections respiratoires (CNR) de Lyon.<\/p><\/blockquote>\n<p>La bataille des variants: XFG contre NB.1.8.1<\/p>\n<p>Les cas suppl\u00e9mentaires, la faute aux variants? Si au mois de <a href=\"https:\/\/www.bfmtv.com\/sante\/info-bfmtv-covid-19-un-nouveau-variant-inquietant-identifie-pour-la-premiere-fois-en-france_AN-202505230742.html\" title=\"INFO BFMTV. Covid-19: un nouveau variant inqui\u00e9tant identifi\u00e9 pour la premi\u00e8re fois en France\" class=\"internal_link\" rel=\"nofollow noopener\" target=\"_blank\">mai dernier<\/a> c&rsquo;\u00e9tait le <a href=\"https:\/\/www.bfmtv.com\/sante\/info-bfmtv-covid-19-un-nouveau-variant-inquietant-identifie-pour-la-premiere-fois-en-france_AN-202505230742.html\" title=\"INFO BFMTV. Covid-19: un nouveau variant inqui\u00e9tant identifi\u00e9 pour la premi\u00e8re fois en France\" class=\"internal_link\" rel=\"nofollow noopener\" target=\"_blank\">variant NB.1.8.1<\/a> qui retenait l&rsquo;attention des sp\u00e9cialistes en France, c&rsquo;est finalement le XFG (appartenant \u00e0 la famille d&rsquo;<a href=\"https:\/\/www.bfmtv.com\/sante\/covid-19-le-variant-omicron_DN-202112200181.html\" title=\"Covid-19: le variant Omicron\" class=\"internal_link\" rel=\"nofollow noopener\" target=\"_blank\">Omicron<\/a>) qui, ce d\u00e9but septembre, est le plus repr\u00e9sent\u00e9 dans les taux de positivit\u00e9 observ\u00e9s.<\/p>\n<blockquote class=\"embed embed_quote\"><p>\u00ab\u00a0\u00c0 noter toutefois que la progression du variant XFG a \u00e9t\u00e9 vraisemblablement plus importante en ao\u00fbt qu&rsquo;en juillet\u00a0\u00bb, pr\u00e9cise Antonin Bal.<\/p><\/blockquote>\n<p>Jusqu&rsquo;\u00e0 pr\u00e9sent, les sympt\u00f4mes du nouveau variant XFG sont relativement similaires \u00e0 ceux observ\u00e9s auparavant pour d&rsquo;autres variants: nez qui coule, maux de t\u00eate, parfois des douleurs musculaires avec raideurs et, plus rarement, des pertes de go\u00fbt ou d&rsquo;odorat.<\/p>\n<blockquote class=\"embed embed_quote\"><p>\u00ab\u00a0Si la situation du patient s&rsquo;aggrave sur le plan respiratoire, il faut \u00eatre vigilant et consulter. Il peut y avoir une hospitalisation si la d\u00e9tresse est significative\u00a0\u00bb, conclut Antonin Bal.<\/p><\/blockquote>\n<p>L&rsquo;importance de la vaccination<\/p>\n<p>Autre constat du CNR: il semblerait que le Covid-19 circule davantage au printemps et durant la p\u00e9riode estivale. Un \u00e9l\u00e9ment qui ressortait d\u00e9j\u00e0 des conclusions scientifiques pass\u00e9es, et qui semble dor\u00e9navant se confirmer.<\/p>\n<p>\u00ab\u00a0M\u00eame si la progression du virus est arriv\u00e9e plus tardivement cette ann\u00e9e qu&rsquo;en <a href=\"https:\/\/www.bfmtv.com\/sante\/jo-2024-le-ministre-de-la-sante-ecarte-un-gros-risque-de-cluster-lie-au-covid-19_AN-202407230245.html\" title=\"JO 2024: le ministre de la Sant\u00e9 \u00e9carte un &quot;gros risque de cluster&quot; li\u00e9 au Covid-19\" class=\"internal_link\" rel=\"nofollow noopener\" target=\"_blank\">2024<\/a>, les taux de positivit\u00e9s sont encore une fois plus forts \u00e0 cette p\u00e9riode\u00a0\u00bb, ajoute le virologue. N\u00e9anmoins, aucune saisonnalit\u00e9 n&rsquo;a, pour l&rsquo;heure, \u00e9t\u00e9 \u00e9tablie officiellement par le corps m\u00e9dical.<\/p>\n<p><img decoding=\"async\" src=\"https:\/\/www.europesays.com\/fr\/wp-content\/uploads\/2025\/09\/principale-339_1.png\"  alt=\"Covid-19: 4 ans apr\u00e8s, a-t-on tir\u00e9 toutes les le\u00e7ons de la pand\u00e9mie?\" title=\"Covid-19: 4 ans apr\u00e8s, a-t-on tir\u00e9 toutes les le\u00e7ons de la pand\u00e9mie?\"\/>Covid-19: 4 ans apr\u00e8s, a-t-on tir\u00e9 toutes les le\u00e7ons de la pand\u00e9mie?<\/p>\n<p>M\u00eame si le risque de d\u00e9velopper une forme grave ou s\u00e9v\u00e8re du Covid-19 reste limit\u00e9, le CNR souligne malgr\u00e9 tout l&rsquo;importance d&rsquo;un suivi vaccinal pour les personnes les plus vuln\u00e9rables (\u00e2g\u00e9es, immunod\u00e9prim\u00e9es, atteintes du VIH&#8230;). La prochaine de campagne de vaccination n&rsquo;a pas encore \u00e9t\u00e9 annonc\u00e9e par les autorit\u00e9s sanitaires.<\/p>\n","protected":false},"excerpt":{"rendered":"Une l\u00e9g\u00e8re hausse des cas de Covid-19 se dessine sur le territoire fran\u00e7ais en cette fin d&rsquo;\u00e9t\u00e9, alors&hellip;\n","protected":false},"author":2,"featured_media":365901,"comment_status":"","ping_status":"","sticky":false,"template":"","format":"standard","meta":{"footnotes":""},"categories":[4],"tags":[11,1011,27,12,25],"class_list":{"0":"post-365900","1":"post","2":"type-post","3":"status-publish","4":"format-standard","5":"has-post-thumbnail","7":"category-france","8":"tag-actualites","9":"tag-fr","10":"tag-france","11":"tag-news","12":"tag-republique-francaise"},"share_on_mastodon":{"url":"https:\/\/pubeurope.com\/@fr\/115146574043359429","error":""},"_links":{"self":[{"href":"https:\/\/www.europesays.com\/fr\/wp-json\/wp\/v2\/posts\/365900","targetHints":{"allow":["GET"]}}],"collection":[{"href":"https:\/\/www.europesays.com\/fr\/wp-json\/wp\/v2\/posts"}],"about":[{"href":"https:\/\/www.europesays.com\/fr\/wp-json\/wp\/v2\/types\/post"}],"author":[{"embeddable":true,"href":"https:\/\/www.europesays.com\/fr\/wp-json\/wp\/v2\/users\/2"}],"replies":[{"embeddable":true,"href":"https:\/\/www.europesays.com\/fr\/wp-json\/wp\/v2\/comments?post=365900"}],"version-history":[{"count":0,"href":"https:\/\/www.europesays.com\/fr\/wp-json\/wp\/v2\/posts\/365900\/revisions"}],"wp:featuredmedia":[{"embeddable":true,"href":"https:\/\/www.europesays.com\/fr\/wp-json\/wp\/v2\/media\/365901"}],"wp:attachment":[{"href":"https:\/\/www.europesays.com\/fr\/wp-json\/wp\/v2\/media?parent=365900"}],"wp:term":[{"taxonomy":"category","embeddable":true,"href":"https:\/\/www.europesays.com\/fr\/wp-json\/wp\/v2\/categories?post=365900"},{"taxonomy":"post_tag","embeddable":true,"href":"https:\/\/www.europesays.com\/fr\/wp-json\/wp\/v2\/tags?post=365900"}],"curies":[{"name":"wp","href":"https:\/\/api.w.org\/{rel}","templated":true}]}}