{"id":365904,"date":"2025-09-04T14:48:10","date_gmt":"2025-09-04T14:48:10","guid":{"rendered":"https:\/\/www.europesays.com\/fr\/365904\/"},"modified":"2025-09-04T14:48:10","modified_gmt":"2025-09-04T14:48:10","slug":"les-etudiants-de-lecole-des-mines-font-leur-journee-dintegration","status":"publish","type":"post","link":"https:\/\/www.europesays.com\/fr\/365904\/","title":{"rendered":"Les \u00e9tudiants de l&rsquo;\u00c9cole des Mines font leur journ\u00e9e d&rsquo;int\u00e9gration !"},"content":{"rendered":"<p>Fraichement arriv\u00e9s \u00e0 l&rsquo;\u00c9cole des Mines de Saint-\u00c9tienne, les nouveaux \u00e9tudiants ont fait une journ\u00e9e d&rsquo;int\u00e9gration dans une ferme p\u00e9dagogique \u00e0 Saint-Paul-en-Jarez dans le Pilat. <\/p>\n<p>Ce jeudi 4 septembre, les nouveaux \u00e9tudiants de l&rsquo;\u00c9cole des Mines de Saint-\u00c9tienne ont fait leur journ\u00e9e d&rsquo;int\u00e9gration. Pour l&rsquo;occasion, ils se sont rendus \u00e0 Saint-Paul-en-Jarez et ont rencontr\u00e9 les propri\u00e9taires de la ferme p\u00e9dagogique du Son des Cloches.<\/p>\n<p>Au programme de leur journ\u00e9e d&rsquo;int\u00e9gration, d\u00e9couverte des animaux et des enjeux de l&rsquo;agriculture d&rsquo;aujourd&rsquo;hui et de demain. Pour ce faire, ils ont enfil\u00e9 des gants de jardinage pour d\u00e9sherber, et aider sur diverses activit\u00e9s de la ferme.<\/p>\n<p>La journ\u00e9e a \u00e9t\u00e9 organis\u00e9e par le parc naturel r\u00e9gional du Pilat, et l&rsquo;\u00c9cole des Mines.<\/p>\n<p style=\"text-align: right;\">L.Valla<\/p>\n","protected":false},"excerpt":{"rendered":"Fraichement arriv\u00e9s \u00e0 l&rsquo;\u00c9cole des Mines de Saint-\u00c9tienne, les nouveaux \u00e9tudiants ont fait une journ\u00e9e d&rsquo;int\u00e9gration dans une&hellip;\n","protected":false},"author":2,"featured_media":365905,"comment_status":"","ping_status":"","sticky":false,"template":"","format":"standard","meta":{"footnotes":""},"categories":[9653],"tags":[1111,11,2430,1777,674,1011,27,12,25,4001],"class_list":{"0":"post-365904","1":"post","2":"type-post","3":"status-publish","4":"format-standard","5":"has-post-thumbnail","7":"category-saint-etienne","8":"tag-actu","9":"tag-actualites","10":"tag-auvergne-rhone-alpes","11":"tag-eu","12":"tag-europe","13":"tag-fr","14":"tag-france","15":"tag-news","16":"tag-republique-francaise","17":"tag-saint-etienne"},"share_on_mastodon":{"url":"https:\/\/pubeurope.com\/@fr\/115146581956569554","error":""},"_links":{"self":[{"href":"https:\/\/www.europesays.com\/fr\/wp-json\/wp\/v2\/posts\/365904","targetHints":{"allow":["GET"]}}],"collection":[{"href":"https:\/\/www.europesays.com\/fr\/wp-json\/wp\/v2\/posts"}],"about":[{"href":"https:\/\/www.europesays.com\/fr\/wp-json\/wp\/v2\/types\/post"}],"author":[{"embeddable":true,"href":"https:\/\/www.europesays.com\/fr\/wp-json\/wp\/v2\/users\/2"}],"replies":[{"embeddable":true,"href":"https:\/\/www.europesays.com\/fr\/wp-json\/wp\/v2\/comments?post=365904"}],"version-history":[{"count":0,"href":"https:\/\/www.europesays.com\/fr\/wp-json\/wp\/v2\/posts\/365904\/revisions"}],"wp:featuredmedia":[{"embeddable":true,"href":"https:\/\/www.europesays.com\/fr\/wp-json\/wp\/v2\/media\/365905"}],"wp:attachment":[{"href":"https:\/\/www.europesays.com\/fr\/wp-json\/wp\/v2\/media?parent=365904"}],"wp:term":[{"taxonomy":"category","embeddable":true,"href":"https:\/\/www.europesays.com\/fr\/wp-json\/wp\/v2\/categories?post=365904"},{"taxonomy":"post_tag","embeddable":true,"href":"https:\/\/www.europesays.com\/fr\/wp-json\/wp\/v2\/tags?post=365904"}],"curies":[{"name":"wp","href":"https:\/\/api.w.org\/{rel}","templated":true}]}}