{"id":365906,"date":"2025-09-04T14:49:13","date_gmt":"2025-09-04T14:49:13","guid":{"rendered":"https:\/\/www.europesays.com\/fr\/365906\/"},"modified":"2025-09-04T14:49:13","modified_gmt":"2025-09-04T14:49:13","slug":"football-deux-plaintes-pour-harcelement-et-outrages-sexistes-deposes-contre-lex-president-de-saint-etienne","status":"publish","type":"post","link":"https:\/\/www.europesays.com\/fr\/365906\/","title":{"rendered":"Football. Deux plaintes pour harc\u00e8lement et outrages sexistes d\u00e9pos\u00e9s contre l&rsquo;ex-pr\u00e9sident de Saint-\u00c9tienne"},"content":{"rendered":"<p>Nos confr\u00e8res du <a href=\"https:\/\/www.leprogres.fr\/faits-divers-justice\/2025\/09\/03\/harcelement-et-outrages-sexistes-deux-plaintes-deposees-contre-roland-romeyer\" target=\"_blank\" rel=\"nofollow noopener\">Progr\u00e8s<\/a> ont r\u00e9l\u00e9v\u00e9 que deux femmes avaient d\u00e9pos\u00e9 plainte contre l&rsquo;ancien propri\u00e9taire\u00a0de l&rsquo;AS Saint-\u00c9tienne <a href=\"https:\/\/www.estrepublicain.fr\/p\/roland-romeyer\" target=\"_blank\" rel=\"nofollow noopener\">Roland Romeyer<\/a>\u00a0pour harc\u00e8lement et outrages sexistes.\u00a0<\/p>\n<p>Les faits se seraient d\u00e9roul\u00e9s lorsqu&rsquo;il \u00e9tait encore pr\u00e9sident du club st\u00e9phanois, entre 2004 et 2024, avant de laisser les r\u00eanes \u00e0 Ivan Gazidis et au groupe canadien Kilmer Sports Ventures. Un ancien\u00a0collaborateur \u00e9voque des \u00ab\u00a0paroles malheureuses\u00a0\u00bb de l&rsquo;homme de 80 ans qui \u00ab\u00a0g\u00eanaient tout le monde\u00a0\u00bb envers les salari\u00e9es d&rsquo;un prestataire ext\u00e9rieur lors de l&rsquo;inauguration du mus\u00e9e des Verts.\u00a0<\/p>\n<p>\u00ab\u00a0Je tombe des nues\u00a0\u00bb<\/p>\n<p>Dans la foul\u00e9e,\u00a0un audit a \u00e9t\u00e9 lanc\u00e9\u00a0au sein du club o\u00f9 toutes les femmes ont \u00e9t\u00e9 interrog\u00e9es. R\u00e9sultat, en plus des deux plaintes, plusieurs t\u00e9moignages anonymes ont \u00e9t\u00e9 recueillis par les forces de l&rsquo;ordre.\u00a0<\/p>\n<p>De son c\u00f4t\u00e9, l&rsquo;ancien dirigeant\u00a0s&rsquo;est d\u00e9clar\u00e9 \u00ab\u00a0tr\u00e8s surpris d&rsquo;apprendre qu&rsquo;il fait l&rsquo;objet de deux plaintes\u00a0\u00bb puisque \u00ab\u00a0personne ne l&rsquo;a pr\u00e9venu et surtout personne ne l&rsquo;a interrog\u00e9\u00a0\u00bb. Avant d&rsquo;ajouter \u00a0: \u00ab\u00a0Je tombe des nues.\u00a0\u00bb<\/p>\n<p>Enfin, l&rsquo;ASSE a publi\u00e9 un communiqu\u00e9 o\u00f9 condamne \u00ab\u00a0toute forme de violence et de comportement inappropri\u00e9 et laisse la justice suivre son cours\u00a0\u00bb.\u00a0<\/p>\n","protected":false},"excerpt":{"rendered":"Nos confr\u00e8res du Progr\u00e8s ont r\u00e9l\u00e9v\u00e9 que deux femmes avaient d\u00e9pos\u00e9 plainte contre l&rsquo;ancien propri\u00e9taire\u00a0de l&rsquo;AS Saint-\u00c9tienne Roland&hellip;\n","protected":false},"author":2,"featured_media":365907,"comment_status":"","ping_status":"","sticky":false,"template":"","format":"standard","meta":{"footnotes":""},"categories":[9653],"tags":[1111,11,2430,1777,674,274,107,63,1011,27,12,25,4001,517,1947],"class_list":{"0":"post-365906","1":"post","2":"type-post","3":"status-publish","4":"format-standard","5":"has-post-thumbnail","7":"category-saint-etienne","8":"tag-actu","9":"tag-actualites","10":"tag-auvergne-rhone-alpes","11":"tag-eu","12":"tag-europe","13":"tag-faits-divers-justice","14":"tag-fil-info","15":"tag-football","16":"tag-fr","17":"tag-france","18":"tag-news","19":"tag-republique-francaise","20":"tag-saint-etienne","21":"tag-sport","22":"tag-sport-national"},"share_on_mastodon":{"url":"https:\/\/pubeurope.com\/@fr\/115146585749261593","error":""},"_links":{"self":[{"href":"https:\/\/www.europesays.com\/fr\/wp-json\/wp\/v2\/posts\/365906","targetHints":{"allow":["GET"]}}],"collection":[{"href":"https:\/\/www.europesays.com\/fr\/wp-json\/wp\/v2\/posts"}],"about":[{"href":"https:\/\/www.europesays.com\/fr\/wp-json\/wp\/v2\/types\/post"}],"author":[{"embeddable":true,"href":"https:\/\/www.europesays.com\/fr\/wp-json\/wp\/v2\/users\/2"}],"replies":[{"embeddable":true,"href":"https:\/\/www.europesays.com\/fr\/wp-json\/wp\/v2\/comments?post=365906"}],"version-history":[{"count":0,"href":"https:\/\/www.europesays.com\/fr\/wp-json\/wp\/v2\/posts\/365906\/revisions"}],"wp:featuredmedia":[{"embeddable":true,"href":"https:\/\/www.europesays.com\/fr\/wp-json\/wp\/v2\/media\/365907"}],"wp:attachment":[{"href":"https:\/\/www.europesays.com\/fr\/wp-json\/wp\/v2\/media?parent=365906"}],"wp:term":[{"taxonomy":"category","embeddable":true,"href":"https:\/\/www.europesays.com\/fr\/wp-json\/wp\/v2\/categories?post=365906"},{"taxonomy":"post_tag","embeddable":true,"href":"https:\/\/www.europesays.com\/fr\/wp-json\/wp\/v2\/tags?post=365906"}],"curies":[{"name":"wp","href":"https:\/\/api.w.org\/{rel}","templated":true}]}}