{"id":365910,"date":"2025-09-04T14:51:12","date_gmt":"2025-09-04T14:51:12","guid":{"rendered":"https:\/\/www.europesays.com\/fr\/365910\/"},"modified":"2025-09-04T14:51:12","modified_gmt":"2025-09-04T14:51:12","slug":"jack-et-nancy-les-plus-belles-histoires-de-quentin-blake","status":"publish","type":"post","link":"https:\/\/www.europesays.com\/fr\/365910\/","title":{"rendered":"Jack et Nancy, Les plus belles histoires de Quentin Blake"},"content":{"rendered":"<p>            Un dessin anim\u00e9 compos\u00e9 de deux \u00e9pisodes courts, adapt\u00e9s aux jeunes enfants<\/p>\n<p><b>Jack et Nancy<\/b> (26 minutes): Jack et Nancy, deux enfants passionn\u00e9s de r\u00e9cits de voyage, sont un jour emport\u00e9s par le vent, suspendus \u00e0 un parapluie magique. Ils d\u00e9barquent sur une \u00eele lointaine o\u00f9 ils vont faire de merveilleuses d\u00e9couvertes. Mais bient\u00f4t, leur lit douillet, leurs parents et leur maison leur manquent\u2026 Serait-il temps de rentrer?<\/p>\n<p><b>Petit Chou<\/b> (26 minutes): Ang\u00e8le, une charmante mamie \u00e9prise de jardinage et de p\u00e2tisserie, trouve un jour un oisillon tomb\u00e9 du ciel. Elle le recueille, lui fabrique un nid douillet, le dorlote avec amour. Mais Petit Chou grandit, grandit, et il n&rsquo;a plus assez de place dans son nid\u2026\u00a0<\/p>\n<ul>\n<li>Dur\u00e9e: 52 minutes<\/li>\n<li>Age minimum conseill\u00e9: \u00e0 partir de 4 ans<\/li>\n<li>R\u00e9alisation: Gerrit Bekers, Massimo Fenati<\/li>\n<li>Avec la voix d&rsquo;Alexandra Lamy<\/li>\n<\/ul>\n<p>            Qui est Quentin Blake?<\/p>\n<p>Quentin Blake est un illustrateur britannique n\u00e9 en 1932, particuli\u00e8rement c\u00e9l\u00e8bre pour son lien avec Roald Dahl, dont il a illustr\u00e9 de nombreuses \u0153uvres (Matilda, Le Bon Gros G\u00e9ant, Charlie et la Chocolaterie, James et la grosse p\u00eache, Sacr\u00e9es Sorci\u00e8res..).<\/p>\n<p>Quentin Blake a \u00e9galement \u00e9crit et illustr\u00e9 ses propres album, comme Clown, Zagazou, Les Cacato\u00e8s ou encore Armeline Fourchedrue. Il y d\u00e9ploie son style joyeux (qui n&rsquo;est pas sans rappeler Semp\u00e9), avec un trait \u00e0 l&rsquo;encre rapide et expressif, une mise en couleur l\u00e9g\u00e8re, r\u00e9alis\u00e9e \u00e0 l&rsquo;aquarelle. Ses personnages sont pleins de vie et attachants, tout comme ses histoires m\u00ealant po\u00e9sie et fantaisie.<\/p>\n","protected":false},"excerpt":{"rendered":"Un dessin anim\u00e9 compos\u00e9 de deux \u00e9pisodes courts, adapt\u00e9s aux jeunes enfants Jack et Nancy (26 minutes): Jack&hellip;\n","protected":false},"author":2,"featured_media":365911,"comment_status":"","ping_status":"","sticky":false,"template":"","format":"standard","meta":{"footnotes":""},"categories":[9635],"tags":[1111,11,1777,674,1011,27,775,1702,12,25],"class_list":{"0":"post-365910","1":"post","2":"type-post","3":"status-publish","4":"format-standard","5":"has-post-thumbnail","7":"category-nancy","8":"tag-actu","9":"tag-actualites","10":"tag-eu","11":"tag-europe","12":"tag-fr","13":"tag-france","14":"tag-grand-est","15":"tag-nancy","16":"tag-news","17":"tag-republique-francaise"},"share_on_mastodon":{"url":"https:\/\/pubeurope.com\/@fr\/115146593654916968","error":""},"_links":{"self":[{"href":"https:\/\/www.europesays.com\/fr\/wp-json\/wp\/v2\/posts\/365910","targetHints":{"allow":["GET"]}}],"collection":[{"href":"https:\/\/www.europesays.com\/fr\/wp-json\/wp\/v2\/posts"}],"about":[{"href":"https:\/\/www.europesays.com\/fr\/wp-json\/wp\/v2\/types\/post"}],"author":[{"embeddable":true,"href":"https:\/\/www.europesays.com\/fr\/wp-json\/wp\/v2\/users\/2"}],"replies":[{"embeddable":true,"href":"https:\/\/www.europesays.com\/fr\/wp-json\/wp\/v2\/comments?post=365910"}],"version-history":[{"count":0,"href":"https:\/\/www.europesays.com\/fr\/wp-json\/wp\/v2\/posts\/365910\/revisions"}],"wp:featuredmedia":[{"embeddable":true,"href":"https:\/\/www.europesays.com\/fr\/wp-json\/wp\/v2\/media\/365911"}],"wp:attachment":[{"href":"https:\/\/www.europesays.com\/fr\/wp-json\/wp\/v2\/media?parent=365910"}],"wp:term":[{"taxonomy":"category","embeddable":true,"href":"https:\/\/www.europesays.com\/fr\/wp-json\/wp\/v2\/categories?post=365910"},{"taxonomy":"post_tag","embeddable":true,"href":"https:\/\/www.europesays.com\/fr\/wp-json\/wp\/v2\/tags?post=365910"}],"curies":[{"name":"wp","href":"https:\/\/api.w.org\/{rel}","templated":true}]}}