{"id":365912,"date":"2025-09-04T14:52:15","date_gmt":"2025-09-04T14:52:15","guid":{"rendered":"https:\/\/www.europesays.com\/fr\/365912\/"},"modified":"2025-09-04T14:52:15","modified_gmt":"2025-09-04T14:52:15","slug":"les-plages-de-la-commune-six-fours-interdites-a-la-baignade-en-raison-de-la-mauvaise-qualite-de-leau-ce-jeudi","status":"publish","type":"post","link":"https:\/\/www.europesays.com\/fr\/365912\/","title":{"rendered":"Les plages de la commune Six-Fours interdites \u00e0 la baignade en raison de la mauvaise qualit\u00e9 de l&rsquo;eau ce jeudi"},"content":{"rendered":"<p>Mauvaise nouvelle pour ceux qui ont encore la possibilit\u00e9 de profiter du sable et des bains de mer. Suite aux <strong>intemp\u00e9ries<\/strong> survenues en d\u00e9but de semaine, la Ville fait savoir que les r\u00e9sultats des analyses de la <strong>qualit\u00e9 de l\u2019eau<\/strong> se sont av\u00e9r\u00e9es <strong>mauvaises<\/strong>.<\/p>\n<p>En cons\u00e9quence, la municipalit\u00e9 a pris la d\u00e9cision <strong>d\u2019interdire \u00e0 la baignade<\/strong> l\u2019ensemble de son littoral.\u00a0<\/p>\n<p><strong>Ferm\u00e9es jusqu&rsquo;\u00e0 nouvel ordre<\/strong><\/p>\n<p>Les plages de Bonnegr\u00e2ce, des Roches brunes, du Cros, de la Coudouli\u00e8re et des Charmettes sont donc ferm\u00e9es ce jeudi.<\/p>\n<p>Elles le resteront <strong>jusqu\u2019\u00e0 \u00ab\u00a0nouvel ordre\u00a0\u00bb<\/strong>, indique la Ville qui pr\u00e9cise \u00eatre dans l\u2019attente des r\u00e9sultats de nouvelles analyses.<\/p>\n","protected":false},"excerpt":{"rendered":"Mauvaise nouvelle pour ceux qui ont encore la possibilit\u00e9 de profiter du sable et des bains de mer.&hellip;\n","protected":false},"author":2,"featured_media":365913,"comment_status":"","ping_status":"","sticky":false,"template":"","format":"standard","meta":{"footnotes":""},"categories":[9619],"tags":[1111,11,1777,674,1011,27,12,882,25,2310,3366],"class_list":{"0":"post-365912","1":"post","2":"type-post","3":"status-publish","4":"format-standard","5":"has-post-thumbnail","7":"category-toulon","8":"tag-actu","9":"tag-actualites","10":"tag-eu","11":"tag-europe","12":"tag-fr","13":"tag-france","14":"tag-news","15":"tag-provence-alpes-cote-dazur","16":"tag-republique-francaise","17":"tag-toulon","18":"tag-vie-locale"},"share_on_mastodon":{"url":"https:\/\/pubeurope.com\/@fr\/115146597619899544","error":""},"_links":{"self":[{"href":"https:\/\/www.europesays.com\/fr\/wp-json\/wp\/v2\/posts\/365912","targetHints":{"allow":["GET"]}}],"collection":[{"href":"https:\/\/www.europesays.com\/fr\/wp-json\/wp\/v2\/posts"}],"about":[{"href":"https:\/\/www.europesays.com\/fr\/wp-json\/wp\/v2\/types\/post"}],"author":[{"embeddable":true,"href":"https:\/\/www.europesays.com\/fr\/wp-json\/wp\/v2\/users\/2"}],"replies":[{"embeddable":true,"href":"https:\/\/www.europesays.com\/fr\/wp-json\/wp\/v2\/comments?post=365912"}],"version-history":[{"count":0,"href":"https:\/\/www.europesays.com\/fr\/wp-json\/wp\/v2\/posts\/365912\/revisions"}],"wp:featuredmedia":[{"embeddable":true,"href":"https:\/\/www.europesays.com\/fr\/wp-json\/wp\/v2\/media\/365913"}],"wp:attachment":[{"href":"https:\/\/www.europesays.com\/fr\/wp-json\/wp\/v2\/media?parent=365912"}],"wp:term":[{"taxonomy":"category","embeddable":true,"href":"https:\/\/www.europesays.com\/fr\/wp-json\/wp\/v2\/categories?post=365912"},{"taxonomy":"post_tag","embeddable":true,"href":"https:\/\/www.europesays.com\/fr\/wp-json\/wp\/v2\/tags?post=365912"}],"curies":[{"name":"wp","href":"https:\/\/api.w.org\/{rel}","templated":true}]}}