{"id":365916,"date":"2025-09-04T14:54:10","date_gmt":"2025-09-04T14:54:10","guid":{"rendered":"https:\/\/www.europesays.com\/fr\/365916\/"},"modified":"2025-09-04T14:54:10","modified_gmt":"2025-09-04T14:54:10","slug":"juvignac-inaugure-son-nouveau-college","status":"publish","type":"post","link":"https:\/\/www.europesays.com\/fr\/365916\/","title":{"rendered":"Juvignac inaugure son nouveau coll\u00e8ge"},"content":{"rendered":"<p>\t\t\t\t\t\t\t\tTout pr\u00e8s du terminus du tram<\/p>\n<p>La ville de Juvignac inaugure aujourd\u2019hui son tout nouveau coll\u00e8ge, un \u00e9tablissement moderne et \u00e9coresponsable, tr\u00e8s attendu pour faire face \u00e0 la croissance d\u00e9mographique de l\u2019ouest montpelli\u00e9rain. Le coll\u00e8ge, est con\u00e7u pour accueillir \u00e0 terme jusqu\u2019\u00e0 700 \u00e9l\u00e8ves. D\u00e8s la premi\u00e8re ann\u00e9e, <strong>435 \u00e9l\u00e8ves<\/strong> de 6e, 5e 4e et 3\u00e8me ont fait leur rentr\u00e9e, r\u00e9partis dans 29 classes.<\/p>\n<p>Financ\u00e9 par le D\u00e9partement de l\u2019H\u00e9rault<\/p>\n<p>Cet \u00e9tablissement est un mod\u00e8le en mati\u00e8re de construction durable. Il est b\u00e2ti avec des <b>mat\u00e9riaux biosourc\u00e9s<\/b> et locaux et vise une faible consommation \u00e9nerg\u00e9tique, avec une certification \u00ab B\u00e2timent durable Occitanie \u00bbr.<\/p>\n<p>Sur le plan p\u00e9dagogique, il proposera des installations de pointe, avec des <b>classes modulables<\/b> et un <b>\u00e9quipement num\u00e9rique complet<\/b> (tableaux interactifs, classes mobiles, web radio et TV). Des options comme le latin, l\u2019occitan et une classe bilangue anglais-espagnol seront \u00e9galement offertes.<\/p>\n<p>L\u2019\u00e9tablissement b\u00e9n\u00e9ficie d\u2019un plateau sportif de 800 m\u00b2 avec un terrain de sport et une piste de course. L\u2019inauguration de ce coll\u00e8ge marque une \u00e9tape majeure dans le d\u00e9veloppement de l\u2019offre \u00e9ducative sur le territoire.<\/p>\n<blockquote class=\"twitter-tweet\" data-media-max-width=\"560\">\n<p dir=\"ltr\" lang=\"fr\">Le nouveau coll\u00e8ge de Juvignac inaugur\u00e9 dans le quartier des constellations \ud83d\udc69\u200d\ud83c\udf93 435 \u00e9l\u00e8ves pour 29 salles \u2600\ufe0f<a href=\"https:\/\/twitter.com\/hashtag\/Montpellier?src=hash&amp;ref_src=twsrc%5Etfw\" rel=\"nofollow noopener\" target=\"_blank\">#Montpellier<\/a> <a href=\"https:\/\/twitter.com\/Heraultinfos?ref_src=twsrc%5Etfw\" rel=\"nofollow noopener\" target=\"_blank\">@Heraultinfos<\/a> <a href=\"https:\/\/twitter.com\/kmesquida?ref_src=twsrc%5Etfw\" rel=\"nofollow noopener\" target=\"_blank\">@kmesquida<\/a> <a href=\"https:\/\/t.co\/5WteXG83Yx\" rel=\"nofollow\">pic.twitter.com\/5WteXG83Yx<\/a><\/p>\n<p>\u2014 Claap Montpellier \ud83d\ude03 (@claapfr) <a href=\"https:\/\/twitter.com\/claapfr\/status\/1963598547850330552?ref_src=twsrc%5Etfw\" rel=\"nofollow noopener\" target=\"_blank\">September 4, 2025<\/a><\/p>\n<\/blockquote>\n<p>\t\t\t\t\t\t\t\t\t\t\t\t\t\t\t<script async src=\"https:\/\/platform.twitter.com\/widgets.js\" charset=\"utf-8\"><\/script><\/p>\n","protected":false},"excerpt":{"rendered":"Tout pr\u00e8s du terminus du tram La ville de Juvignac inaugure aujourd\u2019hui son tout nouveau coll\u00e8ge, un \u00e9tablissement&hellip;\n","protected":false},"author":2,"featured_media":365917,"comment_status":"","ping_status":"","sticky":false,"template":"","format":"standard","meta":{"footnotes":""},"categories":[9599],"tags":[1111,11,1777,674,1011,27,2208,12,2680,25],"class_list":{"0":"post-365916","1":"post","2":"type-post","3":"status-publish","4":"format-standard","5":"has-post-thumbnail","7":"category-montpellier","8":"tag-actu","9":"tag-actualites","10":"tag-eu","11":"tag-europe","12":"tag-fr","13":"tag-france","14":"tag-montpellier","15":"tag-news","16":"tag-occitanie","17":"tag-republique-francaise"},"share_on_mastodon":{"url":"https:\/\/pubeurope.com\/@fr\/115146605541398873","error":""},"_links":{"self":[{"href":"https:\/\/www.europesays.com\/fr\/wp-json\/wp\/v2\/posts\/365916","targetHints":{"allow":["GET"]}}],"collection":[{"href":"https:\/\/www.europesays.com\/fr\/wp-json\/wp\/v2\/posts"}],"about":[{"href":"https:\/\/www.europesays.com\/fr\/wp-json\/wp\/v2\/types\/post"}],"author":[{"embeddable":true,"href":"https:\/\/www.europesays.com\/fr\/wp-json\/wp\/v2\/users\/2"}],"replies":[{"embeddable":true,"href":"https:\/\/www.europesays.com\/fr\/wp-json\/wp\/v2\/comments?post=365916"}],"version-history":[{"count":0,"href":"https:\/\/www.europesays.com\/fr\/wp-json\/wp\/v2\/posts\/365916\/revisions"}],"wp:featuredmedia":[{"embeddable":true,"href":"https:\/\/www.europesays.com\/fr\/wp-json\/wp\/v2\/media\/365917"}],"wp:attachment":[{"href":"https:\/\/www.europesays.com\/fr\/wp-json\/wp\/v2\/media?parent=365916"}],"wp:term":[{"taxonomy":"category","embeddable":true,"href":"https:\/\/www.europesays.com\/fr\/wp-json\/wp\/v2\/categories?post=365916"},{"taxonomy":"post_tag","embeddable":true,"href":"https:\/\/www.europesays.com\/fr\/wp-json\/wp\/v2\/tags?post=365916"}],"curies":[{"name":"wp","href":"https:\/\/api.w.org\/{rel}","templated":true}]}}