{"id":365918,"date":"2025-09-04T14:55:14","date_gmt":"2025-09-04T14:55:14","guid":{"rendered":"https:\/\/www.europesays.com\/fr\/365918\/"},"modified":"2025-09-04T14:55:14","modified_gmt":"2025-09-04T14:55:14","slug":"un-nouveau-marche-alimentaire-bientot-inaugure","status":"publish","type":"post","link":"https:\/\/www.europesays.com\/fr\/365918\/","title":{"rendered":"un nouveau march\u00e9 alimentaire bient\u00f4t inaugur\u00e9"},"content":{"rendered":"<p>\nUn nouveau \u00ab\u00a0march\u00e9 paysan\u00a0\u00bb alimentaire fait son apparition \u00e0 Montpellier.<\/p>\n<p>\n\u00a9 Illustration, fruits et l\u00e9gumes. Un nouveau march\u00e9 \u00e0 Montpellier.<\/p>\n<p><a data-no-instant=\"1\" href=\"https:\/\/www.gard.fr\/information\/actualites\/rentree-2025-2026-le-conseil-departemental-sengage-pour-la-jeunesse\" rel=\"noopener nofollow\" class=\"a2t-link\" aria-label=\"DEP30-2025-CAMPAGNE-JEUNESSE-RENTREE-1220x260px\" target=\"_blank\"><img decoding=\"async\" src=\"https:\/\/www.europesays.com\/fr\/wp-content\/uploads\/2025\/09\/1756971854_97_DEP30-2025-CAMPAGNE-JEUNESSE-RENTREE-1220x260px.gif\" alt=\"\"\/><\/a><\/p>\n<p>Samedi 6 septembre 2025 \u00e0 11h, <strong>esplanade Gabriel Michel <\/strong>\u00e0 <a href=\"https:\/\/infoccitanie.fr\/tag\/montpellier\/\" rel=\"nofollow noopener\" target=\"_blank\">Montpellier, <\/a>le nouveau \u00ab\u00a0march\u00e9 alimentaire paysan\u00a0\u00bb sera inaugur\u00e9, <strong>quartier Mill\u00e9naire.<\/strong> La Ville de Montpellier indique ce propos : \u00ab\u00a0Un march\u00e9 100% alimentaire, avec des producteurs locaux pour valoriser les circuits courts et proposer des produits frais et de qualit\u00e9. Rendez-vous ensuite tous les <strong>samedis de 8h \u00e0 13h<\/strong>, au m\u00eame endroit\u00a0\u00bb.  Il rejoindra notamment le march\u00e9 paysan d\u2019Antigone, celui d\u2019Agropolis ou des Aubes. La liste des halles et march\u00e9s paysans dans la M\u00e9tropole de Montpellier : <a href=\"https:\/\/www.montpellier-tourisme.fr\/decouvrir\/vins-et-gastronomie\/ou-faire-son-marche\/halles-et-marches-a-montpellier\/\" target=\"_blank\" rel=\"nofollow noopener\">cliquez ici. <\/a><\/p>\n<p><a data-no-instant=\"1\" href=\"https:\/\/www.lio-occitanie.fr\/titres-et-tarifs\/\" rel=\"noopener nofollow\" class=\"a2t-link\" aria-label=\"2915-lio-sncf-2025\" target=\"_blank\"><img decoding=\"async\" src=\"https:\/\/www.europesays.com\/fr\/wp-content\/uploads\/2025\/08\/2915-lio-sncf-2025.png\" alt=\"\"  \/><\/a><\/p>\n","protected":false},"excerpt":{"rendered":"Un nouveau \u00ab\u00a0march\u00e9 paysan\u00a0\u00bb alimentaire fait son apparition \u00e0 Montpellier. \u00a9 Illustration, fruits et l\u00e9gumes. Un nouveau march\u00e9&hellip;\n","protected":false},"author":2,"featured_media":365919,"comment_status":"","ping_status":"","sticky":false,"template":"","format":"standard","meta":{"footnotes":""},"categories":[9599],"tags":[1111,11,1777,674,1011,27,2208,12,2680,25],"class_list":{"0":"post-365918","1":"post","2":"type-post","3":"status-publish","4":"format-standard","5":"has-post-thumbnail","7":"category-montpellier","8":"tag-actu","9":"tag-actualites","10":"tag-eu","11":"tag-europe","12":"tag-fr","13":"tag-france","14":"tag-montpellier","15":"tag-news","16":"tag-occitanie","17":"tag-republique-francaise"},"share_on_mastodon":{"url":"https:\/\/pubeurope.com\/@fr\/115146609866739857","error":""},"_links":{"self":[{"href":"https:\/\/www.europesays.com\/fr\/wp-json\/wp\/v2\/posts\/365918","targetHints":{"allow":["GET"]}}],"collection":[{"href":"https:\/\/www.europesays.com\/fr\/wp-json\/wp\/v2\/posts"}],"about":[{"href":"https:\/\/www.europesays.com\/fr\/wp-json\/wp\/v2\/types\/post"}],"author":[{"embeddable":true,"href":"https:\/\/www.europesays.com\/fr\/wp-json\/wp\/v2\/users\/2"}],"replies":[{"embeddable":true,"href":"https:\/\/www.europesays.com\/fr\/wp-json\/wp\/v2\/comments?post=365918"}],"version-history":[{"count":0,"href":"https:\/\/www.europesays.com\/fr\/wp-json\/wp\/v2\/posts\/365918\/revisions"}],"wp:featuredmedia":[{"embeddable":true,"href":"https:\/\/www.europesays.com\/fr\/wp-json\/wp\/v2\/media\/365919"}],"wp:attachment":[{"href":"https:\/\/www.europesays.com\/fr\/wp-json\/wp\/v2\/media?parent=365918"}],"wp:term":[{"taxonomy":"category","embeddable":true,"href":"https:\/\/www.europesays.com\/fr\/wp-json\/wp\/v2\/categories?post=365918"},{"taxonomy":"post_tag","embeddable":true,"href":"https:\/\/www.europesays.com\/fr\/wp-json\/wp\/v2\/tags?post=365918"}],"curies":[{"name":"wp","href":"https:\/\/api.w.org\/{rel}","templated":true}]}}