{"id":365920,"date":"2025-09-04T15:00:29","date_gmt":"2025-09-04T15:00:29","guid":{"rendered":"https:\/\/www.europesays.com\/fr\/365920\/"},"modified":"2025-09-04T15:00:29","modified_gmt":"2025-09-04T15:00:29","slug":"voici-les-secteurs-concernes-en-isere","status":"publish","type":"post","link":"https:\/\/www.europesays.com\/fr\/365920\/","title":{"rendered":"voici les secteurs concern\u00e9s en Is\u00e8re"},"content":{"rendered":"<p>            Par<br \/>\n        <strong><br \/>\n            <a href=\"https:\/\/actu.fr\/auteur\/lisa-rodrigues\" title=\"Consulter tous les articles de Lisa Rodrigues\" target=\"_blank\" rel=\"noopener\">Lisa Rodrigues<\/a><br \/>\n        <\/strong><\/p>\n<p>        Publi\u00e9 le<\/p>\n<p>            4 sept. 2025 \u00e0 10h02        <\/p>\n<p>M\u00e9t\u00e9o-France a pass\u00e9 l\u2019<a href=\"https:\/\/actu.fr\/auvergne-rhone-alpes\/isere_38\" target=\"_blank\" rel=\"noopener\">Is\u00e8re<\/a> en <strong>vigilance orange pour les orages<\/strong>, jeudi 4 septembre, aux c\u00f4t\u00e9s de la Dr\u00f4me et de l\u2019Ard\u00e8che. Une <a href=\"https:\/\/actu.fr\/auvergne-rhone-alpes\/grenoble_38185\/isere-de-violents-orages-de-grele-annonces-par-meteo-france-voici-ou-ils-vont-frapper_63112084.html\" target=\"_blank\" rel=\"noopener\">d\u00e9gradation orageuse potentiellement violente<\/a> doit traverser le sud-est du pays dans l\u2019apr\u00e8s-midi.<\/p>\n<p class=\" wall-content\">D\u00e9j\u00e0 dans la nuit, des orages se sont d\u00e9clench\u00e9s dans certains secteurs, \u00ab\u00a0pr\u00e9mices de la d\u00e9gradation de ce jeudi apr\u00e8s-midi\u00a0\u00bb, explique <a href=\"https:\/\/actu.fr\/tag\/meteo-france\" target=\"_blank\" rel=\"noopener\">M\u00e9t\u00e9o-France<\/a> dans son dernier bulletin. \u00ab\u00a0Ces orages risquent \u00e9galement d\u2019occasionner de fortes rafales de vent, de l\u2019ordre de 80 \u00e0 100 km\/h localement. De la <strong>gr\u00eale<\/strong> petite \u00e0 moyenne est \u00e9galement possible.\u00a0\u00bb<\/p>\n<p>Le pic des orages attendu jeudi apr\u00e8s-midi<\/p>\n<p class=\" wall-content\">Pour le d\u00e9but de journ\u00e9e, des perturbations orageuses avec localement de la gr\u00eale sont annonc\u00e9s au nord du d\u00e9partement. <a href=\"https:\/\/www.facebook.com\/meteocentreisere\" target=\"_blank\" rel=\"noopener\">M\u00e9t\u00e9o Centre-Is\u00e8re<\/a> d\u00e9taille l\u2019avanc\u00e9e pr\u00e9vue de ces orages.<\/p>\n<p>    <a href=\"https:\/\/www.facebook.com\/plugins\/post.php?href=https%3A%2F%2Fwww.facebook.com%2Fmeteocentreisere%2Fposts%2Fpfbid0bvpPHNadpv6ozPPKKYSEFzbWGes3WJRAmb8HVyifEURSYxyzHhodVtQenm1cg8zSl&amp;show_text=true&amp;width=350\" title=\"Ouvrie le lien\" target=\"_blank\" rel=\"noopener\">Cliquez ici pour visualiser le contenu<\/a><\/p>\n<p class=\" wall-content\">\u00ab\u00a0\u00c0 partir de la mi-journ\u00e9e et en d\u00e9but d\u2019apr\u00e8s-midi, des orages se forment et se renforcent autour de la Vall\u00e9e du Rh\u00f4ne\u00a0\u00bb, avant de balayer une large zone des Terres Froides au Vercors en passant par la Bi\u00e8vre \u00ab\u00a0d\u2019ici 15-16 heures\u00a0\u00bb.<\/p>\n<p class=\" wall-content\">Ce n\u2019est <strong>qu\u2019entre 16 heures et 18 heures<\/strong> que la d\u00e9gradation orageuse est attendue sur la r\u00e9gion de <a href=\"https:\/\/actu.fr\/auvergne-rhone-alpes\/grenoble_38185\" target=\"_blank\" rel=\"noopener\">Grenoble<\/a>, le Gr\u00e9sivaudan et l\u2019Oisans.<\/p>\n<p class=\" wall-content\">\u00ab\u00a0Les orages quitteront le d\u00e9partement par l\u2019Est en soir\u00e9e, autour de 20-22h\u00a0\u00bb, pr\u00e9cise M\u00e9t\u00e9o Centre-Is\u00e8re.<\/p>\n<p>Votre r\u00e9gion, votre actu !<\/p>\n<p>Recevez chaque jour les infos qui comptent pour vous.<\/p>\n<p>\t<a href=\"https:\/\/actu.fr\/newsletter\" class=\"ac-btn ac-btn--corner ac-btn--medium ac-btn--blue800\" target=\"_blank\" rel=\"noopener\">S&rsquo;incrire<\/a><\/p>\n<p class=\" wall-content\">\n<p>Une vigilance pluie-inondation \u00e9galement activ\u00e9e<\/p>\n<p class=\" wall-content\">Dans le d\u00e9tail, la vigilance orange de M\u00e9t\u00e9o-France pour les orages ne concerne, ce jeudi matin, qu\u2019une plage horaire de 14 heures \u00e0 18 heures.<\/p>\n<p class=\" wall-content\">Une <strong>vigilance jaune pluie-inondation<\/strong> est aussi en vigueur de 14 heures \u00e0 21 heures sur l\u2019Is\u00e8re, en raison \u00ab\u00a0de fortes intensit\u00e9s de pluie\u00a0\u00bb attendues, \u00ab\u00a0jusqu\u2019\u00e0 20 \u00e0 40 mm en moins d\u2019une heure\u00a0\u00bb et localement entre 50 et 80 mm, pouvant \u00ab\u00a0conduire \u00e0 des probl\u00e8mes de ruissellement\u00a0\u00bb.<\/p>\n<p class=\" wall-content\">Personnalisez votre actualit\u00e9 en ajoutant vos villes et m\u00e9dias en favori avec <a href=\"https:\/\/moncompte.actu.fr\" title=\"D\u00e9couvez Mon Actu\" rel=\"nofollow noopener\" data-trk=\"{&quot;cta&quot;:{&quot;action&quot;:&quot;https:\\\/\\\/moncompte.actu.fr&quot;,&quot;category&quot;:&quot;mon compte&quot;,&quot;from&quot;:&quot;article footer&quot;,&quot;name&quot;:&quot;Mon actu&quot;,&quot;type&quot;:&quot;cta&quot;}}\" target=\"_blank\">Mon Actu<\/a>.<\/p>\n","protected":false},"excerpt":{"rendered":"Par Lisa Rodrigues Publi\u00e9 le 4 sept. 2025 \u00e0 10h02 M\u00e9t\u00e9o-France a pass\u00e9 l\u2019Is\u00e8re en vigilance orange pour&hellip;\n","protected":false},"author":2,"featured_media":365921,"comment_status":"","ping_status":"","sticky":false,"template":"","format":"standard","meta":{"footnotes":""},"categories":[9566],"tags":[1111,11,2430,1777,674,1011,27,2731,2487,2357,12,4594,25],"class_list":{"0":"post-365920","1":"post","2":"type-post","3":"status-publish","4":"format-standard","5":"has-post-thumbnail","7":"category-grenoble","8":"tag-actu","9":"tag-actualites","10":"tag-auvergne-rhone-alpes","11":"tag-eu","12":"tag-europe","13":"tag-fr","14":"tag-france","15":"tag-grenoble","16":"tag-meteo","17":"tag-meteo-france","18":"tag-news","19":"tag-orages","20":"tag-republique-francaise"},"share_on_mastodon":{"url":"https:\/\/pubeurope.com\/@fr\/115146629045620667","error":""},"_links":{"self":[{"href":"https:\/\/www.europesays.com\/fr\/wp-json\/wp\/v2\/posts\/365920","targetHints":{"allow":["GET"]}}],"collection":[{"href":"https:\/\/www.europesays.com\/fr\/wp-json\/wp\/v2\/posts"}],"about":[{"href":"https:\/\/www.europesays.com\/fr\/wp-json\/wp\/v2\/types\/post"}],"author":[{"embeddable":true,"href":"https:\/\/www.europesays.com\/fr\/wp-json\/wp\/v2\/users\/2"}],"replies":[{"embeddable":true,"href":"https:\/\/www.europesays.com\/fr\/wp-json\/wp\/v2\/comments?post=365920"}],"version-history":[{"count":0,"href":"https:\/\/www.europesays.com\/fr\/wp-json\/wp\/v2\/posts\/365920\/revisions"}],"wp:featuredmedia":[{"embeddable":true,"href":"https:\/\/www.europesays.com\/fr\/wp-json\/wp\/v2\/media\/365921"}],"wp:attachment":[{"href":"https:\/\/www.europesays.com\/fr\/wp-json\/wp\/v2\/media?parent=365920"}],"wp:term":[{"taxonomy":"category","embeddable":true,"href":"https:\/\/www.europesays.com\/fr\/wp-json\/wp\/v2\/categories?post=365920"},{"taxonomy":"post_tag","embeddable":true,"href":"https:\/\/www.europesays.com\/fr\/wp-json\/wp\/v2\/tags?post=365920"}],"curies":[{"name":"wp","href":"https:\/\/api.w.org\/{rel}","templated":true}]}}