{"id":365922,"date":"2025-09-04T15:01:10","date_gmt":"2025-09-04T15:01:10","guid":{"rendered":"https:\/\/www.europesays.com\/fr\/365922\/"},"modified":"2025-09-04T15:01:10","modified_gmt":"2025-09-04T15:01:10","slug":"deux-hommes-interpelles-et-places-en-garde-a-vue-a-grenoble-dans-le-cadre-de-lenquete-sur-la-violente-agression-dun-boulanger-lundi-matin-grievement-blesse-a-larme-blanche-video","status":"publish","type":"post","link":"https:\/\/www.europesays.com\/fr\/365922\/","title":{"rendered":"Deux hommes interpell\u00e9s et plac\u00e9s en garde \u00e0 vue \u00e0 Grenoble dans le cadre de l&rsquo;enqu\u00eate sur la violente agression d&rsquo;un boulanger lundi matin, gri\u00e8vement bless\u00e9 \u00e0 l&rsquo;arme blanche &#8211; VIDEO"},"content":{"rendered":"<p>Deux hommes ont \u00e9t\u00e9 interpell\u00e9s \u00e0 Grenoble dans le cadre de l&rsquo;enqu\u00eate sur l&rsquo;agression lundi d&rsquo;un boulanger, gri\u00e8vement bless\u00e9 \u00e0 l&rsquo;arme blanche, a-t-on appris de source proche du dossier. Les deux suspects ont \u00e9t\u00e9 plac\u00e9s en garde \u00e0 vue, selon la m\u00eame source, confirmant une information du quotidien r\u00e9gional Le Dauphin\u00e9 Lib\u00e9r\u00e9 .<\/p>\n<p>Vers 4h30 lundi \u00e0 Grenoble, le jeune boulanger \u00e2g\u00e9 de 26 ans avait refus\u00e9 de donner du pain \u00e0 trois personnes venues lui en r\u00e9clamer \u00e0 l&rsquo;arri\u00e8re de la boutique qui n&rsquo;\u00e9tait pas encore ouverte \u00e0 cette heure.<\/p>\n<p>En d\u00e9pit du refus, les trois personnes avaient pris des miches de pain, provoquant une r\u00e9action du boulanger qui s&rsquo;\u00e9tait empar\u00e9 de sa pelle \u00e0 pain pour sortir de la boutique et \u00abessayer de les dissuader de voler\u00bb, avait indiqu\u00e9 lundi le parquet de Grenoble.<\/p>\n<p>Le jeune homme avait alors \u00e9t\u00e9 \u00abceintur\u00e9\u00bb et \u00abfrapp\u00e9\u00bb avec une arme blanche par ses assaillants qui avaient ensuite pris la fuite avec le pain. Bless\u00e9 au thorax et au ventre, le boulanger avait \u00e9t\u00e9 hospitalis\u00e9 avec son pronostic vital un temps engag\u00e9. Il \u00e9tait depuis sorti de l&rsquo;h\u00f4pital.<\/p>\n","protected":false},"excerpt":{"rendered":"Deux hommes ont \u00e9t\u00e9 interpell\u00e9s \u00e0 Grenoble dans le cadre de l&rsquo;enqu\u00eate sur l&rsquo;agression lundi d&rsquo;un boulanger, gri\u00e8vement&hellip;\n","protected":false},"author":2,"featured_media":365923,"comment_status":"","ping_status":"","sticky":false,"template":"","format":"standard","meta":{"footnotes":""},"categories":[9566],"tags":[1111,11,9405,2430,6247,5264,1777,674,1011,27,2731,12,25],"class_list":{"0":"post-365922","1":"post","2":"type-post","3":"status-publish","4":"format-standard","5":"has-post-thumbnail","7":"category-grenoble","8":"tag-actu","9":"tag-actualites","10":"tag-arme-blanche","11":"tag-auvergne-rhone-alpes","12":"tag-boulanger","13":"tag-couteau","14":"tag-eu","15":"tag-europe","16":"tag-fr","17":"tag-france","18":"tag-grenoble","19":"tag-news","20":"tag-republique-francaise"},"share_on_mastodon":{"url":"https:\/\/pubeurope.com\/@fr\/115146633035660758","error":""},"_links":{"self":[{"href":"https:\/\/www.europesays.com\/fr\/wp-json\/wp\/v2\/posts\/365922","targetHints":{"allow":["GET"]}}],"collection":[{"href":"https:\/\/www.europesays.com\/fr\/wp-json\/wp\/v2\/posts"}],"about":[{"href":"https:\/\/www.europesays.com\/fr\/wp-json\/wp\/v2\/types\/post"}],"author":[{"embeddable":true,"href":"https:\/\/www.europesays.com\/fr\/wp-json\/wp\/v2\/users\/2"}],"replies":[{"embeddable":true,"href":"https:\/\/www.europesays.com\/fr\/wp-json\/wp\/v2\/comments?post=365922"}],"version-history":[{"count":0,"href":"https:\/\/www.europesays.com\/fr\/wp-json\/wp\/v2\/posts\/365922\/revisions"}],"wp:featuredmedia":[{"embeddable":true,"href":"https:\/\/www.europesays.com\/fr\/wp-json\/wp\/v2\/media\/365923"}],"wp:attachment":[{"href":"https:\/\/www.europesays.com\/fr\/wp-json\/wp\/v2\/media?parent=365922"}],"wp:term":[{"taxonomy":"category","embeddable":true,"href":"https:\/\/www.europesays.com\/fr\/wp-json\/wp\/v2\/categories?post=365922"},{"taxonomy":"post_tag","embeddable":true,"href":"https:\/\/www.europesays.com\/fr\/wp-json\/wp\/v2\/tags?post=365922"}],"curies":[{"name":"wp","href":"https:\/\/api.w.org\/{rel}","templated":true}]}}