{"id":365924,"date":"2025-09-04T15:02:21","date_gmt":"2025-09-04T15:02:21","guid":{"rendered":"https:\/\/www.europesays.com\/fr\/365924\/"},"modified":"2025-09-04T15:02:21","modified_gmt":"2025-09-04T15:02:21","slug":"comment-faire-sa-rentree-quand-on-vit-dehors-temoignages-de-jeunes-migrants-a-rennes","status":"publish","type":"post","link":"https:\/\/www.europesays.com\/fr\/365924\/","title":{"rendered":"Comment faire sa rentr\u00e9e quand on vit dehors ? T\u00e9moignages de jeunes migrants \u00e0 Rennes"},"content":{"rendered":"<p class=\"block date\" id=\"dateEtAuteur\">Publi\u00e9 : 15h44 &#8211; Modifi\u00e9 : 15h47 No\u00eblline  GARON <\/p>\n<p><img decoding=\"async\" class=\"\" style=\"width:100%\" src=\"https:\/\/www.europesays.com\/fr\/wp-content\/uploads\/2025\/09\/Camp_Maurepas_11756969752859.jpeg\" alt=\"Des tentes dans le parc de Maurepas \u00e0 Rennes\"\/><\/p>\n<p>Des tentes dans le parc de Maurepas \u00e0 Rennes<\/p>\n<p>Cr\u00e9dit : No\u00eblline Garon<\/p>\n<p>Plus de 330 personnes vivent dans des conditions pr\u00e9caires dans le parc de Maurepas \u00e0 Rennes. Dans ce campement de migrants, pr\u00e8s de 80 mineurs dorment dehors. Comment faire sa rentr\u00e9e quand on vit dans une tente ? Reportage de No\u00eblline Garon. <\/p>\n<p>Des tentes \u00e0 perte de vue. Plus de 330 personnes sont pr\u00e9sentes actuellement dans le parc de Maurepas \u00e0 Rennes, en Ille-et-Vilaine. Parmi eux, des migrants, des familles et pr\u00e8s de 80 enfants qui vivent dehors.<\/p>\n<blockquote><p>\nLa difficult\u00e9 de travailler au campement\n<\/p><\/blockquote>\n<p>Des nourrissons, des \u00e9coliers et coll\u00e9giens&#8230; Certains ont pu faire leur rentr\u00e9e cette semaine, dans des conditions de vie pr\u00e9caire. Originaire de G\u00e9orgie, Tako est en sixi\u00e8me : \u00ab\u00a0il n&rsquo;y a pas de lumi\u00e8re, pas d&rsquo;\u00e9lectricit\u00e9, pour faire les devoirs le soir, \u00e7a va \u00eatre compliqu\u00e9. Il y a des gens qui se disputent dans les tentes \u00e0 c\u00f4t\u00e9 \u00ab\u00a0.<\/p>\n<p>A ses c\u00f4t\u00e9s Ia rentr\u00e9e en troisi\u00e8me, et qui rencontre les m\u00eames difficult\u00e9s : \u00ab\u00a0on essaye de m\u00e9moriser \u00e0 l&rsquo;oral, mais dans des conditions comme \u00e7a, ce n&rsquo;est pas pratique d&rsquo;apprendre. <strong>On fait au mieux, avec ce qu&rsquo;on a. Je stresse, la troisi\u00e8me c&rsquo;est une ann\u00e9e importante avec le brevet.<\/strong> Il faut travailler encore plus\u00a0\u00bb.\u00a0<\/p>\n<p>\u00a0<\/p>\n<p>Tako et Ia, toutes deux coll\u00e9giennesTako et Ia, toutes deux coll\u00e9giennes <\/p>\n<p>Avant m\u00eame la rentr\u00e9e des classes, le collectif \u00e9l\u00e8ves prot\u00e9g\u00e9s de Rennes alertait sur la situation plus que pr\u00e9caire de ces jeunes. S\u00e9verine fait le tour du campement pour s&rsquo;assurer que les enfants aillent bien \u00e0 l&rsquo;\u00e9cole.<\/p>\n<blockquote><p>\nUne promiscuit\u00e9 importante\n<\/p><\/blockquote>\n<p>\u00ab\u00a0Il faut prot\u00e9ger les enfants de ce qu&rsquo;il peut se passer autour d&rsquo;eux. Il faut quand m\u00eame imaginer des tentes et une population o\u00f9 les c\u00e9libataires sont m\u00e9lang\u00e9s avec les familles. Les origines sont diverses, avec des habitudes diff\u00e9rentes, de cuisine, de rythme, et de fa\u00e7on d&rsquo;\u00e9lever les enfants. Cette promiscuit\u00e9 n&rsquo;aide pas. Nous on est parent d&rsquo;\u00e9l\u00e8ve, on ne va pas aller gratter des situations adiministratives complexes. Les enfants sont l\u00e0, ils ne l&rsquo;ont pas souhait\u00e9. On veut seulement qu&rsquo;ils aient un toit\u00a0\u00bb.<\/p>\n<p>S\u00e9verine, membre du collectif \u00e9l\u00e8ves prot\u00e9g\u00e9es de RennesS\u00e9verine, membre du collectif \u00e9l\u00e8ves prot\u00e9g\u00e9es de Rennes<img decoding=\"async\" class=\"\" style=\"width:100%\" src=\"https:\/\/www.europesays.com\/fr\/wp-content\/uploads\/2025\/09\/Camp_Maurepas_21756973253237.jpeg\" alt=\"Campement de Maurepas\"\/><\/p>\n<p>Campement de Maurepas<\/p>\n<p>Cr\u00e9dit : No\u00eblline Garon<\/p>\n<p>De son c\u00f4t\u00e9, la pr\u00e9fecture d&rsquo;Ille-et-Vilaine rappelle que depuis le d\u00e9but de l\u2019ann\u00e9e, 328 personnes ont \u00e9t\u00e9 admises dans un dispositif d\u2019h\u00e9bergement ou d\u2019insertion sp\u00e9cialis\u00e9 financ\u00e9 par l\u2019\u00c9tat.<\/p>\n<p>\u00ab\u00a0Pour les personnes \u00e9trang\u00e8res en situation irr\u00e9guli\u00e8re et sous obligation de quitter le territoire fran\u00e7ais, leur h\u00e9bergement n\u2019est possible que dans des circonstances exceptionnelles, juridiquement tr\u00e8s pr\u00e9cises\u00a0\u00bb, conclut la pr\u00e9fecture.\u00a0<\/p>\n","protected":false},"excerpt":{"rendered":"Publi\u00e9 : 15h44 &#8211; Modifi\u00e9 : 15h47 No\u00eblline GARON Des tentes dans le parc de Maurepas \u00e0 Rennes&hellip;\n","protected":false},"author":2,"featured_media":365925,"comment_status":"","ping_status":"","sticky":false,"template":"","format":"standard","meta":{"footnotes":""},"categories":[2821],"tags":[1111,11,829,50039,50041,50040,1777,674,1011,27,848,1251,12,50044,10181,50043,584,50042,10918,25],"class_list":{"0":"post-365924","1":"post","2":"type-post","3":"status-publish","4":"format-standard","5":"has-post-thumbnail","7":"category-rennes","8":"tag-actu","9":"tag-actualites","10":"tag-bretagne","11":"tag-camp-maurepas","12":"tag-campement-migrants","13":"tag-collectif-eleves-proteges-rennes","14":"tag-eu","15":"tag-europe","16":"tag-fr","17":"tag-france","18":"tag-ille-et-vilaine","19":"tag-migrants","20":"tag-news","21":"tag-parc-de-maurepas","22":"tag-precarite","23":"tag-prefecture-ille-et-vilaine","24":"tag-rennes","25":"tag-rentree-des-classes","26":"tag-rentree-scolaire","27":"tag-republique-francaise"},"share_on_mastodon":{"url":"https:\/\/pubeurope.com\/@fr\/115146637346153213","error":""},"_links":{"self":[{"href":"https:\/\/www.europesays.com\/fr\/wp-json\/wp\/v2\/posts\/365924","targetHints":{"allow":["GET"]}}],"collection":[{"href":"https:\/\/www.europesays.com\/fr\/wp-json\/wp\/v2\/posts"}],"about":[{"href":"https:\/\/www.europesays.com\/fr\/wp-json\/wp\/v2\/types\/post"}],"author":[{"embeddable":true,"href":"https:\/\/www.europesays.com\/fr\/wp-json\/wp\/v2\/users\/2"}],"replies":[{"embeddable":true,"href":"https:\/\/www.europesays.com\/fr\/wp-json\/wp\/v2\/comments?post=365924"}],"version-history":[{"count":0,"href":"https:\/\/www.europesays.com\/fr\/wp-json\/wp\/v2\/posts\/365924\/revisions"}],"wp:featuredmedia":[{"embeddable":true,"href":"https:\/\/www.europesays.com\/fr\/wp-json\/wp\/v2\/media\/365925"}],"wp:attachment":[{"href":"https:\/\/www.europesays.com\/fr\/wp-json\/wp\/v2\/media?parent=365924"}],"wp:term":[{"taxonomy":"category","embeddable":true,"href":"https:\/\/www.europesays.com\/fr\/wp-json\/wp\/v2\/categories?post=365924"},{"taxonomy":"post_tag","embeddable":true,"href":"https:\/\/www.europesays.com\/fr\/wp-json\/wp\/v2\/tags?post=365924"}],"curies":[{"name":"wp","href":"https:\/\/api.w.org\/{rel}","templated":true}]}}