{"id":365930,"date":"2025-09-04T15:05:10","date_gmt":"2025-09-04T15:05:10","guid":{"rendered":"https:\/\/www.europesays.com\/fr\/365930\/"},"modified":"2025-09-04T15:05:10","modified_gmt":"2025-09-04T15:05:10","slug":"elle-rachete-un-restaurant-et-vend-tout-ce-dont-elle-na-pas-besoin-a-petits-prix","status":"publish","type":"post","link":"https:\/\/www.europesays.com\/fr\/365930\/","title":{"rendered":"elle rach\u00e8te un restaurant et vend tout ce dont elle n\u2019a pas besoin \u00e0 petits prix"},"content":{"rendered":"<p>            Par<br \/>\n        <strong><br \/>\n            <a href=\"https:\/\/actu.fr\/auteur\/ivan-capecchi\" title=\"Consulter tous les articles de Ivan CAPECCHI\" target=\"_blank\" rel=\"noopener\">Ivan CAPECCHI<\/a><br \/>\n        <\/strong><\/p>\n<p>        Publi\u00e9 le<\/p>\n<p>            4 sept. 2025 \u00e0 16h24        <\/p>\n<p>Samedi 6 septembre, de 10h \u00e0 16h, un grand<strong> vide local<\/strong> est organis\u00e9 <strong>3 rue Thiergarten<\/strong>, \u00e0 <strong>Strasbourg<\/strong>, par Marine, une p\u00e2tissi\u00e8re de 30 ans qui a rachet\u00e9 un <a href=\"https:\/\/actu.fr\/tag\/restaurant\" target=\"_blank\" rel=\"noopener\">restaurant<\/a> pour ouvrir prochainement un <a href=\"https:\/\/actu.fr\/grand-est\/strasbourg_67482\/a-strasbourg-marine-ouvre-un-salon-de-the-en-hommage-a-son-arriere-grand-mere-albertine_63116307.html\" target=\"_blank\" rel=\"noopener\">salon de th\u00e9<\/a>.<\/p>\n<p class=\" wall-content\">Vaisselle, couverts, objets de d\u00e9coration, petit mobilier\u2026 tout doit dispara\u00eetre et sera propos\u00e9 <strong>\u00e0 \u00ab\u00a0petits prix\u00a0\u00bb<\/strong>, annonce la propri\u00e9taire.<\/p>\n<p>Les Merveilles d\u2019Albertine, un nouveau salon de th\u00e9 \u00e0 Strasbourg<\/p>\n<p class=\" wall-content\">L\u2019\u00e9v\u00e9nement marque la premi\u00e8re \u00e9tape d\u2019un projet plus vaste : l\u2019ouverture en novembre des <strong>Merveilles d\u2019Albertine<\/strong>, un <strong>salon de th\u00e9 au d\u00e9cor vintage<\/strong>, inspir\u00e9 notamment d\u2019Alice aux pays des merveilles.<\/p>\n<p class=\" wall-content\">Marine y proposera<strong> g\u00e2teaux traditionnels<\/strong> (fondants, madeleines, cookies, entremets\u2026), avec du choix <strong>vegan<\/strong> et <strong>sans gluten<\/strong>, ainsi qu\u2019une formule tea time et des brunchs.<\/p>\n<p class=\" wall-content\">Personnalisez votre actualit\u00e9 en ajoutant vos villes et m\u00e9dias en favori avec <a href=\"https:\/\/moncompte.actu.fr\" title=\"D\u00e9couvez Mon Actu\" rel=\"nofollow noopener\" data-trk=\"{&quot;cta&quot;:{&quot;action&quot;:&quot;https:\\\/\\\/moncompte.actu.fr&quot;,&quot;category&quot;:&quot;mon compte&quot;,&quot;from&quot;:&quot;article footer&quot;,&quot;name&quot;:&quot;Mon actu&quot;,&quot;type&quot;:&quot;cta&quot;}}\" target=\"_blank\">Mon Actu<\/a>.<\/p>\n","protected":false},"excerpt":{"rendered":"Par Ivan CAPECCHI Publi\u00e9 le 4 sept. 2025 \u00e0 16h24 Samedi 6 septembre, de 10h \u00e0 16h, un&hellip;\n","protected":false},"author":2,"featured_media":365931,"comment_status":"","ping_status":"","sticky":false,"template":"","format":"standard","meta":{"footnotes":""},"categories":[2820],"tags":[1111,11,13978,1777,674,1011,27,775,12,25,104,640],"class_list":{"0":"post-365930","1":"post","2":"type-post","3":"status-publish","4":"format-standard","5":"has-post-thumbnail","7":"category-strasbourg","8":"tag-actu","9":"tag-actualites","10":"tag-bons-plans-a-strasbourg","11":"tag-eu","12":"tag-europe","13":"tag-fr","14":"tag-france","15":"tag-grand-est","16":"tag-news","17":"tag-republique-francaise","18":"tag-societe","19":"tag-strasbourg"},"share_on_mastodon":{"url":"https:\/\/pubeurope.com\/@fr\/115146648821802974","error":""},"_links":{"self":[{"href":"https:\/\/www.europesays.com\/fr\/wp-json\/wp\/v2\/posts\/365930","targetHints":{"allow":["GET"]}}],"collection":[{"href":"https:\/\/www.europesays.com\/fr\/wp-json\/wp\/v2\/posts"}],"about":[{"href":"https:\/\/www.europesays.com\/fr\/wp-json\/wp\/v2\/types\/post"}],"author":[{"embeddable":true,"href":"https:\/\/www.europesays.com\/fr\/wp-json\/wp\/v2\/users\/2"}],"replies":[{"embeddable":true,"href":"https:\/\/www.europesays.com\/fr\/wp-json\/wp\/v2\/comments?post=365930"}],"version-history":[{"count":0,"href":"https:\/\/www.europesays.com\/fr\/wp-json\/wp\/v2\/posts\/365930\/revisions"}],"wp:featuredmedia":[{"embeddable":true,"href":"https:\/\/www.europesays.com\/fr\/wp-json\/wp\/v2\/media\/365931"}],"wp:attachment":[{"href":"https:\/\/www.europesays.com\/fr\/wp-json\/wp\/v2\/media?parent=365930"}],"wp:term":[{"taxonomy":"category","embeddable":true,"href":"https:\/\/www.europesays.com\/fr\/wp-json\/wp\/v2\/categories?post=365930"},{"taxonomy":"post_tag","embeddable":true,"href":"https:\/\/www.europesays.com\/fr\/wp-json\/wp\/v2\/tags?post=365930"}],"curies":[{"name":"wp","href":"https:\/\/api.w.org\/{rel}","templated":true}]}}